{"id":8635,"date":"2015-05-29T23:59:13","date_gmt":"2015-05-29T22:59:13","guid":{"rendered":"http:\/\/www.ffbs.at\/blog\/?p=8635"},"modified":"2015-06-07T06:25:50","modified_gmt":"2015-06-07T05:25:50","slug":"feuerwehrfest-freitag","status":"publish","type":"post","link":"https:\/\/www.ffbs.at\/blog\/feuerwehrfest-freitag\/8635\/","title":{"rendered":"Feuerwehrfest &#8211; Freitag &#8211; R\u00fcckblick"},"content":{"rendered":"ngg_shortcode_0_placeholder\n<p>Am Freitag den 29. Mai 2015 lud die Freiwillige Feuerwehr Baden-Stadt zum 21. Feuerwehrfest in die Grabengasse.<\/p>\n<p>W\u00e4hrend der Festbetrieb im Feuerwehrhaus und in der Grabengasse ab 17:00 Uhr begann, folgte gegen 19:30 Uhr die offizielle Er\u00f6ffnung im Beisein zahlreicher Fest- und Ehreng\u00e4ste. Nach Gru\u00dfworten von Bezirkshauptmann Dr. Heinz Zimper und B\u00fcrgermeister KR Kurt Staska folgte der Bierfassanstich, den B\u00fcrgermeister Staska durch Gemeinder\u00e4tin Annabella Kro, anl\u00e4sslich ihres Geburtstages vornehmen lie\u00df.<\/p>\n<p>Der n\u00e4chste H\u00f6hepunkt war die Verlosung der Quizspielpreise, darunter die Hauptpreise des Tages, ein Geschenkkorb von BGM KR Staska, ein Geschenkkorb von Vize-BGMIN LAbg.Dr. Helga Krismer und ein Gutschein f\u00fcr eine Ballonfahrt vom Restaurant Amterl.<\/p>\n<p>Danach wurde im Festzelt und in der Brandraum-Bar bis in die Nacht weiter gefeiert.<\/p>\n<p><a href=\"http:\/\/www.ffbs.at\/blog\/wp-content\/uploads\/2015\/06\/Danke-fuer-Ihre-Unterstuetzung.jpg\"><img fetchpriority=\"high\" decoding=\"async\" class=\"aligncenter wp-image-9392\" src=\"http:\/\/www.ffbs.at\/blog\/wp-content\/uploads\/2015\/06\/Danke-fuer-Ihre-Unterstuetzung.jpg\" alt=\"Danke - fuer Ihre Unterstuetzung\" width=\"700\" height=\"221\" srcset=\"https:\/\/www.ffbs.at\/blog\/wp-content\/uploads\/2015\/06\/Danke-fuer-Ihre-Unterstuetzung.jpg 900w, https:\/\/www.ffbs.at\/blog\/wp-content\/uploads\/2015\/06\/Danke-fuer-Ihre-Unterstuetzung-350x110.jpg 350w\" sizes=\"(max-width: 700px) 100vw, 700px\" \/><\/a><\/p>\n<p>Fotocredit: Freiwillige Feuerwehr Baden-Stadt \/ www.ffbs.at<br \/>\nngg_shortcode_1_placeholder<\/p>\n","protected":false},"excerpt":{"rendered":"<p>Am Freitag den 29. Mai 2015 lud die Freiwillige Feuerwehr Baden-Stadt zum 21. Feuerwehrfest in die Grabengasse. W\u00e4hrend der Festbetrieb [&hellip;]<\/p>\n","protected":false},"author":2,"featured_media":0,"comment_status":"open","ping_status":"closed","sticky":false,"template":"","format":"standard","meta":{"_uag_custom_page_level_css":"","site-sidebar-layout":"default","site-content-layout":"","ast-site-content-layout":"default","site-content-style":"default","site-sidebar-style":"default","ast-global-header-display":"","ast-banner-title-visibility":"","ast-main-header-display":"","ast-hfb-above-header-display":"","ast-hfb-below-header-display":"","ast-hfb-mobile-header-display":"","site-post-title":"","ast-breadcrumbs-content":"","ast-featured-img":"","footer-sml-layout":"","ast-disable-related-posts":"","theme-transparent-header-meta":"","adv-header-id-meta":"","stick-header-meta":"","header-above-stick-meta":"","header-main-stick-meta":"","header-below-stick-meta":"","astra-migrate-meta-layouts":"default","ast-page-background-enabled":"default","ast-page-background-meta":{"desktop":{"background-color":"var(--ast-global-color-4)","background-image":"","background-repeat":"repeat","background-position":"center center","background-size":"auto","background-attachment":"scroll","background-type":"","background-media":"","overlay-type":"","overlay-color":"","overlay-opacity":"","overlay-gradient":""},"tablet":{"background-color":"","background-image":"","background-repeat":"repeat","background-position":"center center","background-size":"auto","background-attachment":"scroll","background-type":"","background-media":"","overlay-type":"","overlay-color":"","overlay-opacity":"","overlay-gradient":""},"mobile":{"background-color":"","background-image":"","background-repeat":"repeat","background-position":"center center","background-size":"auto","background-attachment":"scroll","background-type":"","background-media":"","overlay-type":"","overlay-color":"","overlay-opacity":"","overlay-gradient":""}},"ast-content-background-meta":{"desktop":{"background-color":"var(--ast-global-color-5)","background-image":"","background-repeat":"repeat","background-position":"center center","background-size":"auto","background-attachment":"scroll","background-type":"","background-media":"","overlay-type":"","overlay-color":"","overlay-opacity":"","overlay-gradient":""},"tablet":{"background-color":"var(--ast-global-color-5)","background-image":"","background-repeat":"repeat","background-position":"center center","background-size":"auto","background-attachment":"scroll","background-type":"","background-media":"","overlay-type":"","overlay-color":"","overlay-opacity":"","overlay-gradient":""},"mobile":{"background-color":"var(--ast-global-color-5)","background-image":"","background-repeat":"repeat","background-position":"center center","background-size":"auto","background-attachment":"scroll","background-type":"","background-media":"","overlay-type":"","overlay-color":"","overlay-opacity":"","overlay-gradient":""}},"ngg_post_thumbnail":0,"footnotes":""},"categories":[3,1,5],"tags":[],"class_list":["post-8635","post","type-post","status-publish","format-standard","hentry","category-aktuelles","category-allgemein","category-veranstaltungen"],"uagb_featured_image_src":{"full":false,"thumbnail":false,"medium":false,"medium_large":false,"large":false,"1536x1536":false,"2048x2048":false,"tp-image-grid":false},"uagb_author_info":{"display_name":"Michael Rampl","author_link":"https:\/\/www.ffbs.at\/blog\/author\/rampl\/"},"uagb_comment_info":0,"uagb_excerpt":"Am Freitag den 29. Mai 2015 lud die Freiwillige Feuerwehr Baden-Stadt zum 21. Feuerwehrfest in die Grabengasse. W\u00e4hrend der Festbetrieb [&hellip;]","rttpg_featured_image_url":null,"rttpg_author":{"display_name":"Michael Rampl","author_link":"https:\/\/www.ffbs.at\/blog\/author\/rampl\/"},"rttpg_comment":0,"rttpg_category":"<a href=\"https:\/\/www.ffbs.at\/blog\/category\/aktuelles\/\" rel=\"category tag\">Aktuelles<\/a> <a href=\"https:\/\/www.ffbs.at\/blog\/category\/allgemein\/\" rel=\"category tag\">Allgemein<\/a> <a href=\"https:\/\/www.ffbs.at\/blog\/category\/veranstaltungen\/\" rel=\"category tag\">Veranstaltungen<\/a>","rttpg_excerpt":"Am Freitag den 29. Mai 2015 lud die Freiwillige Feuerwehr Baden-Stadt zum 21. Feuerwehrfest in die Grabengasse. W\u00e4hrend der Festbetrieb [&hellip;]","_links":{"self":[{"href":"https:\/\/www.ffbs.at\/blog\/wp-json\/wp\/v2\/posts\/8635","targetHints":{"allow":["GET"]}}],"collection":[{"href":"https:\/\/www.ffbs.at\/blog\/wp-json\/wp\/v2\/posts"}],"about":[{"href":"https:\/\/www.ffbs.at\/blog\/wp-json\/wp\/v2\/types\/post"}],"author":[{"embeddable":true,"href":"https:\/\/www.ffbs.at\/blog\/wp-json\/wp\/v2\/users\/2"}],"replies":[{"embeddable":true,"href":"https:\/\/www.ffbs.at\/blog\/wp-json\/wp\/v2\/comments?post=8635"}],"version-history":[{"count":7,"href":"https:\/\/www.ffbs.at\/blog\/wp-json\/wp\/v2\/posts\/8635\/revisions"}],"predecessor-version":[{"id":9395,"href":"https:\/\/www.ffbs.at\/blog\/wp-json\/wp\/v2\/posts\/8635\/revisions\/9395"}],"wp:attachment":[{"href":"https:\/\/www.ffbs.at\/blog\/wp-json\/wp\/v2\/media?parent=8635"}],"wp:term":[{"taxonomy":"category","embeddable":true,"href":"https:\/\/www.ffbs.at\/blog\/wp-json\/wp\/v2\/categories?post=8635"},{"taxonomy":"post_tag","embeddable":true,"href":"https:\/\/www.ffbs.at\/blog\/wp-json\/wp\/v2\/tags?post=8635"}],"curies":[{"name":"wp","href":"https:\/\/api.w.org\/{rel}","templated":true}]}}