{"id":584,"date":"2011-10-09T23:59:10","date_gmt":"2011-10-09T21:59:10","guid":{"rendered":"http:\/\/www.ffbs.at\/blog\/?p=584"},"modified":"2013-09-15T20:30:21","modified_gmt":"2013-09-15T18:30:21","slug":"jugendlicher-in-schliesfach-eingesperrt","status":"publish","type":"post","link":"https:\/\/www.ffbs.at\/blog\/jugendlicher-in-schliesfach-eingesperrt\/584\/","title":{"rendered":"Jugendlicher in Schlie\u00dffach eingesperrt"},"content":{"rendered":"<p><strong>ngg_shortcode_0_placeholderVermutlich wegen einer Mutprobe, sperrte sich ein Jugendlicher am Sonntag-Nachmittag am Bahnhof Baden in einem Gep\u00e4ckschlie\u00dffach ein. Da sich das Schlie\u00dffach nicht mehr \u00f6ffnen lie\u00df alarmierten seine Freunde die Feuerwehr um den gefangenen Jugendlichen zu befreien.<\/strong> Am Sonntag den 09.10.2011 gegen 16:00 Uhr wurde die Freiwillige Feuerwehr Baden-Stadt zu einer Personenrettung alarmiert. Ein Jugendlicher hatte sich in einem Gep\u00e4ckschlie\u00dffach am Bahnhof Baden eingeschlossen.<\/p>\n<p>Beim Eintreffen der Freiw. Feuerwehr Baden-Stadt war der Jugendliche im Schlie\u00dffach ansprechbar. Da es keine andere M\u00f6glichkeit zur Befreiung des eingeschlossenen gab, mussten die Feuerwehrleute das Schlie\u00dffach gewaltsam mit Brechwerkzeugen \u00f6ffnen. Binnen weniger Minuten konnten die Feuerwehrleute das Schlie\u00dffach \u00f6ffnen und den Jugendlichen wohlauf befreien.<\/p>\n<p>Anmerkung:<br \/>\nSchon im Juli 2009 sperrte sich ein anderer Jugendlicher in genau demselben Schlie\u00dffach ein<\/p>\n<p>Eingesetzte Kr\u00e4fte:<br \/>\n2 R\u00fcstfahrzeuge und 1 R\u00fcstl\u00f6schfahrzeug der Freiw. Feuerwehr Baden-Stadt<\/p>\n<p>Fotocredit: \u00a9 Freiw. Feuerwehr Baden-Stadt &#8211; Michael Schimmer<\/p>\n<p>Medienlinks:<a href=\"http:\/\/noe.orf.at\/news\/stories\/2504853\/\" target=\"_blank\">orf.at<\/a>\u00a0 <a href=\"http:\/\/www.krone.at\/Oesterreich\/Tuer_klemmte_Bub_von_Florianis_aus_Schliessfach_befreit-Am_Bahnhof_Baden-Story-298698\" target=\"_blank\">krone.at<\/a>\u00a0 <a href=\"http:\/\/www.heute.at\/news\/oesterreich\/noe\/art23654,609145\" target=\"_blank\">heute.at<\/a>\u00a0\u00a0 <a href=\"http:\/\/www.fireworld.at\/cms\/story.php?id=36270&amp;menu=4\" target=\"_blank\">fireworld.at<\/a>\u00a0\u00a0 <a href=\"http:\/\/www.facebook.com\/photo.php?fbid=262301373808197&amp;set=a.129248087113527.10952.127256387312697\" target=\"_blank\">Feuerwehrmagzin Brennpunkt (via fb)<\/a>\u00a0 <a href=\"http:\/\/www.news.at\/articles\/1141\/10\/308978\/feuerwehreinsatz-baden-im-grusel-schliessfach\" target=\"_blank\">news.at<\/a>\u00a0\u00a0 <a href=\"http:\/\/derstandard.at\/1317019778766\/Baden-Feuerwehr-rettet-Burschen-aus-Schliessfach\" target=\"_blank\">derstandard.at<\/a> \u00a0 <a href=\"http:\/\/www.regionews.at\/?set_ActivMenu=286&amp;special=details&amp;News_ID=25386\" target=\"_blank\">regionews.at<\/a> \u00a0 <a href=\"http:\/\/www.oe24.at\/oesterreich\/chronik\/Teenager-liess-sich-in-Schliessfach-sperren\/42782956\" target=\"_blank\">oe24.at<\/a> \u00a0 <a href=\"http:\/\/www.kleinezeitung.at\/nachrichten\/chronik\/2850865\/feuerwehr-befreite-jugendlichen-schliessfach.story\" target=\"_blank\">kleinezeitung.at<\/a>\u00a0 <a href=\"http:\/\/www.austria.com\/feuerwehr-befreite-jugendlichen-aus-schliessfach\/apa-1145507142\" target=\"_blank\">austria.com<\/a> \u00a0\u00a0\u00a0 <a href=\"http:\/\/relevant.at\/chronik\/oesterreich\/269936\/feuerwehr-befreite-jugendlichen-schliessfach.story\" target=\"_blank\">relevant.at<\/a>\u00a0\u00a0 <a href=\"http:\/\/www.noen.at\/lokales\/noe-uebersicht\/baden\/aktuell\/Jugendlicher-liess-sich-in-Gepaeckschliessfach-einsperren;art2427,350852\" target=\"_blank\">N\u00d6N<\/a>\u00a0\u00a0 <a href=\"http:\/\/www.wax.at\/modules.php?name=News&amp;file=article&amp;sid=43374&amp;mode=flat&amp;order=0&amp;thold=-1\" target=\"_blank\">wax.at<\/a>\u00a0\u00a0 <a href=\"http:\/\/www.feuerwehrobjektiv.at\/einsaetze\/technische-einsaetze\/12284-jugendlicher-in-schliessfach-eingesperrt\" target=\"_blank\">feuerwehrobjektiv.at<\/a><\/p>\nngg_shortcode_1_placeholder\n","protected":false},"excerpt":{"rendered":"<p>Vermutlich wegen einer Mutprobe, sperrte sich ein Jugendlicher am Sonntag-Nachmittag am Bahnhof Baden in einem Gep\u00e4ckschlie\u00dffach ein. Da sich das [&hellip;]<\/p>\n","protected":false},"author":2,"featured_media":0,"comment_status":"open","ping_status":"closed","sticky":false,"template":"","format":"standard","meta":{"_uag_custom_page_level_css":"","site-sidebar-layout":"default","site-content-layout":"","ast-site-content-layout":"default","site-content-style":"default","site-sidebar-style":"default","ast-global-header-display":"","ast-banner-title-visibility":"","ast-main-header-display":"","ast-hfb-above-header-display":"","ast-hfb-below-header-display":"","ast-hfb-mobile-header-display":"","site-post-title":"","ast-breadcrumbs-content":"","ast-featured-img":"","footer-sml-layout":"","ast-disable-related-posts":"","theme-transparent-header-meta":"","adv-header-id-meta":"","stick-header-meta":"","header-above-stick-meta":"","header-main-stick-meta":"","header-below-stick-meta":"","astra-migrate-meta-layouts":"default","ast-page-background-enabled":"default","ast-page-background-meta":{"desktop":{"background-color":"var(--ast-global-color-4)","background-image":"","background-repeat":"repeat","background-position":"center center","background-size":"auto","background-attachment":"scroll","background-type":"","background-media":"","overlay-type":"","overlay-color":"","overlay-opacity":"","overlay-gradient":""},"tablet":{"background-color":"","background-image":"","background-repeat":"repeat","background-position":"center center","background-size":"auto","background-attachment":"scroll","background-type":"","background-media":"","overlay-type":"","overlay-color":"","overlay-opacity":"","overlay-gradient":""},"mobile":{"background-color":"","background-image":"","background-repeat":"repeat","background-position":"center center","background-size":"auto","background-attachment":"scroll","background-type":"","background-media":"","overlay-type":"","overlay-color":"","overlay-opacity":"","overlay-gradient":""}},"ast-content-background-meta":{"desktop":{"background-color":"var(--ast-global-color-5)","background-image":"","background-repeat":"repeat","background-position":"center center","background-size":"auto","background-attachment":"scroll","background-type":"","background-media":"","overlay-type":"","overlay-color":"","overlay-opacity":"","overlay-gradient":""},"tablet":{"background-color":"var(--ast-global-color-5)","background-image":"","background-repeat":"repeat","background-position":"center center","background-size":"auto","background-attachment":"scroll","background-type":"","background-media":"","overlay-type":"","overlay-color":"","overlay-opacity":"","overlay-gradient":""},"mobile":{"background-color":"var(--ast-global-color-5)","background-image":"","background-repeat":"repeat","background-position":"center center","background-size":"auto","background-attachment":"scroll","background-type":"","background-media":"","overlay-type":"","overlay-color":"","overlay-opacity":"","overlay-gradient":""}},"ngg_post_thumbnail":0,"footnotes":""},"categories":[1],"tags":[63,123,122,7,121],"class_list":["post-584","post","type-post","status-publish","format-standard","hentry","category-allgemein","tag-bahnhof","tag-leichtsinn","tag-menschenrettung","tag-personenrettung","tag-schliesfach"],"uagb_featured_image_src":{"full":false,"thumbnail":false,"medium":false,"medium_large":false,"large":false,"1536x1536":false,"2048x2048":false,"tp-image-grid":false},"uagb_author_info":{"display_name":"Michael Rampl","author_link":"https:\/\/www.ffbs.at\/blog\/author\/rampl\/"},"uagb_comment_info":0,"uagb_excerpt":"Vermutlich wegen einer Mutprobe, sperrte sich ein Jugendlicher am Sonntag-Nachmittag am Bahnhof Baden in einem Gep\u00e4ckschlie\u00dffach ein. Da sich das [&hellip;]","rttpg_featured_image_url":null,"rttpg_author":{"display_name":"Michael Rampl","author_link":"https:\/\/www.ffbs.at\/blog\/author\/rampl\/"},"rttpg_comment":0,"rttpg_category":"<a href=\"https:\/\/www.ffbs.at\/blog\/category\/allgemein\/\" rel=\"category tag\">Allgemein<\/a>","rttpg_excerpt":"Vermutlich wegen einer Mutprobe, sperrte sich ein Jugendlicher am Sonntag-Nachmittag am Bahnhof Baden in einem Gep\u00e4ckschlie\u00dffach ein. Da sich das [&hellip;]","_links":{"self":[{"href":"https:\/\/www.ffbs.at\/blog\/wp-json\/wp\/v2\/posts\/584","targetHints":{"allow":["GET"]}}],"collection":[{"href":"https:\/\/www.ffbs.at\/blog\/wp-json\/wp\/v2\/posts"}],"about":[{"href":"https:\/\/www.ffbs.at\/blog\/wp-json\/wp\/v2\/types\/post"}],"author":[{"embeddable":true,"href":"https:\/\/www.ffbs.at\/blog\/wp-json\/wp\/v2\/users\/2"}],"replies":[{"embeddable":true,"href":"https:\/\/www.ffbs.at\/blog\/wp-json\/wp\/v2\/comments?post=584"}],"version-history":[{"count":3,"href":"https:\/\/www.ffbs.at\/blog\/wp-json\/wp\/v2\/posts\/584\/revisions"}],"predecessor-version":[{"id":594,"href":"https:\/\/www.ffbs.at\/blog\/wp-json\/wp\/v2\/posts\/584\/revisions\/594"}],"wp:attachment":[{"href":"https:\/\/www.ffbs.at\/blog\/wp-json\/wp\/v2\/media?parent=584"}],"wp:term":[{"taxonomy":"category","embeddable":true,"href":"https:\/\/www.ffbs.at\/blog\/wp-json\/wp\/v2\/categories?post=584"},{"taxonomy":"post_tag","embeddable":true,"href":"https:\/\/www.ffbs.at\/blog\/wp-json\/wp\/v2\/tags?post=584"}],"curies":[{"name":"wp","href":"https:\/\/api.w.org\/{rel}","templated":true}]}}