{"id":45186,"date":"2023-06-20T23:59:00","date_gmt":"2023-06-20T22:59:00","guid":{"rendered":"https:\/\/www.ffbs.at\/blog\/?p=45186"},"modified":"2023-06-29T13:23:59","modified_gmt":"2023-06-29T12:23:59","slug":"4-einsaetze-an-einem-tag","status":"publish","type":"post","link":"https:\/\/www.ffbs.at\/blog\/4-einsaetze-an-einem-tag\/45186\/","title":{"rendered":"4 Eins\u00e4tze an einem Tag!"},"content":{"rendered":"\n<p><strong>Dienstag der 20. Juni 2023 forderte unsere freiwilligen Einsatzkr\u00e4fte, denn gleich zu 4 Eins\u00e4tzen musste wir tags\u00fcber ausr\u00fccken. Dabei konnten auch Mensch und Tier von der Feuerwehr gerettet werden.<\/strong><\/p>\n\n\n\n<p>Um 07.43 Uhr wurden wir von der Feuerwehr-Bereichsalarmzentrale Baden zu einer Tierrettung in der Tiefgarage einer Wohnhausanlage alarmiert mit dem Zusatz: \u201eKatze h\u00e4ngt in Schleuse fest\u201c. Ging man anf\u00e4nglich noch von etwas Schlimmeren aus, so konnte bei der Erkundung des Einsatzleiters jedoch schnell Entwarnung gegeben werden. Es konnte zwar eine Katze in der Schleuse zwischen dem Stiegenhaus Aufgang und der Garage aufgefunden werden, jedoch war sie weder eingeklemmt noch augenscheinlich verletzt. Sie kauerte regelrecht direkt hinter einer T\u00fcre und verblieb dort einfach.<br>Zur Abkl\u00e4rung wegen Besitzer wurde sie von unseren Leuten behutsam eingefangen und vorerst einmal verwahrt. Nach R\u00fccksprache des Feuerwehreinsatzleiters mit der Stadtpolizei und dem Versuch jemanden in der Wohnhausanlage ausfindig zu machen, brachten unsere freiwilligen Einsatzkr\u00e4fte den Stubentieger auch noch zum Badener Tierheim. Wo sich dann nach der\/die Besitzer auch gemeldet hatten.<\/p>\n\n\n\n<p>Bereits um 10.52 Uhr neuerlicher Alarm. Dieses Mal wurden wir in ein B\u00fcrogeb\u00e4ude alarmiert, wo eine Person am stillen \u00d6rtchen (WC) einfach nicht mehr die verschlossene T\u00fcre von innen \u00f6ffnen konnte. Mitarbeiter versuchten dann vergebens die T\u00fcre von au\u00dfen zu \u00f6ffnen. Deshalb bat man \u00fcber Notruf 122 die Feuerwehr um Hilfe. Die Mannschaft des ausger\u00fcckten Vorausfahrzeuges konnte dann die eingeschlossene Person aus dem WC befreien.<\/p>\n\n\n\n<p>Noch w\u00e4hrend der R\u00fcckfahrt ins Feuerwehrhaus bekamen sie gegen 11.15 Uhr \u00fcber Funk und in Folge auch \u00fcber die Alarmierung eine weitere Einsatzmeldung von der Alarmzentrale. Die Stadtpolizei forderte die \u00f6rtlich zust\u00e4ndige Feuerwehr zur Unterst\u00fctzung an. Im oberen Bereich der Welzergasse waren zwei B\u00e4ume umgeknickt und lagen quer \u00fcber die Stra\u00dfe auf einer Stromleitung. Umgehend wurde die weitere Einsatzstelle vom Vorausfahrzeug angefahren. Aufgrund der heruntergedr\u00fcckten Stromleitung verst\u00e4ndigte die Alarmzentrale auch sofort der Energieversorger. Deshalb entschied die Einsatzleitung in Absprache mit der anwesenden Streife der Stadtpolizei die Stra\u00dfe abzusperren und auf das Eintreffen des Energieversorgers abzuwarten.<\/p>\n\n\n\n<p>W\u00e4hrend der Wartezeit ereilte die Einsatzmannschaft bereits die n\u00e4chste Alarmierung an diesem Tag. Nun hie\u00df es in der bereits 4. Alarmierung: T\u00fcr\u00f6ffnung \u2013 Unfall in Wohnung wird vermutet. Da Menschenleben nat\u00fcrlich vorrangig sind und die Stra\u00dfe in der Welzergasse bereits gesperrt war, r\u00fcckten alle verf\u00fcgbaren Kr\u00e4fte zu der weiteren Einsatzadresse im Stadtzentrum aus. Bei solch Eins\u00e4tzen wird nicht nur der Rettungsdienst und im Bedarfsfall die Feuerwehr alarmiert, sondern immer auch eine Polizeistreife entsendet. Hier stellte sich nach l\u00e4ngerer Recherche dann heraus, die vermeintlich hilflose Person war nicht zu Hause, sondern war wohlauf auf den Weg nach Wien.<\/p>\n\n\n\n<p>Anschlie\u00dfend wurde nochmals die Einsatzstelle in der Welzergasse angefahren, wo bereits der Energieversorger mit einem Hubsteiger und das Stadtgartenamt anwesend waren. Somit bestand die Aufgabe der Feuerwehr nur mehr in unterst\u00fctzenden T\u00e4tigkeiten.<\/p>\n\n\n\n<p class=\"has-small-font-size\"><br>Fotos: Freiwillige Feuerwehr Baden-Stadt \/ Michael Rampl \/ Manfred Mrvka \/ Sascha Detsch<br>Beitrag erststellt von Stefan Schneider<\/p>\n\n\n\nngg_shortcode_0_placeholder\n","protected":false},"excerpt":{"rendered":"<p>Dienstag der 20. Juni 2023 forderte unsere freiwilligen Einsatzkr\u00e4fte, denn gleich zu 4 Eins\u00e4tzen musste wir tags\u00fcber ausr\u00fccken. Dabei konnten [&hellip;]<\/p>\n","protected":false},"author":7,"featured_media":0,"comment_status":"closed","ping_status":"closed","sticky":false,"template":"","format":"standard","meta":{"_uag_custom_page_level_css":"","site-sidebar-layout":"default","site-content-layout":"","ast-site-content-layout":"default","site-content-style":"default","site-sidebar-style":"default","ast-global-header-display":"","ast-banner-title-visibility":"","ast-main-header-display":"","ast-hfb-above-header-display":"","ast-hfb-below-header-display":"","ast-hfb-mobile-header-display":"","site-post-title":"","ast-breadcrumbs-content":"","ast-featured-img":"","footer-sml-layout":"","ast-disable-related-posts":"","theme-transparent-header-meta":"","adv-header-id-meta":"","stick-header-meta":"","header-above-stick-meta":"","header-main-stick-meta":"","header-below-stick-meta":"","astra-migrate-meta-layouts":"default","ast-page-background-enabled":"default","ast-page-background-meta":{"desktop":{"background-color":"var(--ast-global-color-4)","background-image":"","background-repeat":"repeat","background-position":"center center","background-size":"auto","background-attachment":"scroll","background-type":"","background-media":"","overlay-type":"","overlay-color":"","overlay-opacity":"","overlay-gradient":""},"tablet":{"background-color":"","background-image":"","background-repeat":"repeat","background-position":"center center","background-size":"auto","background-attachment":"scroll","background-type":"","background-media":"","overlay-type":"","overlay-color":"","overlay-opacity":"","overlay-gradient":""},"mobile":{"background-color":"","background-image":"","background-repeat":"repeat","background-position":"center center","background-size":"auto","background-attachment":"scroll","background-type":"","background-media":"","overlay-type":"","overlay-color":"","overlay-opacity":"","overlay-gradient":""}},"ast-content-background-meta":{"desktop":{"background-color":"var(--ast-global-color-5)","background-image":"","background-repeat":"repeat","background-position":"center center","background-size":"auto","background-attachment":"scroll","background-type":"","background-media":"","overlay-type":"","overlay-color":"","overlay-opacity":"","overlay-gradient":""},"tablet":{"background-color":"var(--ast-global-color-5)","background-image":"","background-repeat":"repeat","background-position":"center center","background-size":"auto","background-attachment":"scroll","background-type":"","background-media":"","overlay-type":"","overlay-color":"","overlay-opacity":"","overlay-gradient":""},"mobile":{"background-color":"var(--ast-global-color-5)","background-image":"","background-repeat":"repeat","background-position":"center center","background-size":"auto","background-attachment":"scroll","background-type":"","background-media":"","overlay-type":"","overlay-color":"","overlay-opacity":"","overlay-gradient":""}},"ngg_post_thumbnail":0,"footnotes":""},"categories":[3,1,274],"tags":[],"class_list":["post-45186","post","type-post","status-publish","format-standard","hentry","category-aktuelles","category-allgemein","category-einsatzuebersicht"],"uagb_featured_image_src":{"full":false,"thumbnail":false,"medium":false,"medium_large":false,"large":false,"1536x1536":false,"2048x2048":false,"tp-image-grid":false},"uagb_author_info":{"display_name":"Stefan Schneider","author_link":"https:\/\/www.ffbs.at\/blog\/author\/stefan\/"},"uagb_comment_info":0,"uagb_excerpt":"Dienstag der 20. Juni 2023 forderte unsere freiwilligen Einsatzkr\u00e4fte, denn gleich zu 4 Eins\u00e4tzen musste wir tags\u00fcber ausr\u00fccken. Dabei konnten [&hellip;]","rttpg_featured_image_url":null,"rttpg_author":{"display_name":"Stefan Schneider","author_link":"https:\/\/www.ffbs.at\/blog\/author\/stefan\/"},"rttpg_comment":0,"rttpg_category":"<a href=\"https:\/\/www.ffbs.at\/blog\/category\/aktuelles\/\" rel=\"category tag\">Aktuelles<\/a> <a href=\"https:\/\/www.ffbs.at\/blog\/category\/allgemein\/\" rel=\"category tag\">Allgemein<\/a> <a href=\"https:\/\/www.ffbs.at\/blog\/category\/einsatzuebersicht\/\" rel=\"category tag\">Einsatz\u00fcbersicht<\/a>","rttpg_excerpt":"Dienstag der 20. Juni 2023 forderte unsere freiwilligen Einsatzkr\u00e4fte, denn gleich zu 4 Eins\u00e4tzen musste wir tags\u00fcber ausr\u00fccken. Dabei konnten [&hellip;]","_links":{"self":[{"href":"https:\/\/www.ffbs.at\/blog\/wp-json\/wp\/v2\/posts\/45186","targetHints":{"allow":["GET"]}}],"collection":[{"href":"https:\/\/www.ffbs.at\/blog\/wp-json\/wp\/v2\/posts"}],"about":[{"href":"https:\/\/www.ffbs.at\/blog\/wp-json\/wp\/v2\/types\/post"}],"author":[{"embeddable":true,"href":"https:\/\/www.ffbs.at\/blog\/wp-json\/wp\/v2\/users\/7"}],"replies":[{"embeddable":true,"href":"https:\/\/www.ffbs.at\/blog\/wp-json\/wp\/v2\/comments?post=45186"}],"version-history":[{"count":2,"href":"https:\/\/www.ffbs.at\/blog\/wp-json\/wp\/v2\/posts\/45186\/revisions"}],"predecessor-version":[{"id":45188,"href":"https:\/\/www.ffbs.at\/blog\/wp-json\/wp\/v2\/posts\/45186\/revisions\/45188"}],"wp:attachment":[{"href":"https:\/\/www.ffbs.at\/blog\/wp-json\/wp\/v2\/media?parent=45186"}],"wp:term":[{"taxonomy":"category","embeddable":true,"href":"https:\/\/www.ffbs.at\/blog\/wp-json\/wp\/v2\/categories?post=45186"},{"taxonomy":"post_tag","embeddable":true,"href":"https:\/\/www.ffbs.at\/blog\/wp-json\/wp\/v2\/tags?post=45186"}],"curies":[{"name":"wp","href":"https:\/\/api.w.org\/{rel}","templated":true}]}}