{"id":45094,"date":"2023-06-21T23:59:00","date_gmt":"2023-06-21T22:59:00","guid":{"rendered":"https:\/\/www.ffbs.at\/blog\/?p=45094"},"modified":"2024-01-14T11:06:20","modified_gmt":"2024-01-14T10:06:20","slug":"gemeinsame-einsatzuebung-feuerwehr-und-rettungsdienst-fuer-den-ernstfall","status":"publish","type":"post","link":"https:\/\/www.ffbs.at\/blog\/gemeinsame-einsatzuebung-feuerwehr-und-rettungsdienst-fuer-den-ernstfall\/45094\/","title":{"rendered":"Gemeinsame Einsatz\u00fcbung Feuerwehr und Rettungsdienst"},"content":{"rendered":"\n<p><strong>Verkehrsunfall auf der Schiestlstra\u00dfe, so lautete anfangs das Szenario der Einsatz\u00fcbung gemeinsam mit dem Badener Roten Kreuz.&nbsp;<\/strong><\/p>\n\n\n\n<p>Bereits auf Anfahrt wurden die Kr\u00e4fte durch Florian Baden (\u00dcbungsleitung) dar\u00fcber informiert, dass sich eventuell noch Personen im Fahrzeug befinden.<\/p>\n\n\n\n<p>Bereits wenige Augenblicke nachdem das VRF (Voraus R\u00fcst Fahrzeug) an der Einsatzstelle eingetroffen ist, konnte festgestellt wer das noch zwei Personen im Fahrzeug eingeklemmt sind.<\/p>\n\n\n\n<p>Da zu diesem Zeitpunkt noch keine Rettungskr\u00e4fte vor Ort waren, wurden die zwei Verletzten durch Feuerwehrm\u00e4nner erstversorgt.&nbsp;<\/p>\n\n\n\n<p>Rasch konnte festgestellt werden, dass eine Menschenrettung schnellstens durchgef\u00fchrt werden muss, da zum einen die Insassen schwer verletzt waren und das Unfallfahrzeug abzust\u00fcrzen drohte. Daher wurde umgehend das Fahrzeug gesichert und die Ger\u00e4tschaften zur Menschenrettung vorbereitet.<\/p>\n\n\n\n<p>Priorit\u00e4t Nummer eins war es, die Fahrzeuginsassen des verunfallten Fahrzeuges zu befreien. Daf\u00fcr wurde das Auto mit einer Seilwinde und Radkeilen gegen das Abrutschen gesichert, um anschlie\u00dfend eine sichere Arbeitsumgebung herzustellen, damit mit dem hydraulischen Rettungssatz vorgegangen werden kann.<\/p>\n\n\n\n<p>W\u00e4hrend die Ger\u00e4tschaften vorbereitet wurden, wurden die Insassen durch den bereits eingetroffenen Notarzt notfallmedizinisch versorgt und auf die schonende Rettung vorbereitet.<\/p>\n\n\n\n<p>Nach Absprache mit dem Notarzt wurden die Personen befreit und konnten durch gute Zusammenarbeit schonen aus dem Unfallwrack gerettet werden.<\/p>\n\n\n\n<p><strong><em>\u00dcbungen gemeinsam mit dem Rettungsdienst sind sehr wichtig, damit bei einem Ernstfall alle Handgriffe sitzen.<\/em><\/strong><\/p>\n\n\n\n<p class=\"has-small-font-size\">Bericht: Viktor van de Castell und Thomas Hanai<br>Fotos: Freiwillige Feuerwehr Baden-Stadt\/Christoph Maurer<\/p>\n\n\n\n<p class=\"has-small-font-size\">Beitrag erstellt durch Stefan Schneider<\/p>\n\n\n\nngg_shortcode_0_placeholder\n","protected":false},"excerpt":{"rendered":"<p>Verkehrsunfall auf der Schiestlstra\u00dfe, so lautete anfangs das Szenario der Einsatz\u00fcbung gemeinsam mit dem Badener Roten Kreuz.&nbsp; Bereits auf Anfahrt [&hellip;]<\/p>\n","protected":false},"author":7,"featured_media":48754,"comment_status":"closed","ping_status":"closed","sticky":false,"template":"","format":"standard","meta":{"_uag_custom_page_level_css":"","site-sidebar-layout":"default","site-content-layout":"","ast-site-content-layout":"default","site-content-style":"default","site-sidebar-style":"default","ast-global-header-display":"","ast-banner-title-visibility":"","ast-main-header-display":"","ast-hfb-above-header-display":"","ast-hfb-below-header-display":"","ast-hfb-mobile-header-display":"","site-post-title":"","ast-breadcrumbs-content":"","ast-featured-img":"","footer-sml-layout":"","ast-disable-related-posts":"","theme-transparent-header-meta":"","adv-header-id-meta":"","stick-header-meta":"","header-above-stick-meta":"","header-main-stick-meta":"","header-below-stick-meta":"","astra-migrate-meta-layouts":"default","ast-page-background-enabled":"default","ast-page-background-meta":{"desktop":{"background-color":"var(--ast-global-color-4)","background-image":"","background-repeat":"repeat","background-position":"center center","background-size":"auto","background-attachment":"scroll","background-type":"","background-media":"","overlay-type":"","overlay-color":"","overlay-opacity":"","overlay-gradient":""},"tablet":{"background-color":"","background-image":"","background-repeat":"repeat","background-position":"center center","background-size":"auto","background-attachment":"scroll","background-type":"","background-media":"","overlay-type":"","overlay-color":"","overlay-opacity":"","overlay-gradient":""},"mobile":{"background-color":"","background-image":"","background-repeat":"repeat","background-position":"center center","background-size":"auto","background-attachment":"scroll","background-type":"","background-media":"","overlay-type":"","overlay-color":"","overlay-opacity":"","overlay-gradient":""}},"ast-content-background-meta":{"desktop":{"background-color":"var(--ast-global-color-5)","background-image":"","background-repeat":"repeat","background-position":"center center","background-size":"auto","background-attachment":"scroll","background-type":"","background-media":"","overlay-type":"","overlay-color":"","overlay-opacity":"","overlay-gradient":""},"tablet":{"background-color":"var(--ast-global-color-5)","background-image":"","background-repeat":"repeat","background-position":"center center","background-size":"auto","background-attachment":"scroll","background-type":"","background-media":"","overlay-type":"","overlay-color":"","overlay-opacity":"","overlay-gradient":""},"mobile":{"background-color":"var(--ast-global-color-5)","background-image":"","background-repeat":"repeat","background-position":"center center","background-size":"auto","background-attachment":"scroll","background-type":"","background-media":"","overlay-type":"","overlay-color":"","overlay-opacity":"","overlay-gradient":""}},"ngg_post_thumbnail":0,"footnotes":""},"categories":[3,1,4],"tags":[],"class_list":["post-45094","post","type-post","status-publish","format-standard","has-post-thumbnail","hentry","category-aktuelles","category-allgemein","category-ausbildung"],"uagb_featured_image_src":{"full":["https:\/\/www.ffbs.at\/blog\/wp-content\/uploads\/2023\/06\/20230621_Einsatzuebung-Baden_49.jpg",1250,828,false],"thumbnail":["https:\/\/www.ffbs.at\/blog\/wp-content\/uploads\/2023\/06\/20230621_Einsatzuebung-Baden_49-200x200.jpg",200,200,true],"medium":["https:\/\/www.ffbs.at\/blog\/wp-content\/uploads\/2023\/06\/20230621_Einsatzuebung-Baden_49-350x350.jpg",350,350,true],"medium_large":["https:\/\/www.ffbs.at\/blog\/wp-content\/uploads\/2023\/06\/20230621_Einsatzuebung-Baden_49-768x768.jpg",768,768,true],"large":["https:\/\/www.ffbs.at\/blog\/wp-content\/uploads\/2023\/06\/20230621_Einsatzuebung-Baden_49-1024x828.jpg",1024,828,true],"1536x1536":["https:\/\/www.ffbs.at\/blog\/wp-content\/uploads\/2023\/06\/20230621_Einsatzuebung-Baden_49.jpg",1250,828,false],"2048x2048":["https:\/\/www.ffbs.at\/blog\/wp-content\/uploads\/2023\/06\/20230621_Einsatzuebung-Baden_49.jpg",1250,828,false],"tp-image-grid":["https:\/\/www.ffbs.at\/blog\/wp-content\/uploads\/2023\/06\/20230621_Einsatzuebung-Baden_49-700x700.jpg",700,700,true]},"uagb_author_info":{"display_name":"Stefan Schneider","author_link":"https:\/\/www.ffbs.at\/blog\/author\/stefan\/"},"uagb_comment_info":0,"uagb_excerpt":"Verkehrsunfall auf der Schiestlstra\u00dfe, so lautete anfangs das Szenario der Einsatz\u00fcbung gemeinsam mit dem Badener Roten Kreuz.&nbsp; Bereits auf Anfahrt [&hellip;]","rttpg_featured_image_url":{"full":["https:\/\/www.ffbs.at\/blog\/wp-content\/uploads\/2023\/06\/20230621_Einsatzuebung-Baden_49.jpg",1250,828,false],"landscape":["https:\/\/www.ffbs.at\/blog\/wp-content\/uploads\/2023\/06\/20230621_Einsatzuebung-Baden_49.jpg",1250,828,false],"portraits":["https:\/\/www.ffbs.at\/blog\/wp-content\/uploads\/2023\/06\/20230621_Einsatzuebung-Baden_49.jpg",1250,828,false],"thumbnail":["https:\/\/www.ffbs.at\/blog\/wp-content\/uploads\/2023\/06\/20230621_Einsatzuebung-Baden_49-200x200.jpg",200,200,true],"medium":["https:\/\/www.ffbs.at\/blog\/wp-content\/uploads\/2023\/06\/20230621_Einsatzuebung-Baden_49-350x350.jpg",350,350,true],"large":["https:\/\/www.ffbs.at\/blog\/wp-content\/uploads\/2023\/06\/20230621_Einsatzuebung-Baden_49-1024x828.jpg",1024,828,true],"1536x1536":["https:\/\/www.ffbs.at\/blog\/wp-content\/uploads\/2023\/06\/20230621_Einsatzuebung-Baden_49.jpg",1250,828,false],"2048x2048":["https:\/\/www.ffbs.at\/blog\/wp-content\/uploads\/2023\/06\/20230621_Einsatzuebung-Baden_49.jpg",1250,828,false],"tp-image-grid":["https:\/\/www.ffbs.at\/blog\/wp-content\/uploads\/2023\/06\/20230621_Einsatzuebung-Baden_49-700x700.jpg",700,700,true]},"rttpg_author":{"display_name":"Stefan Schneider","author_link":"https:\/\/www.ffbs.at\/blog\/author\/stefan\/"},"rttpg_comment":0,"rttpg_category":"<a href=\"https:\/\/www.ffbs.at\/blog\/category\/aktuelles\/\" rel=\"category tag\">Aktuelles<\/a> <a href=\"https:\/\/www.ffbs.at\/blog\/category\/allgemein\/\" rel=\"category tag\">Allgemein<\/a> <a href=\"https:\/\/www.ffbs.at\/blog\/category\/ausbildung\/\" rel=\"category tag\">Ausbildung<\/a>","rttpg_excerpt":"Verkehrsunfall auf der Schiestlstra\u00dfe, so lautete anfangs das Szenario der Einsatz\u00fcbung gemeinsam mit dem Badener Roten Kreuz.&nbsp; Bereits auf Anfahrt [&hellip;]","_links":{"self":[{"href":"https:\/\/www.ffbs.at\/blog\/wp-json\/wp\/v2\/posts\/45094","targetHints":{"allow":["GET"]}}],"collection":[{"href":"https:\/\/www.ffbs.at\/blog\/wp-json\/wp\/v2\/posts"}],"about":[{"href":"https:\/\/www.ffbs.at\/blog\/wp-json\/wp\/v2\/types\/post"}],"author":[{"embeddable":true,"href":"https:\/\/www.ffbs.at\/blog\/wp-json\/wp\/v2\/users\/7"}],"replies":[{"embeddable":true,"href":"https:\/\/www.ffbs.at\/blog\/wp-json\/wp\/v2\/comments?post=45094"}],"version-history":[{"count":6,"href":"https:\/\/www.ffbs.at\/blog\/wp-json\/wp\/v2\/posts\/45094\/revisions"}],"predecessor-version":[{"id":45195,"href":"https:\/\/www.ffbs.at\/blog\/wp-json\/wp\/v2\/posts\/45094\/revisions\/45195"}],"wp:featuredmedia":[{"embeddable":true,"href":"https:\/\/www.ffbs.at\/blog\/wp-json\/wp\/v2\/media\/48754"}],"wp:attachment":[{"href":"https:\/\/www.ffbs.at\/blog\/wp-json\/wp\/v2\/media?parent=45094"}],"wp:term":[{"taxonomy":"category","embeddable":true,"href":"https:\/\/www.ffbs.at\/blog\/wp-json\/wp\/v2\/categories?post=45094"},{"taxonomy":"post_tag","embeddable":true,"href":"https:\/\/www.ffbs.at\/blog\/wp-json\/wp\/v2\/tags?post=45094"}],"curies":[{"name":"wp","href":"https:\/\/api.w.org\/{rel}","templated":true}]}}