{"id":44889,"date":"2023-06-02T23:59:22","date_gmt":"2023-06-02T22:59:22","guid":{"rendered":"https:\/\/www.ffbs.at\/blog\/?p=44889"},"modified":"2024-01-14T10:55:35","modified_gmt":"2024-01-14T09:55:35","slug":"feuerwehrfest-tag-1-02-06-2023","status":"publish","type":"post","link":"https:\/\/www.ffbs.at\/blog\/feuerwehrfest-tag-1-02-06-2023\/44889\/","title":{"rendered":"Feuerwehrfest Tag 1 &#8211; 02.06.2023"},"content":{"rendered":"\n<p>Bei strahlendem Sonnenschein konnte die Freiwillige Feuerwehr Baden-Stadt ihr Feuerwehrfest am Freitag Nachmittag starten. Besonders die Pl\u00e4tze am Stra\u00dfenfest in der Grabengasse waren besonders begehrt. <\/p>\n\n\n\n<p>Gegen 19 Uhr folgte die offizielle Er\u00f6ffnung im Beisein von zahlreichen Ehren- und Festg\u00e4sten und DI Stefan Szirucsek &#8211; Badenes B\u00fcrgermeister &#8211; nahm mit den Bierfassanstich vor.<\/p>\n\n\n\n<p><\/p>\n\n\n\n<figure class=\"wp-block-image size-large\"><img fetchpriority=\"high\" decoding=\"async\" width=\"1024\" height=\"678\" src=\"https:\/\/www.ffbs.at\/blog\/wp-content\/uploads\/2023\/06\/2023-06-02_Feuerwehrfest_Baden-Stadt_028-1024x678.jpg\" alt=\"\" class=\"wp-image-44892\" srcset=\"https:\/\/www.ffbs.at\/blog\/wp-content\/uploads\/2023\/06\/2023-06-02_Feuerwehrfest_Baden-Stadt_028-1024x678.jpg 1024w, https:\/\/www.ffbs.at\/blog\/wp-content\/uploads\/2023\/06\/2023-06-02_Feuerwehrfest_Baden-Stadt_028-350x232.jpg 350w, https:\/\/www.ffbs.at\/blog\/wp-content\/uploads\/2023\/06\/2023-06-02_Feuerwehrfest_Baden-Stadt_028-768x509.jpg 768w, https:\/\/www.ffbs.at\/blog\/wp-content\/uploads\/2023\/06\/2023-06-02_Feuerwehrfest_Baden-Stadt_028.jpg 1200w\" sizes=\"(max-width: 1024px) 100vw, 1024px\" \/><\/figure>\n\n\n\n<p>Die Besucher genossen den Abend und lie\u00dfen sich durch die Feuerwehrleute der Freiwilligen Feuerwehr Baden-Stadt und deren Angeh\u00f6rigen sowie Helfer, bei k\u00fchl Getr\u00e4nken und tollen Speisen verw\u00f6hnen.<\/p>\n\n\n\n<p>Im Kaffeehaus und der Cocktailbar wurden Spezialit\u00e4ten gereicht und an der Weinbar konnte man sich durch edle Tropfen verkosten.<\/p>\n\n\n\n<p>Den n\u00e4chsten H\u00f6hepunkt bildete die erste Quizspielverlosung gegen 22 Uhr &#8211; bei der, dank der zahlreichen Sponsoren und G\u00f6nner, zahlreiche tolle Preise verlost werden konnten.<\/p>\n\n\n\n<p>Besondere Freude hatte die Hauptpreis Gewinnerin des Abends &#8211; sie konnte mit einem neuen Fahrrad von  <a href=\"https:\/\/www.pfannberger.com\/\" target=\"_blank\" rel=\"noreferrer noopener\">Pfannberger Cycling Baden<\/a> nach Hause fahren.<\/p>\n\n\n\n<p>Nach der Vorlosung \u00f6ffnete die &#8222;Brandraumbar&#8220; ihre Pforten, in der jung und alt bis in die fr\u00fchen Morgenstunden feiern konnten.<\/p>\n\n\n\nngg_shortcode_0_placeholder\n","protected":false},"excerpt":{"rendered":"<p>Bei strahlendem Sonnenschein konnte die Freiwillige Feuerwehr Baden-Stadt ihr Feuerwehrfest am Freitag Nachmittag starten. Besonders die Pl\u00e4tze am Stra\u00dfenfest in [&hellip;]<\/p>\n","protected":false},"author":2,"featured_media":44892,"comment_status":"closed","ping_status":"closed","sticky":false,"template":"","format":"standard","meta":{"_uag_custom_page_level_css":"","site-sidebar-layout":"default","site-content-layout":"","ast-site-content-layout":"default","site-content-style":"default","site-sidebar-style":"default","ast-global-header-display":"","ast-banner-title-visibility":"","ast-main-header-display":"","ast-hfb-above-header-display":"","ast-hfb-below-header-display":"","ast-hfb-mobile-header-display":"","site-post-title":"","ast-breadcrumbs-content":"","ast-featured-img":"","footer-sml-layout":"","ast-disable-related-posts":"","theme-transparent-header-meta":"","adv-header-id-meta":"","stick-header-meta":"","header-above-stick-meta":"","header-main-stick-meta":"","header-below-stick-meta":"","astra-migrate-meta-layouts":"default","ast-page-background-enabled":"default","ast-page-background-meta":{"desktop":{"background-color":"var(--ast-global-color-4)","background-image":"","background-repeat":"repeat","background-position":"center center","background-size":"auto","background-attachment":"scroll","background-type":"","background-media":"","overlay-type":"","overlay-color":"","overlay-opacity":"","overlay-gradient":""},"tablet":{"background-color":"","background-image":"","background-repeat":"repeat","background-position":"center center","background-size":"auto","background-attachment":"scroll","background-type":"","background-media":"","overlay-type":"","overlay-color":"","overlay-opacity":"","overlay-gradient":""},"mobile":{"background-color":"","background-image":"","background-repeat":"repeat","background-position":"center center","background-size":"auto","background-attachment":"scroll","background-type":"","background-media":"","overlay-type":"","overlay-color":"","overlay-opacity":"","overlay-gradient":""}},"ast-content-background-meta":{"desktop":{"background-color":"var(--ast-global-color-5)","background-image":"","background-repeat":"repeat","background-position":"center center","background-size":"auto","background-attachment":"scroll","background-type":"","background-media":"","overlay-type":"","overlay-color":"","overlay-opacity":"","overlay-gradient":""},"tablet":{"background-color":"var(--ast-global-color-5)","background-image":"","background-repeat":"repeat","background-position":"center center","background-size":"auto","background-attachment":"scroll","background-type":"","background-media":"","overlay-type":"","overlay-color":"","overlay-opacity":"","overlay-gradient":""},"mobile":{"background-color":"var(--ast-global-color-5)","background-image":"","background-repeat":"repeat","background-position":"center center","background-size":"auto","background-attachment":"scroll","background-type":"","background-media":"","overlay-type":"","overlay-color":"","overlay-opacity":"","overlay-gradient":""}},"ngg_post_thumbnail":0,"footnotes":""},"categories":[3,1,5],"tags":[],"class_list":["post-44889","post","type-post","status-publish","format-standard","has-post-thumbnail","hentry","category-aktuelles","category-allgemein","category-veranstaltungen"],"uagb_featured_image_src":{"full":["https:\/\/www.ffbs.at\/blog\/wp-content\/uploads\/2023\/06\/2023-06-02_Feuerwehrfest_Baden-Stadt_028.jpg",1200,795,false],"thumbnail":["https:\/\/www.ffbs.at\/blog\/wp-content\/uploads\/2023\/06\/2023-06-02_Feuerwehrfest_Baden-Stadt_028-200x200.jpg",200,200,true],"medium":["https:\/\/www.ffbs.at\/blog\/wp-content\/uploads\/2023\/06\/2023-06-02_Feuerwehrfest_Baden-Stadt_028-350x232.jpg",350,232,true],"medium_large":["https:\/\/www.ffbs.at\/blog\/wp-content\/uploads\/2023\/06\/2023-06-02_Feuerwehrfest_Baden-Stadt_028-768x509.jpg",768,509,true],"large":["https:\/\/www.ffbs.at\/blog\/wp-content\/uploads\/2023\/06\/2023-06-02_Feuerwehrfest_Baden-Stadt_028-1024x678.jpg",1024,678,true],"1536x1536":["https:\/\/www.ffbs.at\/blog\/wp-content\/uploads\/2023\/06\/2023-06-02_Feuerwehrfest_Baden-Stadt_028.jpg",1200,795,false],"2048x2048":["https:\/\/www.ffbs.at\/blog\/wp-content\/uploads\/2023\/06\/2023-06-02_Feuerwehrfest_Baden-Stadt_028.jpg",1200,795,false],"tp-image-grid":["https:\/\/www.ffbs.at\/blog\/wp-content\/uploads\/2023\/06\/2023-06-02_Feuerwehrfest_Baden-Stadt_028.jpg",700,464,false]},"uagb_author_info":{"display_name":"Michael Rampl","author_link":"https:\/\/www.ffbs.at\/blog\/author\/rampl\/"},"uagb_comment_info":0,"uagb_excerpt":"Bei strahlendem Sonnenschein konnte die Freiwillige Feuerwehr Baden-Stadt ihr Feuerwehrfest am Freitag Nachmittag starten. Besonders die Pl\u00e4tze am Stra\u00dfenfest in [&hellip;]","rttpg_featured_image_url":{"full":["https:\/\/www.ffbs.at\/blog\/wp-content\/uploads\/2023\/06\/2023-06-02_Feuerwehrfest_Baden-Stadt_028.jpg",1200,795,false],"landscape":["https:\/\/www.ffbs.at\/blog\/wp-content\/uploads\/2023\/06\/2023-06-02_Feuerwehrfest_Baden-Stadt_028.jpg",1200,795,false],"portraits":["https:\/\/www.ffbs.at\/blog\/wp-content\/uploads\/2023\/06\/2023-06-02_Feuerwehrfest_Baden-Stadt_028.jpg",1200,795,false],"thumbnail":["https:\/\/www.ffbs.at\/blog\/wp-content\/uploads\/2023\/06\/2023-06-02_Feuerwehrfest_Baden-Stadt_028-200x200.jpg",200,200,true],"medium":["https:\/\/www.ffbs.at\/blog\/wp-content\/uploads\/2023\/06\/2023-06-02_Feuerwehrfest_Baden-Stadt_028-350x232.jpg",350,232,true],"large":["https:\/\/www.ffbs.at\/blog\/wp-content\/uploads\/2023\/06\/2023-06-02_Feuerwehrfest_Baden-Stadt_028-1024x678.jpg",1024,678,true],"1536x1536":["https:\/\/www.ffbs.at\/blog\/wp-content\/uploads\/2023\/06\/2023-06-02_Feuerwehrfest_Baden-Stadt_028.jpg",1200,795,false],"2048x2048":["https:\/\/www.ffbs.at\/blog\/wp-content\/uploads\/2023\/06\/2023-06-02_Feuerwehrfest_Baden-Stadt_028.jpg",1200,795,false],"tp-image-grid":["https:\/\/www.ffbs.at\/blog\/wp-content\/uploads\/2023\/06\/2023-06-02_Feuerwehrfest_Baden-Stadt_028.jpg",700,464,false]},"rttpg_author":{"display_name":"Michael Rampl","author_link":"https:\/\/www.ffbs.at\/blog\/author\/rampl\/"},"rttpg_comment":0,"rttpg_category":"<a href=\"https:\/\/www.ffbs.at\/blog\/category\/aktuelles\/\" rel=\"category tag\">Aktuelles<\/a> <a href=\"https:\/\/www.ffbs.at\/blog\/category\/allgemein\/\" rel=\"category tag\">Allgemein<\/a> <a href=\"https:\/\/www.ffbs.at\/blog\/category\/veranstaltungen\/\" rel=\"category tag\">Veranstaltungen<\/a>","rttpg_excerpt":"Bei strahlendem Sonnenschein konnte die Freiwillige Feuerwehr Baden-Stadt ihr Feuerwehrfest am Freitag Nachmittag starten. Besonders die Pl\u00e4tze am Stra\u00dfenfest in [&hellip;]","_links":{"self":[{"href":"https:\/\/www.ffbs.at\/blog\/wp-json\/wp\/v2\/posts\/44889","targetHints":{"allow":["GET"]}}],"collection":[{"href":"https:\/\/www.ffbs.at\/blog\/wp-json\/wp\/v2\/posts"}],"about":[{"href":"https:\/\/www.ffbs.at\/blog\/wp-json\/wp\/v2\/types\/post"}],"author":[{"embeddable":true,"href":"https:\/\/www.ffbs.at\/blog\/wp-json\/wp\/v2\/users\/2"}],"replies":[{"embeddable":true,"href":"https:\/\/www.ffbs.at\/blog\/wp-json\/wp\/v2\/comments?post=44889"}],"version-history":[{"count":2,"href":"https:\/\/www.ffbs.at\/blog\/wp-json\/wp\/v2\/posts\/44889\/revisions"}],"predecessor-version":[{"id":44893,"href":"https:\/\/www.ffbs.at\/blog\/wp-json\/wp\/v2\/posts\/44889\/revisions\/44893"}],"wp:featuredmedia":[{"embeddable":true,"href":"https:\/\/www.ffbs.at\/blog\/wp-json\/wp\/v2\/media\/44892"}],"wp:attachment":[{"href":"https:\/\/www.ffbs.at\/blog\/wp-json\/wp\/v2\/media?parent=44889"}],"wp:term":[{"taxonomy":"category","embeddable":true,"href":"https:\/\/www.ffbs.at\/blog\/wp-json\/wp\/v2\/categories?post=44889"},{"taxonomy":"post_tag","embeddable":true,"href":"https:\/\/www.ffbs.at\/blog\/wp-json\/wp\/v2\/tags?post=44889"}],"curies":[{"name":"wp","href":"https:\/\/api.w.org\/{rel}","templated":true}]}}