{"id":44672,"date":"2023-05-10T23:58:00","date_gmt":"2023-05-10T22:58:00","guid":{"rendered":"https:\/\/www.ffbs.at\/blog\/?p=44672"},"modified":"2023-05-11T22:15:00","modified_gmt":"2023-05-11T21:15:00","slug":"hartnaeckiger-fahrzeugbrand","status":"publish","type":"post","link":"https:\/\/www.ffbs.at\/blog\/hartnaeckiger-fahrzeugbrand\/44672\/","title":{"rendered":"Hartn\u00e4ckiger Fahrzeugbrand"},"content":{"rendered":"\n<p><strong>Am Mittwochvormittag (10. Mai 2023) geriet ein geparkter PKW-Kombi durch einen vermutlichen Kurzschluss in Brand.<\/strong><\/p>\n\n\n\n<p>Um 10.44 Uhr wurde die Freiwillige Feuerwehr Baden-Stadt, laut Tagesalarmplan, mit der \u00f6rtlich zust\u00e4ndigen Freiwilligen Feuerwehr Baden Weikersdorf zu dem Fahrzeugbrand H\u00f6he eines Lebensmittelmarktes in den Ortsteil Weikersdorf alarmiert. Da sich gerade einiger unserer Feuerwehrmitglieder im Feuerwehrhaus befanden, konnten wir bereits kurz nach der Alarmierung mit Tank 3 Baden-Stadt (HLFA 3 \u2013 4.000l) in Richtung Einsatzadresse ausr\u00fccken. Schon bei der Anfahrt r\u00fcstete sich der Atemschutztrupp vorsorglich aus. Bei Eintreffen war eine Polizeistreife und ein Rettungsfahrzeug vor Ort. Ein zuf\u00e4llig anwesendes Feuerwehrmitglied in Zivil hatte bereits mit einem Handfeuerl\u00f6scher mit der Brandbek\u00e4mpfung begonnen. Da der Brand jedoch noch nicht komplett gel\u00f6scht war und weiterhin Rauch aus dem Fahrzeuginneren, vor allem im hinteren Heckbereich des BMW-Kombi austrat, nahmen wir sofort die C-Schnellangriffseinrichtung unter Atemschutz vor.<\/p>\n\n\n\n<p>Als auch das Tankl\u00f6schfahrzeug der FF Baden Weikersdorf wenig sp\u00e4ter vor Ort eintraf wurde, in Absprache mit dem Einsatzleiter, der Einsatz gemeinsam weiter abgearbeitet. Der Fahrzeuglenker war anf\u00e4nglich nicht anwesend und der Kofferraum lie\u00df sich leider nicht entriegeln. Wir versuchten daher, um weiteren Schaden am Fahrzeug zu verhindern, den Brand im Kofferraumbereich \u00fcber den Fahrgastraum zu bek\u00e4mpfen. Dieses gelangte jedoch nur bedingt. Die Fahrzeugbatterie befand sich bei diesem Modell nicht im Motorraum. Da weiterhin sichtbar Rauch aus einer Kofferraumabdeckung hervordrang, musste der Kofferraum doch gewaltsam mittels hydraulischen Spreizer ge\u00f6ffnet werden.<\/p>\n\n\n\n<p>Erst dann gelangte es alle Abdeckungen zu entfernen. Nun sah man auch den vermeintlichen Ausl\u00f6segrund. Ein angebranntes, angeschmortes noch unter Spannung stehendes Stromkabel bewirkte, dass der Brand nicht zum Erl\u00f6schen kam. Mit speziellen Elektro-Schutzhandschuhen ausger\u00fcstet wurde die im Seitenfach aufgefundene Fahrzeugbatterie abgeklemmt und restliche Glutnester abgel\u00f6scht. Erst dann konnte vom Einsatzleiter endg\u00fcltig &#8222;Brand aus&#8220; gegeben werden.<\/p>\n\n\n\n<p>Die FF Baden-Stadt r\u00fcckte mit Tank 3 und Tank 2 Baden-Stadt zu dem Einsatz aus, der nach einer Stunde beendet werden konnte.<\/p>\n\n\n\n<p class=\"has-small-font-size\"><a rel=\"noreferrer noopener\" href=\"http:\/\/www.ff-baden-weikersdorf.at\/\" target=\"_blank\">FF Baden Weikersdorf<\/a><\/p>\n\n\n\n<p class=\"has-small-font-size\">Fotos: Freiwillige Feuerwehr Baden-Stadt \/ Stefan Schneider<br>Beitrag erstellt durch Stefan Schneider<\/p>\n\n\n\n<figure class=\"wp-block-image size-full is-resized\"><img fetchpriority=\"high\" decoding=\"async\" src=\"https:\/\/www.ffbs.at\/blog\/wp-content\/uploads\/2023\/05\/FW-FEST-2023-FFBS.jpg\" alt=\"\" class=\"wp-image-44735\" width=\"426\" height=\"158\" srcset=\"https:\/\/www.ffbs.at\/blog\/wp-content\/uploads\/2023\/05\/FW-FEST-2023-FFBS.jpg 851w, https:\/\/www.ffbs.at\/blog\/wp-content\/uploads\/2023\/05\/FW-FEST-2023-FFBS-350x130.jpg 350w, https:\/\/www.ffbs.at\/blog\/wp-content\/uploads\/2023\/05\/FW-FEST-2023-FFBS-768x284.jpg 768w\" sizes=\"(max-width: 426px) 100vw, 426px\" \/><figcaption><strong>SAVE THE DATE<\/strong><\/figcaption><\/figure>\n\n\n\n<p class=\"has-vivid-red-color has-text-color\"><strong>2. JUNI AB 17:00 \u2013 4. JUNI BIS 15:00<\/strong><\/p>\n\n\n\n<p>Wir freuen uns schon auf Euer Kommen!<\/p>\n\n\n\n<p class=\"has-small-font-size\"><\/p>\n\n\n\nngg_shortcode_0_placeholder\n","protected":false},"excerpt":{"rendered":"<p>Am Mittwochvormittag (10. Mai 2023) geriet ein geparkter PKW-Kombi durch einen vermutlichen Kurzschluss in Brand. Um 10.44 Uhr wurde die [&hellip;]<\/p>\n","protected":false},"author":7,"featured_media":0,"comment_status":"closed","ping_status":"closed","sticky":false,"template":"","format":"standard","meta":{"_uag_custom_page_level_css":"","site-sidebar-layout":"default","site-content-layout":"","ast-site-content-layout":"default","site-content-style":"default","site-sidebar-style":"default","ast-global-header-display":"","ast-banner-title-visibility":"","ast-main-header-display":"","ast-hfb-above-header-display":"","ast-hfb-below-header-display":"","ast-hfb-mobile-header-display":"","site-post-title":"","ast-breadcrumbs-content":"","ast-featured-img":"","footer-sml-layout":"","ast-disable-related-posts":"","theme-transparent-header-meta":"","adv-header-id-meta":"","stick-header-meta":"","header-above-stick-meta":"","header-main-stick-meta":"","header-below-stick-meta":"","astra-migrate-meta-layouts":"default","ast-page-background-enabled":"default","ast-page-background-meta":{"desktop":{"background-color":"var(--ast-global-color-4)","background-image":"","background-repeat":"repeat","background-position":"center center","background-size":"auto","background-attachment":"scroll","background-type":"","background-media":"","overlay-type":"","overlay-color":"","overlay-opacity":"","overlay-gradient":""},"tablet":{"background-color":"","background-image":"","background-repeat":"repeat","background-position":"center center","background-size":"auto","background-attachment":"scroll","background-type":"","background-media":"","overlay-type":"","overlay-color":"","overlay-opacity":"","overlay-gradient":""},"mobile":{"background-color":"","background-image":"","background-repeat":"repeat","background-position":"center center","background-size":"auto","background-attachment":"scroll","background-type":"","background-media":"","overlay-type":"","overlay-color":"","overlay-opacity":"","overlay-gradient":""}},"ast-content-background-meta":{"desktop":{"background-color":"var(--ast-global-color-5)","background-image":"","background-repeat":"repeat","background-position":"center center","background-size":"auto","background-attachment":"scroll","background-type":"","background-media":"","overlay-type":"","overlay-color":"","overlay-opacity":"","overlay-gradient":""},"tablet":{"background-color":"var(--ast-global-color-5)","background-image":"","background-repeat":"repeat","background-position":"center center","background-size":"auto","background-attachment":"scroll","background-type":"","background-media":"","overlay-type":"","overlay-color":"","overlay-opacity":"","overlay-gradient":""},"mobile":{"background-color":"var(--ast-global-color-5)","background-image":"","background-repeat":"repeat","background-position":"center center","background-size":"auto","background-attachment":"scroll","background-type":"","background-media":"","overlay-type":"","overlay-color":"","overlay-opacity":"","overlay-gradient":""}},"ngg_post_thumbnail":0,"footnotes":""},"categories":[3,1,274],"tags":[],"class_list":["post-44672","post","type-post","status-publish","format-standard","hentry","category-aktuelles","category-allgemein","category-einsatzuebersicht"],"uagb_featured_image_src":{"full":false,"thumbnail":false,"medium":false,"medium_large":false,"large":false,"1536x1536":false,"2048x2048":false,"tp-image-grid":false},"uagb_author_info":{"display_name":"Stefan Schneider","author_link":"https:\/\/www.ffbs.at\/blog\/author\/stefan\/"},"uagb_comment_info":0,"uagb_excerpt":"Am Mittwochvormittag (10. Mai 2023) geriet ein geparkter PKW-Kombi durch einen vermutlichen Kurzschluss in Brand. Um 10.44 Uhr wurde die [&hellip;]","rttpg_featured_image_url":null,"rttpg_author":{"display_name":"Stefan Schneider","author_link":"https:\/\/www.ffbs.at\/blog\/author\/stefan\/"},"rttpg_comment":0,"rttpg_category":"<a href=\"https:\/\/www.ffbs.at\/blog\/category\/aktuelles\/\" rel=\"category tag\">Aktuelles<\/a> <a href=\"https:\/\/www.ffbs.at\/blog\/category\/allgemein\/\" rel=\"category tag\">Allgemein<\/a> <a href=\"https:\/\/www.ffbs.at\/blog\/category\/einsatzuebersicht\/\" rel=\"category tag\">Einsatz\u00fcbersicht<\/a>","rttpg_excerpt":"Am Mittwochvormittag (10. Mai 2023) geriet ein geparkter PKW-Kombi durch einen vermutlichen Kurzschluss in Brand. Um 10.44 Uhr wurde die [&hellip;]","_links":{"self":[{"href":"https:\/\/www.ffbs.at\/blog\/wp-json\/wp\/v2\/posts\/44672","targetHints":{"allow":["GET"]}}],"collection":[{"href":"https:\/\/www.ffbs.at\/blog\/wp-json\/wp\/v2\/posts"}],"about":[{"href":"https:\/\/www.ffbs.at\/blog\/wp-json\/wp\/v2\/types\/post"}],"author":[{"embeddable":true,"href":"https:\/\/www.ffbs.at\/blog\/wp-json\/wp\/v2\/users\/7"}],"replies":[{"embeddable":true,"href":"https:\/\/www.ffbs.at\/blog\/wp-json\/wp\/v2\/comments?post=44672"}],"version-history":[{"count":17,"href":"https:\/\/www.ffbs.at\/blog\/wp-json\/wp\/v2\/posts\/44672\/revisions"}],"predecessor-version":[{"id":44750,"href":"https:\/\/www.ffbs.at\/blog\/wp-json\/wp\/v2\/posts\/44672\/revisions\/44750"}],"wp:attachment":[{"href":"https:\/\/www.ffbs.at\/blog\/wp-json\/wp\/v2\/media?parent=44672"}],"wp:term":[{"taxonomy":"category","embeddable":true,"href":"https:\/\/www.ffbs.at\/blog\/wp-json\/wp\/v2\/categories?post=44672"},{"taxonomy":"post_tag","embeddable":true,"href":"https:\/\/www.ffbs.at\/blog\/wp-json\/wp\/v2\/tags?post=44672"}],"curies":[{"name":"wp","href":"https:\/\/api.w.org\/{rel}","templated":true}]}}