{"id":44561,"date":"2023-04-22T23:59:00","date_gmt":"2023-04-22T22:59:00","guid":{"rendered":"https:\/\/www.ffbs.at\/blog\/?p=44561"},"modified":"2023-05-02T09:27:32","modified_gmt":"2023-05-02T08:27:32","slug":"arbeiten-mit-der-motorkettensaege-2","status":"publish","type":"post","link":"https:\/\/www.ffbs.at\/blog\/arbeiten-mit-der-motorkettensaege-2\/44561\/","title":{"rendered":"Arbeiten mit der Motorkettens\u00e4ge"},"content":{"rendered":"\n<p><strong>Auch an Wochenenden finden immer wieder zus\u00e4tzliche Ausbildungseinheiten f\u00fcr die Mitglieder der Freiwilligen Feuerwehr Baden-Stadt statt.<\/strong><\/p>\n\n\n\n<p>Am Samstag 22. April 2023 bestand die M\u00f6glichkeit an einer praktischen Ausbildung mit der Motorkettens\u00e4ge teilzunehmen. Unser Zeugmeister Stellvertreter Oberl\u00f6schmeister Alexander Riesner erkl\u00e4rte dabei nicht nur die richtige Handhabung, sondern gab auch wertvolle Tipps. Nach einer theoretischen Einweisung ging es dann auch gleich los. Im Waldgebiet konnte so manch unserer j\u00fcngeren Teilnehmer, an von der Stadtg\u00e4rtnerei zur Verf\u00fcgung gestellten Holzst\u00e4mmen, ihre ersten Erfahrungen mit dem Umgang sammeln. Immer wieder m\u00fcssen unsere Einsatzkr\u00e4fte, im Zuge von verschiedensten Eins\u00e4tzen, auch mit Motorkettens\u00e4gen Schneidearbeiten durchf\u00fchren. Und da ist es wichtig zu wissen, wo und wie man mit der Kettens\u00e4ge ansetzt um sich nicht selber oder andere zu gef\u00e4hrden. <\/p>\n\n\n\n<p>Gerade solche Schulungen und \u00dcbungen sind k\u00fcnftig vor allem auch fixer Bestandteil f\u00fcr die Einsatzkr\u00e4fte die sich f\u00fcr die Waldbrandgruppe in unserem Feuerwehrabschnitt gemeldet haben.<\/p>\n\n\n\n<p>Danke an die Stadtg\u00e4rtnerei Baden die uns bei solch \u00dcbungen bzw. Schulungen laufend unterst\u00fctzt.<\/p>\n\n\n\n<p class=\"has-small-font-size\">Fotos: Freiwillige Feuerwehr Baden-Stadt \/ Markus Prendinger<br>Beitrag erstellt durch Stefan Schneider<\/p>\n\n\n\nngg_shortcode_0_placeholder\n","protected":false},"excerpt":{"rendered":"<p>Auch an Wochenenden finden immer wieder zus\u00e4tzliche Ausbildungseinheiten f\u00fcr die Mitglieder der Freiwilligen Feuerwehr Baden-Stadt statt. Am Samstag 22. April [&hellip;]<\/p>\n","protected":false},"author":7,"featured_media":0,"comment_status":"closed","ping_status":"closed","sticky":false,"template":"","format":"standard","meta":{"_uag_custom_page_level_css":"","site-sidebar-layout":"default","site-content-layout":"","ast-site-content-layout":"default","site-content-style":"default","site-sidebar-style":"default","ast-global-header-display":"","ast-banner-title-visibility":"","ast-main-header-display":"","ast-hfb-above-header-display":"","ast-hfb-below-header-display":"","ast-hfb-mobile-header-display":"","site-post-title":"","ast-breadcrumbs-content":"","ast-featured-img":"","footer-sml-layout":"","ast-disable-related-posts":"","theme-transparent-header-meta":"","adv-header-id-meta":"","stick-header-meta":"","header-above-stick-meta":"","header-main-stick-meta":"","header-below-stick-meta":"","astra-migrate-meta-layouts":"default","ast-page-background-enabled":"default","ast-page-background-meta":{"desktop":{"background-color":"var(--ast-global-color-4)","background-image":"","background-repeat":"repeat","background-position":"center center","background-size":"auto","background-attachment":"scroll","background-type":"","background-media":"","overlay-type":"","overlay-color":"","overlay-opacity":"","overlay-gradient":""},"tablet":{"background-color":"","background-image":"","background-repeat":"repeat","background-position":"center center","background-size":"auto","background-attachment":"scroll","background-type":"","background-media":"","overlay-type":"","overlay-color":"","overlay-opacity":"","overlay-gradient":""},"mobile":{"background-color":"","background-image":"","background-repeat":"repeat","background-position":"center center","background-size":"auto","background-attachment":"scroll","background-type":"","background-media":"","overlay-type":"","overlay-color":"","overlay-opacity":"","overlay-gradient":""}},"ast-content-background-meta":{"desktop":{"background-color":"var(--ast-global-color-5)","background-image":"","background-repeat":"repeat","background-position":"center center","background-size":"auto","background-attachment":"scroll","background-type":"","background-media":"","overlay-type":"","overlay-color":"","overlay-opacity":"","overlay-gradient":""},"tablet":{"background-color":"var(--ast-global-color-5)","background-image":"","background-repeat":"repeat","background-position":"center center","background-size":"auto","background-attachment":"scroll","background-type":"","background-media":"","overlay-type":"","overlay-color":"","overlay-opacity":"","overlay-gradient":""},"mobile":{"background-color":"var(--ast-global-color-5)","background-image":"","background-repeat":"repeat","background-position":"center center","background-size":"auto","background-attachment":"scroll","background-type":"","background-media":"","overlay-type":"","overlay-color":"","overlay-opacity":"","overlay-gradient":""}},"ngg_post_thumbnail":0,"footnotes":""},"categories":[3,1,4],"tags":[],"class_list":["post-44561","post","type-post","status-publish","format-standard","hentry","category-aktuelles","category-allgemein","category-ausbildung"],"uagb_featured_image_src":{"full":false,"thumbnail":false,"medium":false,"medium_large":false,"large":false,"1536x1536":false,"2048x2048":false,"tp-image-grid":false},"uagb_author_info":{"display_name":"Stefan Schneider","author_link":"https:\/\/www.ffbs.at\/blog\/author\/stefan\/"},"uagb_comment_info":0,"uagb_excerpt":"Auch an Wochenenden finden immer wieder zus\u00e4tzliche Ausbildungseinheiten f\u00fcr die Mitglieder der Freiwilligen Feuerwehr Baden-Stadt statt. Am Samstag 22. April [&hellip;]","rttpg_featured_image_url":null,"rttpg_author":{"display_name":"Stefan Schneider","author_link":"https:\/\/www.ffbs.at\/blog\/author\/stefan\/"},"rttpg_comment":0,"rttpg_category":"<a href=\"https:\/\/www.ffbs.at\/blog\/category\/aktuelles\/\" rel=\"category tag\">Aktuelles<\/a> <a href=\"https:\/\/www.ffbs.at\/blog\/category\/allgemein\/\" rel=\"category tag\">Allgemein<\/a> <a href=\"https:\/\/www.ffbs.at\/blog\/category\/ausbildung\/\" rel=\"category tag\">Ausbildung<\/a>","rttpg_excerpt":"Auch an Wochenenden finden immer wieder zus\u00e4tzliche Ausbildungseinheiten f\u00fcr die Mitglieder der Freiwilligen Feuerwehr Baden-Stadt statt. Am Samstag 22. April [&hellip;]","_links":{"self":[{"href":"https:\/\/www.ffbs.at\/blog\/wp-json\/wp\/v2\/posts\/44561","targetHints":{"allow":["GET"]}}],"collection":[{"href":"https:\/\/www.ffbs.at\/blog\/wp-json\/wp\/v2\/posts"}],"about":[{"href":"https:\/\/www.ffbs.at\/blog\/wp-json\/wp\/v2\/types\/post"}],"author":[{"embeddable":true,"href":"https:\/\/www.ffbs.at\/blog\/wp-json\/wp\/v2\/users\/7"}],"replies":[{"embeddable":true,"href":"https:\/\/www.ffbs.at\/blog\/wp-json\/wp\/v2\/comments?post=44561"}],"version-history":[{"count":6,"href":"https:\/\/www.ffbs.at\/blog\/wp-json\/wp\/v2\/posts\/44561\/revisions"}],"predecessor-version":[{"id":44614,"href":"https:\/\/www.ffbs.at\/blog\/wp-json\/wp\/v2\/posts\/44561\/revisions\/44614"}],"wp:attachment":[{"href":"https:\/\/www.ffbs.at\/blog\/wp-json\/wp\/v2\/media?parent=44561"}],"wp:term":[{"taxonomy":"category","embeddable":true,"href":"https:\/\/www.ffbs.at\/blog\/wp-json\/wp\/v2\/categories?post=44561"},{"taxonomy":"post_tag","embeddable":true,"href":"https:\/\/www.ffbs.at\/blog\/wp-json\/wp\/v2\/tags?post=44561"}],"curies":[{"name":"wp","href":"https:\/\/api.w.org\/{rel}","templated":true}]}}