{"id":44254,"date":"2023-04-30T08:25:41","date_gmt":"2023-04-30T07:25:41","guid":{"rendered":"https:\/\/www.ffbs.at\/blog\/?p=44254"},"modified":"2023-05-01T08:31:51","modified_gmt":"2023-05-01T07:31:51","slug":"florianitag-3","status":"publish","type":"post","link":"https:\/\/www.ffbs.at\/blog\/florianitag-3\/44254\/","title":{"rendered":"Florianitag"},"content":{"rendered":"\n<p>Der traditionelle Florianitag der Freiwilligen Feuerwehren der Stadt Baden, fand am Samstag den 29.04.2023 in der Fu\u00dfg\u00e4ngerzone rund um den Hauptplatz statt.<br>Am Vormittag hatte die Bev\u00f6lkerung bei der Fahrzeugschau die M\u00f6glichkeit sich ein Bild vom Leistungsstand und der Ausr\u00fcstung der Freiwilligen Feuerwehren Baden-Stadt, Baden-Leesdorf und Baden Weikersdorf zu machen.<\/p>\n\n\n\n<figure class=\"wp-block-image size-large\"><img fetchpriority=\"high\" decoding=\"async\" width=\"1024\" height=\"473\" src=\"https:\/\/www.ffbs.at\/blog\/wp-content\/uploads\/2023\/04\/Florianitag2023-04-29_FzgSchau_012-1024x473.jpg\" alt=\"\" class=\"wp-image-44493\" srcset=\"https:\/\/www.ffbs.at\/blog\/wp-content\/uploads\/2023\/04\/Florianitag2023-04-29_FzgSchau_012-1024x473.jpg 1024w, https:\/\/www.ffbs.at\/blog\/wp-content\/uploads\/2023\/04\/Florianitag2023-04-29_FzgSchau_012-350x162.jpg 350w, https:\/\/www.ffbs.at\/blog\/wp-content\/uploads\/2023\/04\/Florianitag2023-04-29_FzgSchau_012-768x355.jpg 768w, https:\/\/www.ffbs.at\/blog\/wp-content\/uploads\/2023\/04\/Florianitag2023-04-29_FzgSchau_012.jpg 1200w\" sizes=\"(max-width: 1024px) 100vw, 1024px\" \/><\/figure>\n\n\n\n<p>Um 14 Uhr fand die Floriani-Messe zelebriert von Bezirksfeuerwehrkurat Dechant Mag. Andreas Guganeder in der Frauenkirche statt.<\/p>\n\n\n\n<p>Im Anschluss marschierte der Zug begleitet von der Stadtmusik Baden zum Hauptplatz, wo sich bereits zahlreiche Interessierte, Angeh\u00f6rige und Ehreng\u00e4ste eingefunden hatten um den Festakt bei zu wohnen.<br>Der Festakt wurde er\u00f6ffnet von Abschnittsfeuerwehrkommandant BR Martin Geiger, der zahlreiche Ehreng\u00e4ste begr\u00fcssen durfte unter Ihnen, B\u00fcrgermeister der Stadtgemeinde Baden DI Stefan Szirucsek, LAbg. Christoph Kainz, sowie Bezirkshauptfrau-Stv. Mag. Martin Hallbauer.<\/p>\n\n\n\n<figure class=\"wp-block-embed is-type-rich is-provider-handler-einbetten wp-block-embed-handler-einbetten\"><div class=\"wp-block-embed__wrapper\">\n<div style=\"width: 640px;\" class=\"wp-video\"><video class=\"wp-video-shortcode\" id=\"video-44254-1\" width=\"640\" height=\"360\" preload=\"metadata\" controls=\"controls\"><source type=\"video\/mp4\" src=\"https:\/\/www.ffbs.at\/data\/fltag23\/20230429_144138.mp4?_=1\" \/><a href=\"https:\/\/www.ffbs.at\/data\/fltag23\/20230429_144138.mp4\">https:\/\/www.ffbs.at\/data\/fltag23\/20230429_144138.mp4<\/a><\/video><\/div>\n<\/div><\/figure>\n\n\n\n<p>Im Rahmen des Festakt wurden folgende Kameraden der Freiwilligen Feuerwehr Baden-Stadt ausgezeichnet:<\/p>\n\n\n\n<p>Seitens des Landes Nieder\u00f6sterreich wurden f\u00fcr 40 j\u00e4hrige verdienstvolle T\u00e4tigkeit im Feuerwehr- und Rettungswesen die Kameraden:<br>     o LM Alfred CZAKER (FF Baden-Stadt)<br>     o LM Markus RACZ (FF Baden-Stadt)<br>Durch den Nieder\u00f6sterreichen Landesverband wurden ausgezeichnet:<br>   mit der Verdienstmedaillie 3. Klasse<br>     o SB Martin LICHTENAUER (Baden-Stadt)<\/p>\n\n\n\n<p>   mit dem Verdienstzeichen 3. Klasse<br>     o LM Thomas KINSKY (Baden-Stadt)<br>     o LM Luca HANAI (Baden-Stadt)<\/p>\n\n\n\n<p>   mit dem Verdienstzeichen 1. Klasse<br>     o EVI Rudolf WANDL (Baden-Stadt)<\/p>\n\n\n\n<p>Seitens des \u00d6BFV (\u00d6sterreichischen Bundesfeuerwehrverbandes wurde ausgezeichnet mit dem Verdienstzeichen des \u00d6BFV 2.Klasse<br>     o BSB Markus TROBITS (FF Baden-Stadt)<\/p>\n\n\n\n<figure class=\"wp-block-image size-large\"><img decoding=\"async\" width=\"1024\" height=\"416\" src=\"https:\/\/www.ffbs.at\/blog\/wp-content\/uploads\/2023\/04\/kkk-1024x416.jpg\" alt=\"\" class=\"wp-image-44489\" srcset=\"https:\/\/www.ffbs.at\/blog\/wp-content\/uploads\/2023\/04\/kkk-1024x416.jpg 1024w, https:\/\/www.ffbs.at\/blog\/wp-content\/uploads\/2023\/04\/kkk-350x142.jpg 350w, https:\/\/www.ffbs.at\/blog\/wp-content\/uploads\/2023\/04\/kkk-768x312.jpg 768w, https:\/\/www.ffbs.at\/blog\/wp-content\/uploads\/2023\/04\/kkk.jpg 1200w\" sizes=\"(max-width: 1024px) 100vw, 1024px\" \/><\/figure>\n\n\n\n<p>Im Anschluss an die Auszeichnungen verdienter Feuerwehrmitglieder folgt die Angelobung der Feuerwehrjungkameraden.<\/p>\n\n\n\n<p>Von der Freiw. Feuerwehr Baden-Stadt legten Lia Schatz, Lukas Peter, Andre Stosch, Matteo Jankowitsch und Viktor van de Castell ihr Gel\u00f6bnis f\u00fcr den Feuerwehrdienst ab.<\/p>\n\n\n\n<figure class=\"wp-block-image size-large\"><img decoding=\"async\" width=\"1024\" height=\"606\" src=\"https:\/\/www.ffbs.at\/blog\/wp-content\/uploads\/2023\/04\/lllll-1024x606.jpg\" alt=\"\" class=\"wp-image-44490\" srcset=\"https:\/\/www.ffbs.at\/blog\/wp-content\/uploads\/2023\/04\/lllll-1024x606.jpg 1024w, https:\/\/www.ffbs.at\/blog\/wp-content\/uploads\/2023\/04\/lllll-350x207.jpg 350w, https:\/\/www.ffbs.at\/blog\/wp-content\/uploads\/2023\/04\/lllll-768x454.jpg 768w, https:\/\/www.ffbs.at\/blog\/wp-content\/uploads\/2023\/04\/lllll.jpg 1200w\" sizes=\"(max-width: 1024px) 100vw, 1024px\" \/><\/figure>\n\n\n\n<figure class=\"wp-block-embed is-type-rich is-provider-handler-einbetten wp-block-embed-handler-einbetten\"><div class=\"wp-block-embed__wrapper\">\n<div style=\"width: 640px;\" class=\"wp-video\"><video class=\"wp-video-shortcode\" id=\"video-44254-2\" width=\"640\" height=\"360\" preload=\"metadata\" controls=\"controls\"><source type=\"video\/mp4\" src=\"https:\/\/www.ffbs.at\/data\/fltag23\/20230429_153008.mp4?_=2\" \/><a href=\"https:\/\/www.ffbs.at\/data\/fltag23\/20230429_153008.mp4\">https:\/\/www.ffbs.at\/data\/fltag23\/20230429_153008.mp4<\/a><\/video><\/div>\n<\/div><\/figure>\n\n\n\n<p>Zum ersten Mal legte Nicolas Lindner-Angerer sein Versprechen f\u00fcr die Feuerwehrjugend ab.<\/p>\n\n\n\n<figure class=\"wp-block-embed is-type-rich is-provider-handler-einbetten wp-block-embed-handler-einbetten\"><div class=\"wp-block-embed__wrapper\">\n<div style=\"width: 640px;\" class=\"wp-video\"><video class=\"wp-video-shortcode\" id=\"video-44254-3\" width=\"640\" height=\"360\" preload=\"metadata\" controls=\"controls\"><source type=\"video\/mp4\" src=\"https:\/\/www.ffbs.at\/data\/fltag23\/20230429_153241.mp4?_=3\" \/><a href=\"https:\/\/www.ffbs.at\/data\/fltag23\/20230429_153241.mp4\">https:\/\/www.ffbs.at\/data\/fltag23\/20230429_153241.mp4<\/a><\/video><\/div>\n<\/div><\/figure>\n\n\n\n<figure class=\"wp-block-image size-large\"><img loading=\"lazy\" decoding=\"async\" width=\"1024\" height=\"678\" src=\"https:\/\/www.ffbs.at\/blog\/wp-content\/uploads\/2023\/04\/fj-1024x678.jpg\" alt=\"\" class=\"wp-image-44491\" srcset=\"https:\/\/www.ffbs.at\/blog\/wp-content\/uploads\/2023\/04\/fj-1024x678.jpg 1024w, https:\/\/www.ffbs.at\/blog\/wp-content\/uploads\/2023\/04\/fj-350x232.jpg 350w, https:\/\/www.ffbs.at\/blog\/wp-content\/uploads\/2023\/04\/fj-768x509.jpg 768w, https:\/\/www.ffbs.at\/blog\/wp-content\/uploads\/2023\/04\/fj-1536x1018.jpg 1536w, https:\/\/www.ffbs.at\/blog\/wp-content\/uploads\/2023\/04\/fj.jpg 1600w\" sizes=\"(max-width: 1024px) 100vw, 1024px\" \/><\/figure>\n\n\n\n<p>Ein weiterer H\u00f6hepunkt war die In Dienststellung und Segnung neuer Fahrzeuge.<br>Die FF Baden-Weikersdorf konnte ihr neues HLF2 und ein ATV f\u00fcr Eins\u00e4tze im schwierigen Gel\u00e4nde in Dienst stellen.<\/p>\n\n\n\n<p>Die FF Baden-Stadt stellte mit Fahrzeugpate EOBI Stefan Schneider und Dank seines pers\u00f6nliches Einsatzes ein ATV f\u00fcr Eins\u00e4tze im schwierigen Gel\u00e4nde in den Dienst, die Segnungen nahm FKUR Guganeder vor.<br><\/p>\n\n\n\n<figure class=\"wp-block-image size-large\"><img loading=\"lazy\" decoding=\"async\" width=\"1024\" height=\"678\" src=\"https:\/\/www.ffbs.at\/blog\/wp-content\/uploads\/2023\/04\/Florianitag2023-04-29_Festakt_117-1024x678.jpg\" alt=\"\" class=\"wp-image-44488\" srcset=\"https:\/\/www.ffbs.at\/blog\/wp-content\/uploads\/2023\/04\/Florianitag2023-04-29_Festakt_117-1024x678.jpg 1024w, https:\/\/www.ffbs.at\/blog\/wp-content\/uploads\/2023\/04\/Florianitag2023-04-29_Festakt_117-350x232.jpg 350w, https:\/\/www.ffbs.at\/blog\/wp-content\/uploads\/2023\/04\/Florianitag2023-04-29_Festakt_117-768x509.jpg 768w, https:\/\/www.ffbs.at\/blog\/wp-content\/uploads\/2023\/04\/Florianitag2023-04-29_Festakt_117.jpg 1200w\" sizes=\"(max-width: 1024px) 100vw, 1024px\" \/><\/figure>\n\n\n\n<figure class=\"wp-block-video\"><video controls src=\"https:\/\/www.ffbs.at\/blog\/wp-content\/uploads\/2023\/04\/20230429_152631.mp4\"><\/video><\/figure>\n\n\n\n<p>Zum gem\u00fctlichen Ausklang lud die FF Baden-Weikersdorf auf Gulasch und Getr\u00e4nke aus der Gulaschkanone ein.<\/p>\n\n\n\n<p> <p class=\"has-small-font-size\">Fotos: Freiwillige Feuerwehr Baden-Stadt \/ Michael Rampl<br>Beitrag erstellt durch Michael Rampl<\/p>   ngg_shortcode_0_placeholder<\/p>\n\n\n\n<p>ngg_shortcode_1_placeholder <\/p>\n","protected":false},"excerpt":{"rendered":"<p>Der traditionelle Florianitag der Freiwilligen Feuerwehren der Stadt Baden, fand am Samstag den 29.04.2023 in der Fu\u00dfg\u00e4ngerzone rund um den [&hellip;]<\/p>\n","protected":false},"author":2,"featured_media":0,"comment_status":"closed","ping_status":"closed","sticky":false,"template":"","format":"standard","meta":{"_uag_custom_page_level_css":"","site-sidebar-layout":"default","site-content-layout":"","ast-site-content-layout":"default","site-content-style":"default","site-sidebar-style":"default","ast-global-header-display":"","ast-banner-title-visibility":"","ast-main-header-display":"","ast-hfb-above-header-display":"","ast-hfb-below-header-display":"","ast-hfb-mobile-header-display":"","site-post-title":"","ast-breadcrumbs-content":"","ast-featured-img":"","footer-sml-layout":"","ast-disable-related-posts":"","theme-transparent-header-meta":"","adv-header-id-meta":"","stick-header-meta":"","header-above-stick-meta":"","header-main-stick-meta":"","header-below-stick-meta":"","astra-migrate-meta-layouts":"default","ast-page-background-enabled":"default","ast-page-background-meta":{"desktop":{"background-color":"var(--ast-global-color-4)","background-image":"","background-repeat":"repeat","background-position":"center center","background-size":"auto","background-attachment":"scroll","background-type":"","background-media":"","overlay-type":"","overlay-color":"","overlay-opacity":"","overlay-gradient":""},"tablet":{"background-color":"","background-image":"","background-repeat":"repeat","background-position":"center center","background-size":"auto","background-attachment":"scroll","background-type":"","background-media":"","overlay-type":"","overlay-color":"","overlay-opacity":"","overlay-gradient":""},"mobile":{"background-color":"","background-image":"","background-repeat":"repeat","background-position":"center center","background-size":"auto","background-attachment":"scroll","background-type":"","background-media":"","overlay-type":"","overlay-color":"","overlay-opacity":"","overlay-gradient":""}},"ast-content-background-meta":{"desktop":{"background-color":"var(--ast-global-color-5)","background-image":"","background-repeat":"repeat","background-position":"center center","background-size":"auto","background-attachment":"scroll","background-type":"","background-media":"","overlay-type":"","overlay-color":"","overlay-opacity":"","overlay-gradient":""},"tablet":{"background-color":"var(--ast-global-color-5)","background-image":"","background-repeat":"repeat","background-position":"center center","background-size":"auto","background-attachment":"scroll","background-type":"","background-media":"","overlay-type":"","overlay-color":"","overlay-opacity":"","overlay-gradient":""},"mobile":{"background-color":"var(--ast-global-color-5)","background-image":"","background-repeat":"repeat","background-position":"center center","background-size":"auto","background-attachment":"scroll","background-type":"","background-media":"","overlay-type":"","overlay-color":"","overlay-opacity":"","overlay-gradient":""}},"ngg_post_thumbnail":0,"footnotes":""},"categories":[1],"tags":[],"class_list":["post-44254","post","type-post","status-publish","format-standard","hentry","category-allgemein"],"uagb_featured_image_src":{"full":false,"thumbnail":false,"medium":false,"medium_large":false,"large":false,"1536x1536":false,"2048x2048":false,"tp-image-grid":false},"uagb_author_info":{"display_name":"Michael Rampl","author_link":"https:\/\/www.ffbs.at\/blog\/author\/rampl\/"},"uagb_comment_info":0,"uagb_excerpt":"Der traditionelle Florianitag der Freiwilligen Feuerwehren der Stadt Baden, fand am Samstag den 29.04.2023 in der Fu\u00dfg\u00e4ngerzone rund um den [&hellip;]","rttpg_featured_image_url":null,"rttpg_author":{"display_name":"Michael Rampl","author_link":"https:\/\/www.ffbs.at\/blog\/author\/rampl\/"},"rttpg_comment":0,"rttpg_category":"<a href=\"https:\/\/www.ffbs.at\/blog\/category\/allgemein\/\" rel=\"category tag\">Allgemein<\/a>","rttpg_excerpt":"Der traditionelle Florianitag der Freiwilligen Feuerwehren der Stadt Baden, fand am Samstag den 29.04.2023 in der Fu\u00dfg\u00e4ngerzone rund um den [&hellip;]","_links":{"self":[{"href":"https:\/\/www.ffbs.at\/blog\/wp-json\/wp\/v2\/posts\/44254","targetHints":{"allow":["GET"]}}],"collection":[{"href":"https:\/\/www.ffbs.at\/blog\/wp-json\/wp\/v2\/posts"}],"about":[{"href":"https:\/\/www.ffbs.at\/blog\/wp-json\/wp\/v2\/types\/post"}],"author":[{"embeddable":true,"href":"https:\/\/www.ffbs.at\/blog\/wp-json\/wp\/v2\/users\/2"}],"replies":[{"embeddable":true,"href":"https:\/\/www.ffbs.at\/blog\/wp-json\/wp\/v2\/comments?post=44254"}],"version-history":[{"count":8,"href":"https:\/\/www.ffbs.at\/blog\/wp-json\/wp\/v2\/posts\/44254\/revisions"}],"predecessor-version":[{"id":44559,"href":"https:\/\/www.ffbs.at\/blog\/wp-json\/wp\/v2\/posts\/44254\/revisions\/44559"}],"wp:attachment":[{"href":"https:\/\/www.ffbs.at\/blog\/wp-json\/wp\/v2\/media?parent=44254"}],"wp:term":[{"taxonomy":"category","embeddable":true,"href":"https:\/\/www.ffbs.at\/blog\/wp-json\/wp\/v2\/categories?post=44254"},{"taxonomy":"post_tag","embeddable":true,"href":"https:\/\/www.ffbs.at\/blog\/wp-json\/wp\/v2\/tags?post=44254"}],"curies":[{"name":"wp","href":"https:\/\/api.w.org\/{rel}","templated":true}]}}