{"id":44199,"date":"2023-04-19T23:57:00","date_gmt":"2023-04-19T22:57:00","guid":{"rendered":"https:\/\/www.ffbs.at\/blog\/?p=44199"},"modified":"2023-04-27T00:09:01","modified_gmt":"2023-04-26T23:09:01","slug":"lkw-rammt-baugeruest","status":"publish","type":"post","link":"https:\/\/www.ffbs.at\/blog\/lkw-rammt-baugeruest\/44199\/","title":{"rendered":"Lkw rammt Bauger\u00fcst"},"content":{"rendered":"\n<p><strong>Am 19. April 2023 wurde die Freiwillige Feuerwehr Baden-Stadt von der Stadtpolizei Baden angefordert, nachdem ein Lkw ein Bauger\u00fcst im Stadtzentrum rammte.<\/strong><\/p>\n\n\n\n<p>Der Lkw Lenker \u00fcbersah beim Rechtsabbiegen, dass ein am Gehsteig stehendes Bauger\u00fcst im oberen Bereich bereiter war als unten und prallte mit dem Kofferaufbau dagegen. Dabei wurden auf einer Seite des Bauger\u00fcsts alle Mauerverankerungen aus der Hausfassade gerissen und ein Metallrohr vom Ger\u00fcst bohrte sich in den seitlichen rechten Lkw Aufbau. Der LKW-Lenker hielt das Fahrzeug zum Gl\u00fcck noch rechtzeitig an. W\u00e4re er noch weitergefahren, h\u00e4tte er das Bauger\u00fcst auch noch zum Umst\u00fcrzen gebracht.<\/p>\n\n\n\n<p>Nach unserem Eintreffen erkundeten wir die Lage und sicherten die Einsatzstelle weiter ab. Es stellte sich heraus, dass ein Abbauen des Bauger\u00fcsts notwendig war. In Absprache mit der Polizeistreife wurde der Aufstellungsplatz f\u00fcr die Drehleiter so gew\u00e4hlt, dass der innerst\u00e4dtische Verkehr zumindest einspurig an der Unfallstelle vorbeigeleitet werden konnte, bzw. wurde eine Umleitung am Erzherzog Rainer Ring Kreuzung Renngasse\/Marchetstra\u00dfe installiert. &nbsp;&nbsp;<\/p>\n\n\n\n<p>Um das Ger\u00fcst gefahrlos entfernen zu k\u00f6nnen musste von den Feuerwehreinsatzkr\u00e4ften umsichtig gearbeitet werden, da s\u00e4mtliche Verbindungen des Ger\u00fcsts unter Spannung standen und einzeln gel\u00f6st werden mussten. Das Metall-Rohr welches sich seitlich in den Kofferaufbau bohrte und mit der Hausfassade verkeilte, musste mit einem Akkuwinkelschleifer durchtrennt werden. Der Lkw konnte anschlie\u00dfend die Fahrt fortsetzten.<\/p>\n\n\n\n<p>Die Einsatzstelle wurde an die eingetroffenen Mitarbeiter der Baufirma \u00fcbergeben.<\/p>\n\n\n\n<p class=\"has-small-font-size\">Fotos: Freiwillige Feuerwehr Baden-Stadt \/ Roman van de Castell \/ Stefan Schneider<br>Beitrag erstellt durch Stefan Schneider<\/p>\n\n\n\nngg_shortcode_0_placeholder\n","protected":false},"excerpt":{"rendered":"<p>Am 19. April 2023 wurde die Freiwillige Feuerwehr Baden-Stadt von der Stadtpolizei Baden angefordert, nachdem ein Lkw ein Bauger\u00fcst im [&hellip;]<\/p>\n","protected":false},"author":7,"featured_media":0,"comment_status":"closed","ping_status":"closed","sticky":false,"template":"","format":"standard","meta":{"_uag_custom_page_level_css":"","site-sidebar-layout":"default","site-content-layout":"","ast-site-content-layout":"default","site-content-style":"default","site-sidebar-style":"default","ast-global-header-display":"","ast-banner-title-visibility":"","ast-main-header-display":"","ast-hfb-above-header-display":"","ast-hfb-below-header-display":"","ast-hfb-mobile-header-display":"","site-post-title":"","ast-breadcrumbs-content":"","ast-featured-img":"","footer-sml-layout":"","ast-disable-related-posts":"","theme-transparent-header-meta":"","adv-header-id-meta":"","stick-header-meta":"","header-above-stick-meta":"","header-main-stick-meta":"","header-below-stick-meta":"","astra-migrate-meta-layouts":"default","ast-page-background-enabled":"default","ast-page-background-meta":{"desktop":{"background-color":"var(--ast-global-color-4)","background-image":"","background-repeat":"repeat","background-position":"center center","background-size":"auto","background-attachment":"scroll","background-type":"","background-media":"","overlay-type":"","overlay-color":"","overlay-opacity":"","overlay-gradient":""},"tablet":{"background-color":"","background-image":"","background-repeat":"repeat","background-position":"center center","background-size":"auto","background-attachment":"scroll","background-type":"","background-media":"","overlay-type":"","overlay-color":"","overlay-opacity":"","overlay-gradient":""},"mobile":{"background-color":"","background-image":"","background-repeat":"repeat","background-position":"center center","background-size":"auto","background-attachment":"scroll","background-type":"","background-media":"","overlay-type":"","overlay-color":"","overlay-opacity":"","overlay-gradient":""}},"ast-content-background-meta":{"desktop":{"background-color":"var(--ast-global-color-5)","background-image":"","background-repeat":"repeat","background-position":"center center","background-size":"auto","background-attachment":"scroll","background-type":"","background-media":"","overlay-type":"","overlay-color":"","overlay-opacity":"","overlay-gradient":""},"tablet":{"background-color":"var(--ast-global-color-5)","background-image":"","background-repeat":"repeat","background-position":"center center","background-size":"auto","background-attachment":"scroll","background-type":"","background-media":"","overlay-type":"","overlay-color":"","overlay-opacity":"","overlay-gradient":""},"mobile":{"background-color":"var(--ast-global-color-5)","background-image":"","background-repeat":"repeat","background-position":"center center","background-size":"auto","background-attachment":"scroll","background-type":"","background-media":"","overlay-type":"","overlay-color":"","overlay-opacity":"","overlay-gradient":""}},"ngg_post_thumbnail":0,"footnotes":""},"categories":[3,1,274],"tags":[],"class_list":["post-44199","post","type-post","status-publish","format-standard","hentry","category-aktuelles","category-allgemein","category-einsatzuebersicht"],"uagb_featured_image_src":{"full":false,"thumbnail":false,"medium":false,"medium_large":false,"large":false,"1536x1536":false,"2048x2048":false,"tp-image-grid":false},"uagb_author_info":{"display_name":"Stefan Schneider","author_link":"https:\/\/www.ffbs.at\/blog\/author\/stefan\/"},"uagb_comment_info":0,"uagb_excerpt":"Am 19. April 2023 wurde die Freiwillige Feuerwehr Baden-Stadt von der Stadtpolizei Baden angefordert, nachdem ein Lkw ein Bauger\u00fcst im [&hellip;]","rttpg_featured_image_url":null,"rttpg_author":{"display_name":"Stefan Schneider","author_link":"https:\/\/www.ffbs.at\/blog\/author\/stefan\/"},"rttpg_comment":0,"rttpg_category":"<a href=\"https:\/\/www.ffbs.at\/blog\/category\/aktuelles\/\" rel=\"category tag\">Aktuelles<\/a> <a href=\"https:\/\/www.ffbs.at\/blog\/category\/allgemein\/\" rel=\"category tag\">Allgemein<\/a> <a href=\"https:\/\/www.ffbs.at\/blog\/category\/einsatzuebersicht\/\" rel=\"category tag\">Einsatz\u00fcbersicht<\/a>","rttpg_excerpt":"Am 19. April 2023 wurde die Freiwillige Feuerwehr Baden-Stadt von der Stadtpolizei Baden angefordert, nachdem ein Lkw ein Bauger\u00fcst im [&hellip;]","_links":{"self":[{"href":"https:\/\/www.ffbs.at\/blog\/wp-json\/wp\/v2\/posts\/44199","targetHints":{"allow":["GET"]}}],"collection":[{"href":"https:\/\/www.ffbs.at\/blog\/wp-json\/wp\/v2\/posts"}],"about":[{"href":"https:\/\/www.ffbs.at\/blog\/wp-json\/wp\/v2\/types\/post"}],"author":[{"embeddable":true,"href":"https:\/\/www.ffbs.at\/blog\/wp-json\/wp\/v2\/users\/7"}],"replies":[{"embeddable":true,"href":"https:\/\/www.ffbs.at\/blog\/wp-json\/wp\/v2\/comments?post=44199"}],"version-history":[{"count":9,"href":"https:\/\/www.ffbs.at\/blog\/wp-json\/wp\/v2\/posts\/44199\/revisions"}],"predecessor-version":[{"id":44246,"href":"https:\/\/www.ffbs.at\/blog\/wp-json\/wp\/v2\/posts\/44199\/revisions\/44246"}],"wp:attachment":[{"href":"https:\/\/www.ffbs.at\/blog\/wp-json\/wp\/v2\/media?parent=44199"}],"wp:term":[{"taxonomy":"category","embeddable":true,"href":"https:\/\/www.ffbs.at\/blog\/wp-json\/wp\/v2\/categories?post=44199"},{"taxonomy":"post_tag","embeddable":true,"href":"https:\/\/www.ffbs.at\/blog\/wp-json\/wp\/v2\/tags?post=44199"}],"curies":[{"name":"wp","href":"https:\/\/api.w.org\/{rel}","templated":true}]}}