{"id":44113,"date":"2023-04-15T23:59:00","date_gmt":"2023-04-15T22:59:00","guid":{"rendered":"https:\/\/www.ffbs.at\/blog\/?p=44113"},"modified":"2023-04-27T00:08:46","modified_gmt":"2023-04-26T23:08:46","slug":"mehrere-auspumparbeiten-nach-starkregen","status":"publish","type":"post","link":"https:\/\/www.ffbs.at\/blog\/mehrere-auspumparbeiten-nach-starkregen\/44113\/","title":{"rendered":"Mehrere Auspumparbeiten nach Starkregen"},"content":{"rendered":"\n<p><strong>Anhaltenden Niederschl\u00e4ge \u00fcber 24 Stunden lie\u00dfen auch im Bezirk Baden B\u00e4che und Fl\u00fcsse die Pegel ansteigen. Massiv betroffen vor allem der Schwechatfluss. Einige Feuerwehren standen in der Nacht auf Samstag 15. April 2023 im Hochwasser- bzw. Unwettereinsatz. In Tribuswinkel Gemeinde Traiskirchen musste sogar der mobile Hochwasserschutz noch in den Nachtstunden aufgebaut werden.<\/strong><br><br><strong>1. Einsatzstelle &#8211; Keller einer Wohnhausanlage<\/strong>:<\/p>\n\n\n\n<p>Ab Mittag des 15.04. stand dann auch die Freiwillige Feuerwehr Baden-Stadt \u00fcber mehrere Stunden lang bei Auspumparbeiten im Dauereinsatz. Bei einer Wohnhausanlage drang Wasser in den Keller ein, wobei hier nicht nur mehrere Kellerabteile unter Wasser standen, sondern auch der Heiz- bzw. Technikraum. Die besondere Herausforderung an dieser Einsatzstelle war, dass das betroffene Objekt im hintersten Bereich des Grundst\u00fccks lag und ein erstes Abpumpen in einen Zwischenschacht nicht ausreichte. Daher \u00fcber eine l\u00e4ngere Wegstrecke bis auf die Stra\u00dfe Schl\u00e4uche verlegt werden mussten, um das Wasser \u00fcber den \u00f6ffentlichen Regenwasserkanal ableiten zu k\u00f6nnen. Neben mehrerer Schmutzwasserpumpen setzten wir auch zwei Nasssauger ein. Schon bei dieser Einsatzstelle bewehrte sich erneut unser R\u00fcstcontainer in dem sich gleich mehrere Ger\u00e4tschaften und Pumpen f\u00fcr solch gr\u00f6\u00dferen Pumparbeiten befinden.<br>ngg_shortcode_0_placeholder<\/p>\n\n\n\n<p><strong>2. Einsatzstelle \u2013 Tiefgarage einer Wohnhausanlage<\/strong>:<\/p>\n\n\n\n<p>W\u00e4hrend die erste Einsatzstelle noch voll im Laufen war, erreichte uns die Meldung von einer weiteren Einsatzadresse. Diesmal betraf es eine gro\u00dfe Tiefgarage einer Wohnhausanlage im Stadtzentrum. Unser Tank 1 fuhr diese Adresse an und begann mit den Pumparbeiten. Das Problem hier war, dass zwar dort eine Pumpe in einem Schacht verbaut ist, jedoch aufgrund eines technischen Problems ausfiel und das Wasser nicht mehr abpumpen konnte. Somit f\u00fcllten sich auch noch weitere Sch\u00e4chte in der Garage. Nachdem die erste Einsatzstelle von unseren freiwilligen Feuerwehrleuten abgeschlossen werden konnten, r\u00fcckten diese Kr\u00e4fte auch zur zweiten Einsatzstelle der Tiefgarage nach und unterst\u00fctzten auch dort die Pumparbeiten.<br>ngg_shortcode_1_placeholder<\/p>\n\n\n\n<p><strong>3. Einsatzstelle \u2013 arch\u00e4ologische Ausgrabungsst\u00e4tte im Badener Kurpark<\/strong>:<\/p>\n\n\n\n<p>Auch bei der arch\u00e4ologischen Ausgrabungsst\u00e4tte im Badener Kurpark mussten wir t\u00e4tig werden. Hier stand in der noch offenen Grube an mehreren Stellen das Wasser und bedrohte die abgedeckten r\u00f6mischen Mauern zu Untersp\u00fclen und zu besch\u00e4digen. Diese wurden im Zuge von Grabarbeiten f\u00fcr eine Entw\u00e4sserung zuf\u00e4llig gefunden. Dabei wurden Siedlungsschichten bis ins erste Jahrhundert freigelegt. Mittels Einsatzes einer Schmutzwasserpumpe gelang es der Freiwilligen Feuerwehr Baden-Stadt die Gefahr zu bannen und einen gr\u00f6\u00dferen Schaden an der r\u00f6mischen Grabungsst\u00e4tte abzuwehren. &nbsp;<\/p>\n\n\n\n<p>Nachdem alle Einsatzstelle abgearbeitet werden konnten, galt es noch im Feuerwehrhaus die Einsatzbereitschaft wiederherzustellen.<\/p>\n\n\n\n<p class=\"has-small-font-size\">Fotos: Freiwillige Feuerwehr Baden-Stadt \/ Alexander Riesner \/ Fritz Beichbuchner \/ Robert Lichtenauer \/ Roman W\u00f6hrer \/ Christoph Hinterberger<br>Beitrag erstellt durch Stefan Schneider<\/p>\n\n\n\nngg_shortcode_2_placeholder\n","protected":false},"excerpt":{"rendered":"<p>Anhaltenden Niederschl\u00e4ge \u00fcber 24 Stunden lie\u00dfen auch im Bezirk Baden B\u00e4che und Fl\u00fcsse die Pegel ansteigen. Massiv betroffen vor allem [&hellip;]<\/p>\n","protected":false},"author":7,"featured_media":0,"comment_status":"closed","ping_status":"closed","sticky":false,"template":"","format":"standard","meta":{"_uag_custom_page_level_css":"","site-sidebar-layout":"default","site-content-layout":"","ast-site-content-layout":"default","site-content-style":"default","site-sidebar-style":"default","ast-global-header-display":"","ast-banner-title-visibility":"","ast-main-header-display":"","ast-hfb-above-header-display":"","ast-hfb-below-header-display":"","ast-hfb-mobile-header-display":"","site-post-title":"","ast-breadcrumbs-content":"","ast-featured-img":"","footer-sml-layout":"","ast-disable-related-posts":"","theme-transparent-header-meta":"","adv-header-id-meta":"","stick-header-meta":"","header-above-stick-meta":"","header-main-stick-meta":"","header-below-stick-meta":"","astra-migrate-meta-layouts":"default","ast-page-background-enabled":"default","ast-page-background-meta":{"desktop":{"background-color":"var(--ast-global-color-4)","background-image":"","background-repeat":"repeat","background-position":"center center","background-size":"auto","background-attachment":"scroll","background-type":"","background-media":"","overlay-type":"","overlay-color":"","overlay-opacity":"","overlay-gradient":""},"tablet":{"background-color":"","background-image":"","background-repeat":"repeat","background-position":"center center","background-size":"auto","background-attachment":"scroll","background-type":"","background-media":"","overlay-type":"","overlay-color":"","overlay-opacity":"","overlay-gradient":""},"mobile":{"background-color":"","background-image":"","background-repeat":"repeat","background-position":"center center","background-size":"auto","background-attachment":"scroll","background-type":"","background-media":"","overlay-type":"","overlay-color":"","overlay-opacity":"","overlay-gradient":""}},"ast-content-background-meta":{"desktop":{"background-color":"var(--ast-global-color-5)","background-image":"","background-repeat":"repeat","background-position":"center center","background-size":"auto","background-attachment":"scroll","background-type":"","background-media":"","overlay-type":"","overlay-color":"","overlay-opacity":"","overlay-gradient":""},"tablet":{"background-color":"var(--ast-global-color-5)","background-image":"","background-repeat":"repeat","background-position":"center center","background-size":"auto","background-attachment":"scroll","background-type":"","background-media":"","overlay-type":"","overlay-color":"","overlay-opacity":"","overlay-gradient":""},"mobile":{"background-color":"var(--ast-global-color-5)","background-image":"","background-repeat":"repeat","background-position":"center center","background-size":"auto","background-attachment":"scroll","background-type":"","background-media":"","overlay-type":"","overlay-color":"","overlay-opacity":"","overlay-gradient":""}},"ngg_post_thumbnail":0,"footnotes":""},"categories":[3,1,274],"tags":[],"class_list":["post-44113","post","type-post","status-publish","format-standard","hentry","category-aktuelles","category-allgemein","category-einsatzuebersicht"],"uagb_featured_image_src":{"full":false,"thumbnail":false,"medium":false,"medium_large":false,"large":false,"1536x1536":false,"2048x2048":false,"tp-image-grid":false},"uagb_author_info":{"display_name":"Stefan Schneider","author_link":"https:\/\/www.ffbs.at\/blog\/author\/stefan\/"},"uagb_comment_info":0,"uagb_excerpt":"Anhaltenden Niederschl\u00e4ge \u00fcber 24 Stunden lie\u00dfen auch im Bezirk Baden B\u00e4che und Fl\u00fcsse die Pegel ansteigen. Massiv betroffen vor allem [&hellip;]","rttpg_featured_image_url":null,"rttpg_author":{"display_name":"Stefan Schneider","author_link":"https:\/\/www.ffbs.at\/blog\/author\/stefan\/"},"rttpg_comment":0,"rttpg_category":"<a href=\"https:\/\/www.ffbs.at\/blog\/category\/aktuelles\/\" rel=\"category tag\">Aktuelles<\/a> <a href=\"https:\/\/www.ffbs.at\/blog\/category\/allgemein\/\" rel=\"category tag\">Allgemein<\/a> <a href=\"https:\/\/www.ffbs.at\/blog\/category\/einsatzuebersicht\/\" rel=\"category tag\">Einsatz\u00fcbersicht<\/a>","rttpg_excerpt":"Anhaltenden Niederschl\u00e4ge \u00fcber 24 Stunden lie\u00dfen auch im Bezirk Baden B\u00e4che und Fl\u00fcsse die Pegel ansteigen. Massiv betroffen vor allem [&hellip;]","_links":{"self":[{"href":"https:\/\/www.ffbs.at\/blog\/wp-json\/wp\/v2\/posts\/44113","targetHints":{"allow":["GET"]}}],"collection":[{"href":"https:\/\/www.ffbs.at\/blog\/wp-json\/wp\/v2\/posts"}],"about":[{"href":"https:\/\/www.ffbs.at\/blog\/wp-json\/wp\/v2\/types\/post"}],"author":[{"embeddable":true,"href":"https:\/\/www.ffbs.at\/blog\/wp-json\/wp\/v2\/users\/7"}],"replies":[{"embeddable":true,"href":"https:\/\/www.ffbs.at\/blog\/wp-json\/wp\/v2\/comments?post=44113"}],"version-history":[{"count":8,"href":"https:\/\/www.ffbs.at\/blog\/wp-json\/wp\/v2\/posts\/44113\/revisions"}],"predecessor-version":[{"id":44245,"href":"https:\/\/www.ffbs.at\/blog\/wp-json\/wp\/v2\/posts\/44113\/revisions\/44245"}],"wp:attachment":[{"href":"https:\/\/www.ffbs.at\/blog\/wp-json\/wp\/v2\/media?parent=44113"}],"wp:term":[{"taxonomy":"category","embeddable":true,"href":"https:\/\/www.ffbs.at\/blog\/wp-json\/wp\/v2\/categories?post=44113"},{"taxonomy":"post_tag","embeddable":true,"href":"https:\/\/www.ffbs.at\/blog\/wp-json\/wp\/v2\/tags?post=44113"}],"curies":[{"name":"wp","href":"https:\/\/api.w.org\/{rel}","templated":true}]}}