{"id":44031,"date":"2023-04-05T23:58:00","date_gmt":"2023-04-05T22:58:00","guid":{"rendered":"https:\/\/www.ffbs.at\/blog\/?p=44031"},"modified":"2023-04-26T14:57:33","modified_gmt":"2023-04-26T13:57:33","slug":"besichtigung-neue-waldbrandcontainer-des-noe-landesfeuerwehrverbandes","status":"publish","type":"post","link":"https:\/\/www.ffbs.at\/blog\/besichtigung-neue-waldbrandcontainer-des-noe-landesfeuerwehrverbandes\/44031\/","title":{"rendered":"Besichtigung neue Waldbrandcontainer des N\u00d6 Landesfeuerwehrverbandes"},"content":{"rendered":"\n<p><strong>Am Mittwochabend des 04. April 2023 hatten wir die M\u00f6glichkeit die zwei neuen, vom N\u00f6 Landesfeuerwehrverband angeschafften, Rollcontainer f\u00fcr die Wald- und Flurbrandbek\u00e4mpfung, welche f\u00fcr den Feuerwehrabschnitt Baden Stadt bei der FF Baden Weikersdorf stationiert sind, im Feuerwehrhaus Weikersdorf zu besichtigen.<\/strong><\/p>\n\n\n\n<p>Nach der Begr\u00fc\u00dfung und Einleitung durch den Feuerwehrkommandanten HBI Martin Sinkovits wurden uns die Ger\u00e4tschaften durch VM Georg Mrvka FF Baden Weikersdorf vorgestellt und erkl\u00e4rt bzw. auch Fragen beantwortet.<\/p>\n\n\n\n<p>Anschlie\u00dfend bestand auch die M\u00f6glichkeit sich mit den einzelnen Ger\u00e4tschaften n\u00e4her vertraut zu machen. K\u00fcnftig werden in so einem Einsatzfall auch diese zum Einsatz kommen. Aufgrund der immer h\u00e4ufiger auftretenden Trockenperioden sind vor allem die Bezirke Neunkirchen, Wr. Neustadt, Baden und M\u00f6dling, besonders von Waldbr\u00e4nden gef\u00e4hrdet. Deshalb wurden neben der Anschaffung von eigenen speziellen neuen Waldbrandfahrzeugen, die bereits in mehreren Bezirken vom N\u00d6 Landesfeuerwehrverband stationiert worden sind, nun auch noch spezielle Waldbrand-Rollcontainer zus\u00e4tzlich vom N\u00d6LFV angeschafft und Anfang dieses Jahres bei den neuen Abschnitts-Waldbrandgruppen jeweils zwei solcher speziellen Rollcontainer stationiert.<\/p>\n\n\n\n<p>Einige Mitglieder der FF Baden-Stadt, die sich f\u00fcr die Waldbrandgruppe in unserem Feuerwehrabschnitt gemeldet hatten, absolvierten die ersten Anforderungen bzw. haben bereits das Wald- und Flurbrandmodul auf Bezirksebene besucht.<\/p>\n\n\n\n<p><strong>Wir m\u00f6chten uns bei der FF Baden Weikersdorf f\u00fcr den informativen Abend bedanken<\/strong>.<\/p>\n\n\n\n<p class=\"has-small-font-size\">Fotos: Freiwillige Feuerwehr Baden-Stadt \/ Stefan Schneider<br>Beitrag erstellt durch Stefan Schneider<\/p>\n\n\n\nngg_shortcode_0_placeholder\n","protected":false},"excerpt":{"rendered":"<p>Am Mittwochabend des 04. April 2023 hatten wir die M\u00f6glichkeit die zwei neuen, vom N\u00f6 Landesfeuerwehrverband angeschafften, Rollcontainer f\u00fcr die [&hellip;]<\/p>\n","protected":false},"author":7,"featured_media":0,"comment_status":"closed","ping_status":"closed","sticky":false,"template":"","format":"standard","meta":{"_uag_custom_page_level_css":"","site-sidebar-layout":"default","site-content-layout":"","ast-site-content-layout":"default","site-content-style":"default","site-sidebar-style":"default","ast-global-header-display":"","ast-banner-title-visibility":"","ast-main-header-display":"","ast-hfb-above-header-display":"","ast-hfb-below-header-display":"","ast-hfb-mobile-header-display":"","site-post-title":"","ast-breadcrumbs-content":"","ast-featured-img":"","footer-sml-layout":"","ast-disable-related-posts":"","theme-transparent-header-meta":"","adv-header-id-meta":"","stick-header-meta":"","header-above-stick-meta":"","header-main-stick-meta":"","header-below-stick-meta":"","astra-migrate-meta-layouts":"default","ast-page-background-enabled":"default","ast-page-background-meta":{"desktop":{"background-color":"var(--ast-global-color-4)","background-image":"","background-repeat":"repeat","background-position":"center center","background-size":"auto","background-attachment":"scroll","background-type":"","background-media":"","overlay-type":"","overlay-color":"","overlay-opacity":"","overlay-gradient":""},"tablet":{"background-color":"","background-image":"","background-repeat":"repeat","background-position":"center center","background-size":"auto","background-attachment":"scroll","background-type":"","background-media":"","overlay-type":"","overlay-color":"","overlay-opacity":"","overlay-gradient":""},"mobile":{"background-color":"","background-image":"","background-repeat":"repeat","background-position":"center center","background-size":"auto","background-attachment":"scroll","background-type":"","background-media":"","overlay-type":"","overlay-color":"","overlay-opacity":"","overlay-gradient":""}},"ast-content-background-meta":{"desktop":{"background-color":"var(--ast-global-color-5)","background-image":"","background-repeat":"repeat","background-position":"center center","background-size":"auto","background-attachment":"scroll","background-type":"","background-media":"","overlay-type":"","overlay-color":"","overlay-opacity":"","overlay-gradient":""},"tablet":{"background-color":"var(--ast-global-color-5)","background-image":"","background-repeat":"repeat","background-position":"center center","background-size":"auto","background-attachment":"scroll","background-type":"","background-media":"","overlay-type":"","overlay-color":"","overlay-opacity":"","overlay-gradient":""},"mobile":{"background-color":"var(--ast-global-color-5)","background-image":"","background-repeat":"repeat","background-position":"center center","background-size":"auto","background-attachment":"scroll","background-type":"","background-media":"","overlay-type":"","overlay-color":"","overlay-opacity":"","overlay-gradient":""}},"ngg_post_thumbnail":0,"footnotes":""},"categories":[3,1,4],"tags":[],"class_list":["post-44031","post","type-post","status-publish","format-standard","hentry","category-aktuelles","category-allgemein","category-ausbildung"],"uagb_featured_image_src":{"full":false,"thumbnail":false,"medium":false,"medium_large":false,"large":false,"1536x1536":false,"2048x2048":false,"tp-image-grid":false},"uagb_author_info":{"display_name":"Stefan Schneider","author_link":"https:\/\/www.ffbs.at\/blog\/author\/stefan\/"},"uagb_comment_info":0,"uagb_excerpt":"Am Mittwochabend des 04. April 2023 hatten wir die M\u00f6glichkeit die zwei neuen, vom N\u00f6 Landesfeuerwehrverband angeschafften, Rollcontainer f\u00fcr die [&hellip;]","rttpg_featured_image_url":null,"rttpg_author":{"display_name":"Stefan Schneider","author_link":"https:\/\/www.ffbs.at\/blog\/author\/stefan\/"},"rttpg_comment":0,"rttpg_category":"<a href=\"https:\/\/www.ffbs.at\/blog\/category\/aktuelles\/\" rel=\"category tag\">Aktuelles<\/a> <a href=\"https:\/\/www.ffbs.at\/blog\/category\/allgemein\/\" rel=\"category tag\">Allgemein<\/a> <a href=\"https:\/\/www.ffbs.at\/blog\/category\/ausbildung\/\" rel=\"category tag\">Ausbildung<\/a>","rttpg_excerpt":"Am Mittwochabend des 04. April 2023 hatten wir die M\u00f6glichkeit die zwei neuen, vom N\u00f6 Landesfeuerwehrverband angeschafften, Rollcontainer f\u00fcr die [&hellip;]","_links":{"self":[{"href":"https:\/\/www.ffbs.at\/blog\/wp-json\/wp\/v2\/posts\/44031","targetHints":{"allow":["GET"]}}],"collection":[{"href":"https:\/\/www.ffbs.at\/blog\/wp-json\/wp\/v2\/posts"}],"about":[{"href":"https:\/\/www.ffbs.at\/blog\/wp-json\/wp\/v2\/types\/post"}],"author":[{"embeddable":true,"href":"https:\/\/www.ffbs.at\/blog\/wp-json\/wp\/v2\/users\/7"}],"replies":[{"embeddable":true,"href":"https:\/\/www.ffbs.at\/blog\/wp-json\/wp\/v2\/comments?post=44031"}],"version-history":[{"count":4,"href":"https:\/\/www.ffbs.at\/blog\/wp-json\/wp\/v2\/posts\/44031\/revisions"}],"predecessor-version":[{"id":44095,"href":"https:\/\/www.ffbs.at\/blog\/wp-json\/wp\/v2\/posts\/44031\/revisions\/44095"}],"wp:attachment":[{"href":"https:\/\/www.ffbs.at\/blog\/wp-json\/wp\/v2\/media?parent=44031"}],"wp:term":[{"taxonomy":"category","embeddable":true,"href":"https:\/\/www.ffbs.at\/blog\/wp-json\/wp\/v2\/categories?post=44031"},{"taxonomy":"post_tag","embeddable":true,"href":"https:\/\/www.ffbs.at\/blog\/wp-json\/wp\/v2\/tags?post=44031"}],"curies":[{"name":"wp","href":"https:\/\/api.w.org\/{rel}","templated":true}]}}