{"id":44024,"date":"2023-03-28T23:59:00","date_gmt":"2023-03-28T22:59:00","guid":{"rendered":"https:\/\/www.ffbs.at\/blog\/?p=44024"},"modified":"2023-04-12T22:52:46","modified_gmt":"2023-04-12T21:52:46","slug":"waldbrandverordnung-bezirk-baden-in-kraft-getreten","status":"publish","type":"post","link":"https:\/\/www.ffbs.at\/blog\/waldbrandverordnung-bezirk-baden-in-kraft-getreten\/44024\/","title":{"rendered":"Waldbrandverordnung Bezirk BADEN in Kraft getreten!"},"content":{"rendered":"\n<p>Auch in diesem Jahr gab es aufgrund der Trockenheit bereits sehr fr\u00fch die ersten Waldbr\u00e4nde. Nachdem die Waldbrandverordnung f\u00fcr das Jahr 2023 in den N\u00d6 Bezirken Neunkirchen, Wr.Neustadt, Bruck\/Leitha bereits in Kraft getreten sind ist es nun seit 28.M\u00e4rz auch im Bezirk BADEN soweit.<\/p>\n\n\n\n<figure class=\"wp-block-image size-full\"><img fetchpriority=\"high\" decoding=\"async\" width=\"800\" height=\"526\" src=\"https:\/\/www.ffbs.at\/blog\/wp-content\/uploads\/2023\/04\/Waldbrandverordnung_2023_Bezirk_BADEN-02.jpg\" alt=\"\" class=\"wp-image-44025\" srcset=\"https:\/\/www.ffbs.at\/blog\/wp-content\/uploads\/2023\/04\/Waldbrandverordnung_2023_Bezirk_BADEN-02.jpg 800w, https:\/\/www.ffbs.at\/blog\/wp-content\/uploads\/2023\/04\/Waldbrandverordnung_2023_Bezirk_BADEN-02-350x230.jpg 350w, https:\/\/www.ffbs.at\/blog\/wp-content\/uploads\/2023\/04\/Waldbrandverordnung_2023_Bezirk_BADEN-02-768x505.jpg 768w\" sizes=\"(max-width: 800px) 100vw, 800px\" \/><\/figure>\n\n\n\n<p>Die Bezirkshauptmannschaft Baden hat am 28. M\u00e4rz 2023 aufgrund des \u00a7 41 des Forstgesetzes 1975, BGBl. Nr.440\/1975, Ma\u00dfnahmen zur Hintanhaltung von Waldbr\u00e4nden verordnet:<\/p>\n\n\n\n<p>Verordnung der Bezirkshauptmannschaft Baden, mit welcher forstpolizeiliche Ma\u00dfnahmen zur Verhinderung von Waldbr\u00e4nden im Verwaltungsbezirk Baden erlassen werden.<\/p>\n\n\n\n<p><strong>Pr\u00e4ambel<\/strong><\/p>\n\n\n\n<p>Auf Grund der vorherrschenden Witterungsverh\u00e4ltnisse und der damit einhergehenden Trockenheit sowie der damit verbundenen erh\u00f6hten Gefahr von Waldbr\u00e4nden ergeht gem\u00e4\u00df \u00a7 41 Absatz 1 des Forstgesetzes 1975 nachstehende<\/p>\n\n\n\n<p><strong>VERORDNUNG<\/strong><\/p>\n\n\n\n<p>der Bezirkshauptmannschaft Baden, mit welcher forstpolizeiliche Ma\u00dfnahmen zur Verhinderung von Waldbr\u00e4nden im Verwaltungsbezirk Baden erlassen werden.<\/p>\n\n\n\n<p><strong>\u00a7 1<\/strong><\/p>\n\n\n\n<p><br>Im gesamten Verwaltungsbezirk Baden ist in den W\u00e4ldern sowie in Waldn\u00e4he jegliches Feuerentz\u00fcnden und das Unterhalten von Feuer, sowie das Wegwerfen von brennenden oder glimmenden Gegenst\u00e4nden wie z.B. Z\u00fcndh\u00f6lzer und Zigaretten, aber auch Glasflaschen und Glasscherben (Brennglaswirkung) im Waldbereich und die Verwendung von pyrotechnischen Gegenst\u00e4nden sowie das Rauchen verboten.<\/p>\n\n\n\n<p><strong>\u00a7 2<\/strong><\/p>\n\n\n\n<p>Ausgenommen von diesem Verbot sind beh\u00f6rdlich genehmigte Grillpl\u00e4tze, sofern nichts Anderes bestimmt wird.<\/p>\n\n\n\n<p><strong>\u00a7 3<\/strong><\/p>\n\n\n\n<p>Das Zuwiderhandeln gegen dieses Verbot stellt eine Verwaltungs\u00fcbertretung nach \u00a7 174 Abs. 1 lit. a Ziff. 17 des Forstgesetzes 1975 idgF dar und wird von der Bezirksverwaltungsbeh\u00f6rde mit einer Geldstrafe bis zu \u20ac 7.270,&#8211; oder mit Arrest bis zu vier Wochen bestraft.<\/p>\n\n\n\n<p>VBl. BH BN Nr. 4\/2023 &#8211; Ausgegeben am 28.03.2023<\/p>\n\n\n\n<p><br>Die Verordnung tritt mit Ablauf des 31.10.202\u00a7 au\u00dfer Kraft.<br><br>Quelle: <a rel=\"noreferrer noopener\" href=\"https:\/\/www.noe.gv.at\/noe\/Katastrophenschutz\/Waldbrandgefahr.html\" target=\"_blank\">Bezirkshauptmannschaft BADEN<\/a><\/p>\n\n\n\n<p><a href=\"http:\/\/www.bfkdo-baden.com\/cms\/upload\/Bilder_News_2023\/2023_03_28_I\/Waldbrand_VO_BHBN_2023.pdf\">Waldbrandverordung 2023 Bezirk BADEN<\/a>&nbsp;<\/p>\n\n\n\n<figure class=\"wp-block-image aligncenter size-full\"><img decoding=\"async\" width=\"513\" height=\"800\" src=\"https:\/\/www.ffbs.at\/blog\/wp-content\/uploads\/2023\/04\/Waldbrand_VO_BHBN_2023-1-klein.jpg\" alt=\"\" class=\"wp-image-44026\" srcset=\"https:\/\/www.ffbs.at\/blog\/wp-content\/uploads\/2023\/04\/Waldbrand_VO_BHBN_2023-1-klein.jpg 513w, https:\/\/www.ffbs.at\/blog\/wp-content\/uploads\/2023\/04\/Waldbrand_VO_BHBN_2023-1-klein-224x350.jpg 224w\" sizes=\"(max-width: 513px) 100vw, 513px\" \/><\/figure>\n\n\n\n<figure class=\"wp-block-image aligncenter size-full is-resized\"><img decoding=\"async\" src=\"https:\/\/www.ffbs.at\/blog\/wp-content\/uploads\/2023\/04\/Waldbrand_VO_BHBN_2023-1-klein-02.jpg\" alt=\"\" class=\"wp-image-44027\" width=\"513\" height=\"805\" srcset=\"https:\/\/www.ffbs.at\/blog\/wp-content\/uploads\/2023\/04\/Waldbrand_VO_BHBN_2023-1-klein-02.jpg 513w, https:\/\/www.ffbs.at\/blog\/wp-content\/uploads\/2023\/04\/Waldbrand_VO_BHBN_2023-1-klein-02-223x350.jpg 223w\" sizes=\"(max-width: 513px) 100vw, 513px\" \/><\/figure>\n","protected":false},"excerpt":{"rendered":"<p>Auch in diesem Jahr gab es aufgrund der Trockenheit bereits sehr fr\u00fch die ersten Waldbr\u00e4nde. Nachdem die Waldbrandverordnung f\u00fcr das [&hellip;]<\/p>\n","protected":false},"author":7,"featured_media":0,"comment_status":"closed","ping_status":"closed","sticky":false,"template":"","format":"standard","meta":{"_uag_custom_page_level_css":"","site-sidebar-layout":"default","site-content-layout":"","ast-site-content-layout":"default","site-content-style":"default","site-sidebar-style":"default","ast-global-header-display":"","ast-banner-title-visibility":"","ast-main-header-display":"","ast-hfb-above-header-display":"","ast-hfb-below-header-display":"","ast-hfb-mobile-header-display":"","site-post-title":"","ast-breadcrumbs-content":"","ast-featured-img":"","footer-sml-layout":"","ast-disable-related-posts":"","theme-transparent-header-meta":"","adv-header-id-meta":"","stick-header-meta":"","header-above-stick-meta":"","header-main-stick-meta":"","header-below-stick-meta":"","astra-migrate-meta-layouts":"default","ast-page-background-enabled":"default","ast-page-background-meta":{"desktop":{"background-color":"var(--ast-global-color-4)","background-image":"","background-repeat":"repeat","background-position":"center center","background-size":"auto","background-attachment":"scroll","background-type":"","background-media":"","overlay-type":"","overlay-color":"","overlay-opacity":"","overlay-gradient":""},"tablet":{"background-color":"","background-image":"","background-repeat":"repeat","background-position":"center center","background-size":"auto","background-attachment":"scroll","background-type":"","background-media":"","overlay-type":"","overlay-color":"","overlay-opacity":"","overlay-gradient":""},"mobile":{"background-color":"","background-image":"","background-repeat":"repeat","background-position":"center center","background-size":"auto","background-attachment":"scroll","background-type":"","background-media":"","overlay-type":"","overlay-color":"","overlay-opacity":"","overlay-gradient":""}},"ast-content-background-meta":{"desktop":{"background-color":"var(--ast-global-color-5)","background-image":"","background-repeat":"repeat","background-position":"center center","background-size":"auto","background-attachment":"scroll","background-type":"","background-media":"","overlay-type":"","overlay-color":"","overlay-opacity":"","overlay-gradient":""},"tablet":{"background-color":"var(--ast-global-color-5)","background-image":"","background-repeat":"repeat","background-position":"center center","background-size":"auto","background-attachment":"scroll","background-type":"","background-media":"","overlay-type":"","overlay-color":"","overlay-opacity":"","overlay-gradient":""},"mobile":{"background-color":"var(--ast-global-color-5)","background-image":"","background-repeat":"repeat","background-position":"center center","background-size":"auto","background-attachment":"scroll","background-type":"","background-media":"","overlay-type":"","overlay-color":"","overlay-opacity":"","overlay-gradient":""}},"ngg_post_thumbnail":0,"footnotes":""},"categories":[3,1],"tags":[],"class_list":["post-44024","post","type-post","status-publish","format-standard","hentry","category-aktuelles","category-allgemein"],"uagb_featured_image_src":{"full":false,"thumbnail":false,"medium":false,"medium_large":false,"large":false,"1536x1536":false,"2048x2048":false,"tp-image-grid":false},"uagb_author_info":{"display_name":"Stefan Schneider","author_link":"https:\/\/www.ffbs.at\/blog\/author\/stefan\/"},"uagb_comment_info":0,"uagb_excerpt":"Auch in diesem Jahr gab es aufgrund der Trockenheit bereits sehr fr\u00fch die ersten Waldbr\u00e4nde. Nachdem die Waldbrandverordnung f\u00fcr das [&hellip;]","rttpg_featured_image_url":null,"rttpg_author":{"display_name":"Stefan Schneider","author_link":"https:\/\/www.ffbs.at\/blog\/author\/stefan\/"},"rttpg_comment":0,"rttpg_category":"<a href=\"https:\/\/www.ffbs.at\/blog\/category\/aktuelles\/\" rel=\"category tag\">Aktuelles<\/a> <a href=\"https:\/\/www.ffbs.at\/blog\/category\/allgemein\/\" rel=\"category tag\">Allgemein<\/a>","rttpg_excerpt":"Auch in diesem Jahr gab es aufgrund der Trockenheit bereits sehr fr\u00fch die ersten Waldbr\u00e4nde. Nachdem die Waldbrandverordnung f\u00fcr das [&hellip;]","_links":{"self":[{"href":"https:\/\/www.ffbs.at\/blog\/wp-json\/wp\/v2\/posts\/44024","targetHints":{"allow":["GET"]}}],"collection":[{"href":"https:\/\/www.ffbs.at\/blog\/wp-json\/wp\/v2\/posts"}],"about":[{"href":"https:\/\/www.ffbs.at\/blog\/wp-json\/wp\/v2\/types\/post"}],"author":[{"embeddable":true,"href":"https:\/\/www.ffbs.at\/blog\/wp-json\/wp\/v2\/users\/7"}],"replies":[{"embeddable":true,"href":"https:\/\/www.ffbs.at\/blog\/wp-json\/wp\/v2\/comments?post=44024"}],"version-history":[{"count":2,"href":"https:\/\/www.ffbs.at\/blog\/wp-json\/wp\/v2\/posts\/44024\/revisions"}],"predecessor-version":[{"id":44029,"href":"https:\/\/www.ffbs.at\/blog\/wp-json\/wp\/v2\/posts\/44024\/revisions\/44029"}],"wp:attachment":[{"href":"https:\/\/www.ffbs.at\/blog\/wp-json\/wp\/v2\/media?parent=44024"}],"wp:term":[{"taxonomy":"category","embeddable":true,"href":"https:\/\/www.ffbs.at\/blog\/wp-json\/wp\/v2\/categories?post=44024"},{"taxonomy":"post_tag","embeddable":true,"href":"https:\/\/www.ffbs.at\/blog\/wp-json\/wp\/v2\/tags?post=44024"}],"curies":[{"name":"wp","href":"https:\/\/api.w.org\/{rel}","templated":true}]}}