{"id":44017,"date":"2023-04-12T23:59:00","date_gmt":"2023-04-12T22:59:00","guid":{"rendered":"https:\/\/www.ffbs.at\/blog\/?p=44017"},"modified":"2023-04-12T22:37:39","modified_gmt":"2023-04-12T21:37:39","slug":"sonderfahrzeug-der-ff-baden-stadt-in-dienst-gestellt","status":"publish","type":"post","link":"https:\/\/www.ffbs.at\/blog\/sonderfahrzeug-der-ff-baden-stadt-in-dienst-gestellt\/44017\/","title":{"rendered":"Sonderfahrzeug der FF Baden-Stadt in Dienst gestellt!"},"content":{"rendered":"\n<figure class=\"wp-block-image size-large\"><img fetchpriority=\"high\" decoding=\"async\" width=\"1024\" height=\"646\" src=\"https:\/\/www.ffbs.at\/blog\/wp-content\/uploads\/2023\/04\/2023_Sonderfahrzeug-1-FF-Baden-Stadt-01-1024x646.jpg\" alt=\"\" class=\"wp-image-44019\" srcset=\"https:\/\/www.ffbs.at\/blog\/wp-content\/uploads\/2023\/04\/2023_Sonderfahrzeug-1-FF-Baden-Stadt-01-1024x646.jpg 1024w, https:\/\/www.ffbs.at\/blog\/wp-content\/uploads\/2023\/04\/2023_Sonderfahrzeug-1-FF-Baden-Stadt-01-350x221.jpg 350w, https:\/\/www.ffbs.at\/blog\/wp-content\/uploads\/2023\/04\/2023_Sonderfahrzeug-1-FF-Baden-Stadt-01-768x484.jpg 768w, https:\/\/www.ffbs.at\/blog\/wp-content\/uploads\/2023\/04\/2023_Sonderfahrzeug-1-FF-Baden-Stadt-01.jpg 1250w\" sizes=\"(max-width: 1024px) 100vw, 1024px\" \/><\/figure>\n\n\n\n<p>Ab sofort steht der Freiwilligen Feuerwehr Baden-Stadt dauerhaft ein Sonderfahrzeug (SOF 1) f\u00fcr den Einsatz- und \u00dcbungsdienst zur Verf\u00fcgung. Dabei handelt es sich um ein hochgel\u00e4ndeg\u00e4ngiges All-Terrain Vehicle (ATV) der Marke Can Am Traxter. Dieses kommt k\u00fcnftig \u00fcberall dort zur Verwendung, wo unsere anderen Einsatzfahrzeuge nicht mehr hinkommen. Nachdem in den letzten Wochen unsere Mitglieder in Eigenregie das Fahrzeug zu einem Einsatzfahrzeug umgebaut haben, wird dieses nun offiziell in den Dienst gestellt. Es dient zum Transport von Ger\u00e4tschaften und Personal in unwegsamem Gel\u00e4nde.<\/p>\n\n\n\n<p>Gerade im letzten Jahr hat sich bereits bei mehreren Eins\u00e4tzen gezeigt, dass so ein kleines, sehr wendiges und hochgel\u00e4ndeg\u00e4ngiges ATV besonders im Waldgebiet wertvolle Dienste leistet. Nicht nur, dass die Waldbrandgefahr von Jahr zu Jahr aufgrund immer l\u00e4ngerer Trockenperioden weiter ansteigt, so kam es leider auch vor, dass sich einige Fahrzeuglenker im weitl\u00e4ufigen Kurpark auf sehr schmalen Wanderwegen verfahren hatten und von uns geborgen werden mussten, wo dieses Fahrzeug bereits eine gro\u00dfe Unterst\u00fctzung darstellte.<\/p>\n\n\n\n<p>Eine n\u00e4here Fahrzeugvorstellung folgt.<\/p>\n\n\n\n<p>Fotos: Freiwillige Feuerwehr Baden-Stadt \/ Stefan Schneider<br>Beitrag erstellt von Stefan Schneider<\/p>\n\n\n\n<figure class=\"wp-block-image aligncenter size-large\"><img decoding=\"async\" width=\"659\" height=\"1024\" src=\"https:\/\/www.ffbs.at\/blog\/wp-content\/uploads\/2023\/04\/Sonderfahrzeug-FF-Baden-Stadt-02-659x1024.jpg\" alt=\"\" class=\"wp-image-44020\" srcset=\"https:\/\/www.ffbs.at\/blog\/wp-content\/uploads\/2023\/04\/Sonderfahrzeug-FF-Baden-Stadt-02-659x1024.jpg 659w, https:\/\/www.ffbs.at\/blog\/wp-content\/uploads\/2023\/04\/Sonderfahrzeug-FF-Baden-Stadt-02-225x350.jpg 225w, https:\/\/www.ffbs.at\/blog\/wp-content\/uploads\/2023\/04\/Sonderfahrzeug-FF-Baden-Stadt-02-768x1193.jpg 768w, https:\/\/www.ffbs.at\/blog\/wp-content\/uploads\/2023\/04\/Sonderfahrzeug-FF-Baden-Stadt-02-989x1536.jpg 989w, https:\/\/www.ffbs.at\/blog\/wp-content\/uploads\/2023\/04\/Sonderfahrzeug-FF-Baden-Stadt-02-1319x2048.jpg 1319w, https:\/\/www.ffbs.at\/blog\/wp-content\/uploads\/2023\/04\/Sonderfahrzeug-FF-Baden-Stadt-02.jpg 1610w\" sizes=\"(max-width: 659px) 100vw, 659px\" \/><\/figure>\n","protected":false},"excerpt":{"rendered":"<p>Ab sofort steht der Freiwilligen Feuerwehr Baden-Stadt dauerhaft ein Sonderfahrzeug (SOF 1) f\u00fcr den Einsatz- und \u00dcbungsdienst zur Verf\u00fcgung. Dabei [&hellip;]<\/p>\n","protected":false},"author":7,"featured_media":0,"comment_status":"closed","ping_status":"closed","sticky":false,"template":"","format":"standard","meta":{"_uag_custom_page_level_css":"","site-sidebar-layout":"default","site-content-layout":"","ast-site-content-layout":"default","site-content-style":"default","site-sidebar-style":"default","ast-global-header-display":"","ast-banner-title-visibility":"","ast-main-header-display":"","ast-hfb-above-header-display":"","ast-hfb-below-header-display":"","ast-hfb-mobile-header-display":"","site-post-title":"","ast-breadcrumbs-content":"","ast-featured-img":"","footer-sml-layout":"","ast-disable-related-posts":"","theme-transparent-header-meta":"","adv-header-id-meta":"","stick-header-meta":"","header-above-stick-meta":"","header-main-stick-meta":"","header-below-stick-meta":"","astra-migrate-meta-layouts":"default","ast-page-background-enabled":"default","ast-page-background-meta":{"desktop":{"background-color":"var(--ast-global-color-4)","background-image":"","background-repeat":"repeat","background-position":"center center","background-size":"auto","background-attachment":"scroll","background-type":"","background-media":"","overlay-type":"","overlay-color":"","overlay-opacity":"","overlay-gradient":""},"tablet":{"background-color":"","background-image":"","background-repeat":"repeat","background-position":"center center","background-size":"auto","background-attachment":"scroll","background-type":"","background-media":"","overlay-type":"","overlay-color":"","overlay-opacity":"","overlay-gradient":""},"mobile":{"background-color":"","background-image":"","background-repeat":"repeat","background-position":"center center","background-size":"auto","background-attachment":"scroll","background-type":"","background-media":"","overlay-type":"","overlay-color":"","overlay-opacity":"","overlay-gradient":""}},"ast-content-background-meta":{"desktop":{"background-color":"var(--ast-global-color-5)","background-image":"","background-repeat":"repeat","background-position":"center center","background-size":"auto","background-attachment":"scroll","background-type":"","background-media":"","overlay-type":"","overlay-color":"","overlay-opacity":"","overlay-gradient":""},"tablet":{"background-color":"var(--ast-global-color-5)","background-image":"","background-repeat":"repeat","background-position":"center center","background-size":"auto","background-attachment":"scroll","background-type":"","background-media":"","overlay-type":"","overlay-color":"","overlay-opacity":"","overlay-gradient":""},"mobile":{"background-color":"var(--ast-global-color-5)","background-image":"","background-repeat":"repeat","background-position":"center center","background-size":"auto","background-attachment":"scroll","background-type":"","background-media":"","overlay-type":"","overlay-color":"","overlay-opacity":"","overlay-gradient":""}},"ngg_post_thumbnail":0,"footnotes":""},"categories":[3,1,6],"tags":[],"class_list":["post-44017","post","type-post","status-publish","format-standard","hentry","category-aktuelles","category-allgemein","category-uber-uns"],"uagb_featured_image_src":{"full":false,"thumbnail":false,"medium":false,"medium_large":false,"large":false,"1536x1536":false,"2048x2048":false,"tp-image-grid":false},"uagb_author_info":{"display_name":"Stefan Schneider","author_link":"https:\/\/www.ffbs.at\/blog\/author\/stefan\/"},"uagb_comment_info":0,"uagb_excerpt":"Ab sofort steht der Freiwilligen Feuerwehr Baden-Stadt dauerhaft ein Sonderfahrzeug (SOF 1) f\u00fcr den Einsatz- und \u00dcbungsdienst zur Verf\u00fcgung. Dabei [&hellip;]","rttpg_featured_image_url":null,"rttpg_author":{"display_name":"Stefan Schneider","author_link":"https:\/\/www.ffbs.at\/blog\/author\/stefan\/"},"rttpg_comment":0,"rttpg_category":"<a href=\"https:\/\/www.ffbs.at\/blog\/category\/aktuelles\/\" rel=\"category tag\">Aktuelles<\/a> <a href=\"https:\/\/www.ffbs.at\/blog\/category\/allgemein\/\" rel=\"category tag\">Allgemein<\/a> <a href=\"https:\/\/www.ffbs.at\/blog\/category\/uber-uns\/\" rel=\"category tag\">\u00dcber uns<\/a>","rttpg_excerpt":"Ab sofort steht der Freiwilligen Feuerwehr Baden-Stadt dauerhaft ein Sonderfahrzeug (SOF 1) f\u00fcr den Einsatz- und \u00dcbungsdienst zur Verf\u00fcgung. Dabei [&hellip;]","_links":{"self":[{"href":"https:\/\/www.ffbs.at\/blog\/wp-json\/wp\/v2\/posts\/44017","targetHints":{"allow":["GET"]}}],"collection":[{"href":"https:\/\/www.ffbs.at\/blog\/wp-json\/wp\/v2\/posts"}],"about":[{"href":"https:\/\/www.ffbs.at\/blog\/wp-json\/wp\/v2\/types\/post"}],"author":[{"embeddable":true,"href":"https:\/\/www.ffbs.at\/blog\/wp-json\/wp\/v2\/users\/7"}],"replies":[{"embeddable":true,"href":"https:\/\/www.ffbs.at\/blog\/wp-json\/wp\/v2\/comments?post=44017"}],"version-history":[{"count":2,"href":"https:\/\/www.ffbs.at\/blog\/wp-json\/wp\/v2\/posts\/44017\/revisions"}],"predecessor-version":[{"id":44021,"href":"https:\/\/www.ffbs.at\/blog\/wp-json\/wp\/v2\/posts\/44017\/revisions\/44021"}],"wp:attachment":[{"href":"https:\/\/www.ffbs.at\/blog\/wp-json\/wp\/v2\/media?parent=44017"}],"wp:term":[{"taxonomy":"category","embeddable":true,"href":"https:\/\/www.ffbs.at\/blog\/wp-json\/wp\/v2\/categories?post=44017"},{"taxonomy":"post_tag","embeddable":true,"href":"https:\/\/www.ffbs.at\/blog\/wp-json\/wp\/v2\/tags?post=44017"}],"curies":[{"name":"wp","href":"https:\/\/api.w.org\/{rel}","templated":true}]}}