{"id":43961,"date":"2023-04-01T23:59:00","date_gmt":"2023-04-01T22:59:00","guid":{"rendered":"https:\/\/www.ffbs.at\/blog\/?p=43961"},"modified":"2023-04-26T15:01:27","modified_gmt":"2023-04-26T14:01:27","slug":"arbeiter-verletzt-feuerwehr-rettet-ihn-aus-dem-kirchturm","status":"publish","type":"post","link":"https:\/\/www.ffbs.at\/blog\/arbeiter-verletzt-feuerwehr-rettet-ihn-aus-dem-kirchturm\/43961\/","title":{"rendered":"Arbeiter verletzt &#8211; Feuerwehr rettet ihn aus dem Kirchturm!"},"content":{"rendered":"\n<p><strong>Gleich an seinem ersten Arbeitstag st\u00fcrzte ein Arbeiter so schwer, dass er durch die H\u00f6henretter der Feuerwehr vom 67 Meter hohen Turm der Pfarrkirche St. Stephan gerettet werden musste.<\/strong><\/p>\n\n\n\n<p>So in etwa k\u00f6nnte auch eine wirkliche Einsatzmeldung f\u00fcr die Feuerwehr lauten. Immer wieder werden verschiedene Arbeiten von Firmen auch an und in Kircht\u00fcrmen durchgef\u00fchrt. Um f\u00fcr solche besonderen H\u00f6hen und \u00d6rtlichkeiten vorbereitet zu sein, m\u00fcssen unsere Spezialisten innerhalb der Feuerwehr laufend trainieren. Sie kommen \u00fcberall dort zum Einsatz wo andere Feuerwehrger\u00e4tschaften bzw. Einsatzfahrzeuge nicht ausreichen.&nbsp;<\/p>\n\n\n\n<p>Am Samstag 1. April 2023 war es dankenswerter Weise m\u00f6glich so ein Szenario am 67 Meter hohen Turm der Stadtpfarrkirche St. Stephan, mitten in der Badener Innenstadt, zu be\u00fcben. Hierf\u00fcr trafen sich wie auch schon am <a rel=\"noreferrer noopener\" href=\"https:\/\/www.ffbs.at\/blog\/?p=43471\" target=\"_blank\">05. M\u00e4rz 2023<\/a> einige Mitglieder der FF Baden-Stadt, <a rel=\"noreferrer noopener\" href=\"http:\/\/www.ff-baden-weikersdorf.at\/\" target=\"_blank\">FF Baden Weikersdorf<\/a> und <a rel=\"noreferrer noopener\" href=\"https:\/\/www.ff-baden-leesdorf.at\/\" target=\"_blank\">FF Baden-Leesdorf<\/a>, welche auch Teil der Badener H\u00f6henrettungsgruppe (Stationierungsfeuerwehr Baden Weikersdorf) sind, zu einer gemeinsamen \u00dcbung.<\/p>\n\n\n\n<p><em>Anmerkung: Bis ins 20. Jahrhundert hatte der Mesner in der T\u00fcrmerwohnung dort oben gewohnt, wo sich auch die sogenannte Paramenten-Kammer befindet.<\/em><\/p>\n\n\n\n<p>Da die Standartdrehleiter der Feuerwehr (auch die der FF Baden-Stadt) \u201enur\u201c bis zu einer Arbeitsh\u00f6he von 32m reicht, wurde bei diesem Szenario eine spezielle Seiltechnik be\u00fcbt, um eine verletzte Person aus dem Turm abseilen bzw. retten zu k\u00f6nnen. Hierf\u00fcr wurden vom Glockenturm \u00fcber ein Fenster der ehemaligen T\u00fcrmerwohnung nach Au\u00dfen bis auf den Vorplatz eine Art Seilbahn aufgebaut. Diese \u00d6rtlichkeit k\u00f6nnte zwar mit unserer Drehleiter noch erreicht werden, jedoch als \u00dcbungsannahme wurde dieses mit einer H\u00f6he mehr als \u00fcber 32m angenommen. Mittels einer speziellen Rettungstrage (einer rollbaren Rettungstrage) konnte eine \u00dcbungspuppe, ganz schonend wie im Ernstfall auch, zu Boden transportiert werden. Solch eine rollbare Rettungstrage kommt \u00fcberall dort zum Einsatz wo sehr enge Platzverh\u00e4ltnisse sind. Diese \u00dcbung war vor allem f\u00fcr die sich gerade in Ausbildung befindlichen Feuerwehrleute der Spezialeinheit ein besonderes Erlebnis.<\/p>\n\n\n\n<p><strong><em>Wir m\u00f6chten sich auf diesem Weg nochmals beim Stadtpfarrer Msgr. Mag. Clemens Abrahamowicz recht herzlichst f\u00fcr seine laufende Unterst\u00fctzung bedanken und dass er uns diese \u00dcbung erm\u00f6glichte.<\/em><\/strong><\/p>\n\n\n\n<p class=\"has-small-font-size\">Fotos: H\u00f6henrettungsgruppe Baden \/ J\u00fcrgen Schmidt \/ Georg Mrvka \/ Robert Lichtenauer \/ Leon Tayler<br>Beitrag erstellt durch Stefan Schneider FF Baden-Stadt<\/p>\n\n\n\n<p><a href=\"https:\/\/www.erzdioezese-wien.at\/pages\/pfarren\/9249\/\" target=\"_blank\" rel=\"noreferrer noopener\">Pfarre Baden-St. Stephan<\/a><\/p>\n\n\n\nngg_shortcode_0_placeholder\n","protected":false},"excerpt":{"rendered":"<p>Gleich an seinem ersten Arbeitstag st\u00fcrzte ein Arbeiter so schwer, dass er durch die H\u00f6henretter der Feuerwehr vom 67 Meter [&hellip;]<\/p>\n","protected":false},"author":7,"featured_media":0,"comment_status":"closed","ping_status":"closed","sticky":false,"template":"","format":"standard","meta":{"_uag_custom_page_level_css":"","site-sidebar-layout":"default","site-content-layout":"","ast-site-content-layout":"default","site-content-style":"default","site-sidebar-style":"default","ast-global-header-display":"","ast-banner-title-visibility":"","ast-main-header-display":"","ast-hfb-above-header-display":"","ast-hfb-below-header-display":"","ast-hfb-mobile-header-display":"","site-post-title":"","ast-breadcrumbs-content":"","ast-featured-img":"","footer-sml-layout":"","ast-disable-related-posts":"","theme-transparent-header-meta":"","adv-header-id-meta":"","stick-header-meta":"","header-above-stick-meta":"","header-main-stick-meta":"","header-below-stick-meta":"","astra-migrate-meta-layouts":"default","ast-page-background-enabled":"default","ast-page-background-meta":{"desktop":{"background-color":"var(--ast-global-color-4)","background-image":"","background-repeat":"repeat","background-position":"center center","background-size":"auto","background-attachment":"scroll","background-type":"","background-media":"","overlay-type":"","overlay-color":"","overlay-opacity":"","overlay-gradient":""},"tablet":{"background-color":"","background-image":"","background-repeat":"repeat","background-position":"center center","background-size":"auto","background-attachment":"scroll","background-type":"","background-media":"","overlay-type":"","overlay-color":"","overlay-opacity":"","overlay-gradient":""},"mobile":{"background-color":"","background-image":"","background-repeat":"repeat","background-position":"center center","background-size":"auto","background-attachment":"scroll","background-type":"","background-media":"","overlay-type":"","overlay-color":"","overlay-opacity":"","overlay-gradient":""}},"ast-content-background-meta":{"desktop":{"background-color":"var(--ast-global-color-5)","background-image":"","background-repeat":"repeat","background-position":"center center","background-size":"auto","background-attachment":"scroll","background-type":"","background-media":"","overlay-type":"","overlay-color":"","overlay-opacity":"","overlay-gradient":""},"tablet":{"background-color":"var(--ast-global-color-5)","background-image":"","background-repeat":"repeat","background-position":"center center","background-size":"auto","background-attachment":"scroll","background-type":"","background-media":"","overlay-type":"","overlay-color":"","overlay-opacity":"","overlay-gradient":""},"mobile":{"background-color":"var(--ast-global-color-5)","background-image":"","background-repeat":"repeat","background-position":"center center","background-size":"auto","background-attachment":"scroll","background-type":"","background-media":"","overlay-type":"","overlay-color":"","overlay-opacity":"","overlay-gradient":""}},"ngg_post_thumbnail":0,"footnotes":""},"categories":[3,1,4],"tags":[],"class_list":["post-43961","post","type-post","status-publish","format-standard","hentry","category-aktuelles","category-allgemein","category-ausbildung"],"uagb_featured_image_src":{"full":false,"thumbnail":false,"medium":false,"medium_large":false,"large":false,"1536x1536":false,"2048x2048":false,"tp-image-grid":false},"uagb_author_info":{"display_name":"Stefan Schneider","author_link":"https:\/\/www.ffbs.at\/blog\/author\/stefan\/"},"uagb_comment_info":0,"uagb_excerpt":"Gleich an seinem ersten Arbeitstag st\u00fcrzte ein Arbeiter so schwer, dass er durch die H\u00f6henretter der Feuerwehr vom 67 Meter [&hellip;]","rttpg_featured_image_url":null,"rttpg_author":{"display_name":"Stefan Schneider","author_link":"https:\/\/www.ffbs.at\/blog\/author\/stefan\/"},"rttpg_comment":0,"rttpg_category":"<a href=\"https:\/\/www.ffbs.at\/blog\/category\/aktuelles\/\" rel=\"category tag\">Aktuelles<\/a> <a href=\"https:\/\/www.ffbs.at\/blog\/category\/allgemein\/\" rel=\"category tag\">Allgemein<\/a> <a href=\"https:\/\/www.ffbs.at\/blog\/category\/ausbildung\/\" rel=\"category tag\">Ausbildung<\/a>","rttpg_excerpt":"Gleich an seinem ersten Arbeitstag st\u00fcrzte ein Arbeiter so schwer, dass er durch die H\u00f6henretter der Feuerwehr vom 67 Meter [&hellip;]","_links":{"self":[{"href":"https:\/\/www.ffbs.at\/blog\/wp-json\/wp\/v2\/posts\/43961","targetHints":{"allow":["GET"]}}],"collection":[{"href":"https:\/\/www.ffbs.at\/blog\/wp-json\/wp\/v2\/posts"}],"about":[{"href":"https:\/\/www.ffbs.at\/blog\/wp-json\/wp\/v2\/types\/post"}],"author":[{"embeddable":true,"href":"https:\/\/www.ffbs.at\/blog\/wp-json\/wp\/v2\/users\/7"}],"replies":[{"embeddable":true,"href":"https:\/\/www.ffbs.at\/blog\/wp-json\/wp\/v2\/comments?post=43961"}],"version-history":[{"count":21,"href":"https:\/\/www.ffbs.at\/blog\/wp-json\/wp\/v2\/posts\/43961\/revisions"}],"predecessor-version":[{"id":44015,"href":"https:\/\/www.ffbs.at\/blog\/wp-json\/wp\/v2\/posts\/43961\/revisions\/44015"}],"wp:attachment":[{"href":"https:\/\/www.ffbs.at\/blog\/wp-json\/wp\/v2\/media?parent=43961"}],"wp:term":[{"taxonomy":"category","embeddable":true,"href":"https:\/\/www.ffbs.at\/blog\/wp-json\/wp\/v2\/categories?post=43961"},{"taxonomy":"post_tag","embeddable":true,"href":"https:\/\/www.ffbs.at\/blog\/wp-json\/wp\/v2\/tags?post=43961"}],"curies":[{"name":"wp","href":"https:\/\/api.w.org\/{rel}","templated":true}]}}