{"id":43894,"date":"2023-03-31T23:59:00","date_gmt":"2023-03-31T22:59:00","guid":{"rendered":"https:\/\/www.ffbs.at\/blog\/?p=43894"},"modified":"2023-04-03T11:36:28","modified_gmt":"2023-04-03T10:36:28","slug":"neuer-vorstand-unterstuetzungsverein","status":"publish","type":"post","link":"https:\/\/www.ffbs.at\/blog\/neuer-vorstand-unterstuetzungsverein\/43894\/","title":{"rendered":"Neuer Vorstand Unterst\u00fctzungsverein"},"content":{"rendered":"\n<p class=\"has-black-color has-text-color\">Am 15. M\u00e4rz 2023 wurde der neue Vorstand des &#8222;Unterst\u00fctzungsverein der Freiwilligen Feuerwehr Baden\u201c gew\u00e4hlt. Was normalerweise nichts Ungew\u00f6hnliches ist, kam es diesmal aber zu einem kleinen historischen Ereignis. Zwei der Gr\u00fcnderv\u00e4ter, Johannes Wagrandl &amp; Roland Potz, die jeweils 29 Jahre im Vorstand t\u00e4tig waren, \u00fcbergaben das Zepter an ein neues Team.<\/p>\n\n\n\n<figure class=\"wp-block-image size-large is-resized\"><img fetchpriority=\"high\" decoding=\"async\" src=\"https:\/\/www.ffbs.at\/blog\/wp-content\/uploads\/2023\/04\/20230315_Neuer-Vorstand-Unterstuetzungsverein-der-FF-Baden-Stadt-1024x532.png\" alt=\"\" class=\"wp-image-43899\" width=\"840\" height=\"436\" srcset=\"https:\/\/www.ffbs.at\/blog\/wp-content\/uploads\/2023\/04\/20230315_Neuer-Vorstand-Unterstuetzungsverein-der-FF-Baden-Stadt-1024x532.png 1024w, https:\/\/www.ffbs.at\/blog\/wp-content\/uploads\/2023\/04\/20230315_Neuer-Vorstand-Unterstuetzungsverein-der-FF-Baden-Stadt-350x182.png 350w, https:\/\/www.ffbs.at\/blog\/wp-content\/uploads\/2023\/04\/20230315_Neuer-Vorstand-Unterstuetzungsverein-der-FF-Baden-Stadt-768x399.png 768w, https:\/\/www.ffbs.at\/blog\/wp-content\/uploads\/2023\/04\/20230315_Neuer-Vorstand-Unterstuetzungsverein-der-FF-Baden-Stadt-1536x799.png 1536w, https:\/\/www.ffbs.at\/blog\/wp-content\/uploads\/2023\/04\/20230315_Neuer-Vorstand-Unterstuetzungsverein-der-FF-Baden-Stadt.png 1800w\" sizes=\"(max-width: 840px) 100vw, 840px\" \/><figcaption>v.l.n.re.: Harald Gschaider, Martin Lichtenauer, Roland Potz, Johannes Wagrandl, Michael Juran, Alexander Wei\u00df, Thomas Neff, Markus Trobits, Marina Trobits<\/figcaption><\/figure>\n\n\n\n<p>Der neue Vorstand setzt sich aus folgenden neuen und alten Gesichtern zusammen:<\/p>\n\n\n\n<p><strong><em>Obmann<\/em><\/strong><em>:<\/em>  Alexander Wei\u00df<\/p>\n\n\n\n<p><strong><em>Obmann Stv<\/em><\/strong><em>.:<\/em>  Michael Juran<\/p>\n\n\n\n<p><strong><em>Kassier<\/em><\/strong><em>:<\/em>  Martin Lichtenauer (seit 2002 \u2013 in der Position als Kassier Stv. &amp; Kassier)<\/p>\n\n\n\n<p><strong><em>Kassier Stv<\/em><\/strong><em>.:<\/em>  Harald Gschaider (seit 2021)<\/p>\n\n\n\n<p><strong><em>Schriftf\u00fchrer<\/em><\/strong><em>:<\/em>  Markus Trobits (seit 2001 \u2013 in der Position als Kassier Stv. &amp; Schriftf\u00fchrer)<\/p>\n\n\n\n<p><strong><em>Schriftf\u00fchrer Stv<\/em><\/strong><em>.:<\/em>  Marina Trobits<\/p>\n\n\n\n<p><strong><em>Beisitzer<\/em><\/strong><em>:<\/em>  Thomas Neff (seit 2011 &#8211; in der Position als Rechnungspr\u00fcfer, Obmann Stv. &amp; Obmann)<\/p>\n\n\n\n<p><br><strong><em>Wir bedanken uns an dieser Stelle in das Vertrauen aller Mitglieder und vor allem unseren beiden Gr\u00fcndungsv\u00e4tern<\/em><\/strong>.<\/p>\n\n\n\n<p class=\"has-small-font-size\">Foto: Unterst\u00fctzungsverein der Freiwilligen Feuerwehr Baden<br>Beitrag erstellt durch Stefan Schneider<\/p>\n","protected":false},"excerpt":{"rendered":"<p>Am 15. M\u00e4rz 2023 wurde der neue Vorstand des &#8222;Unterst\u00fctzungsverein der Freiwilligen Feuerwehr Baden\u201c gew\u00e4hlt. Was normalerweise nichts Ungew\u00f6hnliches ist, [&hellip;]<\/p>\n","protected":false},"author":7,"featured_media":0,"comment_status":"closed","ping_status":"closed","sticky":false,"template":"","format":"standard","meta":{"_uag_custom_page_level_css":"","site-sidebar-layout":"default","site-content-layout":"","ast-site-content-layout":"default","site-content-style":"default","site-sidebar-style":"default","ast-global-header-display":"","ast-banner-title-visibility":"","ast-main-header-display":"","ast-hfb-above-header-display":"","ast-hfb-below-header-display":"","ast-hfb-mobile-header-display":"","site-post-title":"","ast-breadcrumbs-content":"","ast-featured-img":"","footer-sml-layout":"","ast-disable-related-posts":"","theme-transparent-header-meta":"","adv-header-id-meta":"","stick-header-meta":"","header-above-stick-meta":"","header-main-stick-meta":"","header-below-stick-meta":"","astra-migrate-meta-layouts":"default","ast-page-background-enabled":"default","ast-page-background-meta":{"desktop":{"background-color":"var(--ast-global-color-4)","background-image":"","background-repeat":"repeat","background-position":"center center","background-size":"auto","background-attachment":"scroll","background-type":"","background-media":"","overlay-type":"","overlay-color":"","overlay-opacity":"","overlay-gradient":""},"tablet":{"background-color":"","background-image":"","background-repeat":"repeat","background-position":"center center","background-size":"auto","background-attachment":"scroll","background-type":"","background-media":"","overlay-type":"","overlay-color":"","overlay-opacity":"","overlay-gradient":""},"mobile":{"background-color":"","background-image":"","background-repeat":"repeat","background-position":"center center","background-size":"auto","background-attachment":"scroll","background-type":"","background-media":"","overlay-type":"","overlay-color":"","overlay-opacity":"","overlay-gradient":""}},"ast-content-background-meta":{"desktop":{"background-color":"var(--ast-global-color-5)","background-image":"","background-repeat":"repeat","background-position":"center center","background-size":"auto","background-attachment":"scroll","background-type":"","background-media":"","overlay-type":"","overlay-color":"","overlay-opacity":"","overlay-gradient":""},"tablet":{"background-color":"var(--ast-global-color-5)","background-image":"","background-repeat":"repeat","background-position":"center center","background-size":"auto","background-attachment":"scroll","background-type":"","background-media":"","overlay-type":"","overlay-color":"","overlay-opacity":"","overlay-gradient":""},"mobile":{"background-color":"var(--ast-global-color-5)","background-image":"","background-repeat":"repeat","background-position":"center center","background-size":"auto","background-attachment":"scroll","background-type":"","background-media":"","overlay-type":"","overlay-color":"","overlay-opacity":"","overlay-gradient":""}},"ngg_post_thumbnail":0,"footnotes":""},"categories":[3,1],"tags":[],"class_list":["post-43894","post","type-post","status-publish","format-standard","hentry","category-aktuelles","category-allgemein"],"uagb_featured_image_src":{"full":false,"thumbnail":false,"medium":false,"medium_large":false,"large":false,"1536x1536":false,"2048x2048":false,"tp-image-grid":false},"uagb_author_info":{"display_name":"Stefan Schneider","author_link":"https:\/\/www.ffbs.at\/blog\/author\/stefan\/"},"uagb_comment_info":0,"uagb_excerpt":"Am 15. M\u00e4rz 2023 wurde der neue Vorstand des &#8222;Unterst\u00fctzungsverein der Freiwilligen Feuerwehr Baden\u201c gew\u00e4hlt. Was normalerweise nichts Ungew\u00f6hnliches ist, [&hellip;]","rttpg_featured_image_url":null,"rttpg_author":{"display_name":"Stefan Schneider","author_link":"https:\/\/www.ffbs.at\/blog\/author\/stefan\/"},"rttpg_comment":0,"rttpg_category":"<a href=\"https:\/\/www.ffbs.at\/blog\/category\/aktuelles\/\" rel=\"category tag\">Aktuelles<\/a> <a href=\"https:\/\/www.ffbs.at\/blog\/category\/allgemein\/\" rel=\"category tag\">Allgemein<\/a>","rttpg_excerpt":"Am 15. M\u00e4rz 2023 wurde der neue Vorstand des &#8222;Unterst\u00fctzungsverein der Freiwilligen Feuerwehr Baden\u201c gew\u00e4hlt. Was normalerweise nichts Ungew\u00f6hnliches ist, [&hellip;]","_links":{"self":[{"href":"https:\/\/www.ffbs.at\/blog\/wp-json\/wp\/v2\/posts\/43894","targetHints":{"allow":["GET"]}}],"collection":[{"href":"https:\/\/www.ffbs.at\/blog\/wp-json\/wp\/v2\/posts"}],"about":[{"href":"https:\/\/www.ffbs.at\/blog\/wp-json\/wp\/v2\/types\/post"}],"author":[{"embeddable":true,"href":"https:\/\/www.ffbs.at\/blog\/wp-json\/wp\/v2\/users\/7"}],"replies":[{"embeddable":true,"href":"https:\/\/www.ffbs.at\/blog\/wp-json\/wp\/v2\/comments?post=43894"}],"version-history":[{"count":8,"href":"https:\/\/www.ffbs.at\/blog\/wp-json\/wp\/v2\/posts\/43894\/revisions"}],"predecessor-version":[{"id":43905,"href":"https:\/\/www.ffbs.at\/blog\/wp-json\/wp\/v2\/posts\/43894\/revisions\/43905"}],"wp:attachment":[{"href":"https:\/\/www.ffbs.at\/blog\/wp-json\/wp\/v2\/media?parent=43894"}],"wp:term":[{"taxonomy":"category","embeddable":true,"href":"https:\/\/www.ffbs.at\/blog\/wp-json\/wp\/v2\/categories?post=43894"},{"taxonomy":"post_tag","embeddable":true,"href":"https:\/\/www.ffbs.at\/blog\/wp-json\/wp\/v2\/tags?post=43894"}],"curies":[{"name":"wp","href":"https:\/\/api.w.org\/{rel}","templated":true}]}}