{"id":43769,"date":"2023-03-29T23:55:00","date_gmt":"2023-03-29T22:55:00","guid":{"rendered":"https:\/\/www.ffbs.at\/blog\/?p=43769"},"modified":"2023-04-02T16:46:02","modified_gmt":"2023-04-02T15:46:02","slug":"abschnittsschulung-atemschutz","status":"publish","type":"post","link":"https:\/\/www.ffbs.at\/blog\/abschnittsschulung-atemschutz\/43769\/","title":{"rendered":"Abschnittsschulung &#8211; \u201eAtemschutz\u201c"},"content":{"rendered":"\n<p><strong>Am Mittwochabend 29.M\u00e4rz 2023 lud das Abschnittsfeuerwehrkommando Baden Stadt die Mitglieder der Badener Feuerwehren zu einer Atemschutz Schulung.<\/strong><\/p>\n\n\n\n<p>Dankenswerterweise stellte die P\u00e4dagogische Hochschule (P\u00c4DAK Baden) ihren H\u00f6rsaal f\u00fcr den Vortrag zur Verf\u00fcgung. Bewusst wurden auch die nicht Atemschutzger\u00e4tetr\u00e4ger der Badener Feuerwehren (FF Baden-Stadt, FF Baden-Leesdorf, FF Baden Weikersdorf und die Betriebsfeuerwehr Landesklinikum Baden) eingeladen. Immerhin gibt es bei einem Atemschutzeinsatz auch andere Positionen zu besetzen, wobei jeder die Abl\u00e4ufe kennen sollte um im Ernstfall richtig agieren zu k\u00f6nnen. Sowie zur Wiederholung auf welche Gefahrenquellen durch falsches Arbeiten bzw. Vorgehen geachtet werden muss.<\/p>\n\n\n\n<p>Abschnittsfeuerwehrkommandant Brandrat Martin Geiger begr\u00fc\u00dfte die Teilnehmer und \u00fcbergab an die Vortragenden.<\/p>\n\n\n\n<p><em><strong>An diesem Schulungsabend standen folgende Themen am Programm<\/strong><\/em>:<\/p>\n\n\n\n<ul class=\"wp-block-list\"><li><strong>Schlauchmanagement<\/strong> (Vortragender ASB AS EHBM Christian Dolkowski FF Baden Weikersdorf)<\/li><li><strong>Leinenf\u00fchrung<\/strong> (Vortragende ASB AS Christian Dolkowski und ASB Ausbildung OBI Robert Lichtenauer FF Baden-Stadt)<\/li><li><strong>AS-Logistik Ablaufposten<\/strong> (Vortragender LM Florian Kirchgasser FF Baden Weikersdorf)<\/li><li><strong>AS-Notfall<\/strong> (Vortragender VM Georg Mrvka FF Baden Weikersdorf)<\/li><li><strong>Kommunikation<\/strong> (Vortragender ASB EHBM Christian Dolkowski FF Baden Weikersdorf)<\/li><\/ul>\n\n\n\n<p><\/p>\n\n\n\n<p class=\"has-small-font-size\">Fotos: Freiwillige Feuerwehr Baden-Stadt \/ Stefan Schneider<br>Beitrag erstellt durch Stefan Schneider<\/p>\n\n\n\nngg_shortcode_0_placeholder\n","protected":false},"excerpt":{"rendered":"<p>Am Mittwochabend 29.M\u00e4rz 2023 lud das Abschnittsfeuerwehrkommando Baden Stadt die Mitglieder der Badener Feuerwehren zu einer Atemschutz Schulung. Dankenswerterweise stellte [&hellip;]<\/p>\n","protected":false},"author":7,"featured_media":0,"comment_status":"closed","ping_status":"closed","sticky":false,"template":"","format":"standard","meta":{"_uag_custom_page_level_css":"","site-sidebar-layout":"default","site-content-layout":"","ast-site-content-layout":"default","site-content-style":"default","site-sidebar-style":"default","ast-global-header-display":"","ast-banner-title-visibility":"","ast-main-header-display":"","ast-hfb-above-header-display":"","ast-hfb-below-header-display":"","ast-hfb-mobile-header-display":"","site-post-title":"","ast-breadcrumbs-content":"","ast-featured-img":"","footer-sml-layout":"","ast-disable-related-posts":"","theme-transparent-header-meta":"","adv-header-id-meta":"","stick-header-meta":"","header-above-stick-meta":"","header-main-stick-meta":"","header-below-stick-meta":"","astra-migrate-meta-layouts":"default","ast-page-background-enabled":"default","ast-page-background-meta":{"desktop":{"background-color":"var(--ast-global-color-4)","background-image":"","background-repeat":"repeat","background-position":"center center","background-size":"auto","background-attachment":"scroll","background-type":"","background-media":"","overlay-type":"","overlay-color":"","overlay-opacity":"","overlay-gradient":""},"tablet":{"background-color":"","background-image":"","background-repeat":"repeat","background-position":"center center","background-size":"auto","background-attachment":"scroll","background-type":"","background-media":"","overlay-type":"","overlay-color":"","overlay-opacity":"","overlay-gradient":""},"mobile":{"background-color":"","background-image":"","background-repeat":"repeat","background-position":"center center","background-size":"auto","background-attachment":"scroll","background-type":"","background-media":"","overlay-type":"","overlay-color":"","overlay-opacity":"","overlay-gradient":""}},"ast-content-background-meta":{"desktop":{"background-color":"var(--ast-global-color-5)","background-image":"","background-repeat":"repeat","background-position":"center center","background-size":"auto","background-attachment":"scroll","background-type":"","background-media":"","overlay-type":"","overlay-color":"","overlay-opacity":"","overlay-gradient":""},"tablet":{"background-color":"var(--ast-global-color-5)","background-image":"","background-repeat":"repeat","background-position":"center center","background-size":"auto","background-attachment":"scroll","background-type":"","background-media":"","overlay-type":"","overlay-color":"","overlay-opacity":"","overlay-gradient":""},"mobile":{"background-color":"var(--ast-global-color-5)","background-image":"","background-repeat":"repeat","background-position":"center center","background-size":"auto","background-attachment":"scroll","background-type":"","background-media":"","overlay-type":"","overlay-color":"","overlay-opacity":"","overlay-gradient":""}},"ngg_post_thumbnail":0,"footnotes":""},"categories":[3,1,4],"tags":[],"class_list":["post-43769","post","type-post","status-publish","format-standard","hentry","category-aktuelles","category-allgemein","category-ausbildung"],"uagb_featured_image_src":{"full":false,"thumbnail":false,"medium":false,"medium_large":false,"large":false,"1536x1536":false,"2048x2048":false,"tp-image-grid":false},"uagb_author_info":{"display_name":"Stefan Schneider","author_link":"https:\/\/www.ffbs.at\/blog\/author\/stefan\/"},"uagb_comment_info":0,"uagb_excerpt":"Am Mittwochabend 29.M\u00e4rz 2023 lud das Abschnittsfeuerwehrkommando Baden Stadt die Mitglieder der Badener Feuerwehren zu einer Atemschutz Schulung. Dankenswerterweise stellte [&hellip;]","rttpg_featured_image_url":null,"rttpg_author":{"display_name":"Stefan Schneider","author_link":"https:\/\/www.ffbs.at\/blog\/author\/stefan\/"},"rttpg_comment":0,"rttpg_category":"<a href=\"https:\/\/www.ffbs.at\/blog\/category\/aktuelles\/\" rel=\"category tag\">Aktuelles<\/a> <a href=\"https:\/\/www.ffbs.at\/blog\/category\/allgemein\/\" rel=\"category tag\">Allgemein<\/a> <a href=\"https:\/\/www.ffbs.at\/blog\/category\/ausbildung\/\" rel=\"category tag\">Ausbildung<\/a>","rttpg_excerpt":"Am Mittwochabend 29.M\u00e4rz 2023 lud das Abschnittsfeuerwehrkommando Baden Stadt die Mitglieder der Badener Feuerwehren zu einer Atemschutz Schulung. Dankenswerterweise stellte [&hellip;]","_links":{"self":[{"href":"https:\/\/www.ffbs.at\/blog\/wp-json\/wp\/v2\/posts\/43769","targetHints":{"allow":["GET"]}}],"collection":[{"href":"https:\/\/www.ffbs.at\/blog\/wp-json\/wp\/v2\/posts"}],"about":[{"href":"https:\/\/www.ffbs.at\/blog\/wp-json\/wp\/v2\/types\/post"}],"author":[{"embeddable":true,"href":"https:\/\/www.ffbs.at\/blog\/wp-json\/wp\/v2\/users\/7"}],"replies":[{"embeddable":true,"href":"https:\/\/www.ffbs.at\/blog\/wp-json\/wp\/v2\/comments?post=43769"}],"version-history":[{"count":4,"href":"https:\/\/www.ffbs.at\/blog\/wp-json\/wp\/v2\/posts\/43769\/revisions"}],"predecessor-version":[{"id":43884,"href":"https:\/\/www.ffbs.at\/blog\/wp-json\/wp\/v2\/posts\/43769\/revisions\/43884"}],"wp:attachment":[{"href":"https:\/\/www.ffbs.at\/blog\/wp-json\/wp\/v2\/media?parent=43769"}],"wp:term":[{"taxonomy":"category","embeddable":true,"href":"https:\/\/www.ffbs.at\/blog\/wp-json\/wp\/v2\/categories?post=43769"},{"taxonomy":"post_tag","embeddable":true,"href":"https:\/\/www.ffbs.at\/blog\/wp-json\/wp\/v2\/tags?post=43769"}],"curies":[{"name":"wp","href":"https:\/\/api.w.org\/{rel}","templated":true}]}}