{"id":43766,"date":"2023-03-25T23:55:00","date_gmt":"2023-03-25T22:55:00","guid":{"rendered":"https:\/\/www.ffbs.at\/blog\/?p=43766"},"modified":"2023-04-03T08:24:24","modified_gmt":"2023-04-03T07:24:24","slug":"waldbrandlehrgang-absolviert","status":"publish","type":"post","link":"https:\/\/www.ffbs.at\/blog\/waldbrandlehrgang-absolviert\/43766\/","title":{"rendered":"Waldbrandlehrgang absolviert"},"content":{"rendered":"\n<p><strong>Am Samstag den 25. M\u00e4rz 2023 absolvierten nun vier weitere Mitglieder der Freiwilligen Feuerwehr Baden-Stadt das Bezirks Modul &#8222;Waldbrand-Grundlagen&#8220; in Lindabrunn-Enzesfeld.<\/strong><\/p>\n\n\n\n<p>Bereits im Vorjahr (<a rel=\"noreferrer noopener\" href=\"https:\/\/www.ffbs.at\/blog\/?p=41694\" target=\"_blank\">Juli 2022<\/a>) konnten die ersten 5 Mitglieder unserer Wehr, die sich f\u00fcr die Wald- und Flurbrandbek\u00e4mpfungseinheit im Feuerwehr Abschnitt Baden Stadt gemeldet hatten, an diesem Bezirkslehrgang teilnehmen. Hierbei erlenen die Teilnehmer nicht nur das n\u00f6tige Fachwissen, sondern auch die richtige Handhabung der Spezialger\u00e4tschaften.<\/p>\n\n\n\n<p>Zwischenzeitlich wurde und werden bereits auch Schulungen, sowie Ausbildungseinheiten f\u00fcr die gesamte Einsatzmannschaft der Feuerwehr Baden-Stadt abgehalten. Denn im Einsatzfall braucht es neben den speziell geschulten und besonders ausgebildeten Fachkr\u00e4ften nat\u00fcrlich auch zus\u00e4tzliche Manpower.<\/p>\n\n\n\n<p class=\"has-small-font-size\"><a href=\"https:\/\/www.ffbs.at\/blog\/?p=43646\" target=\"_blank\" rel=\"noreferrer noopener\">Hier zum Bericht<\/a> &nbsp;&nbsp;<\/p>\n\n\n\n<p>Auch in weitere spezielle Ausr\u00fcstung f\u00fcr die Wald- und Flurbrandbek\u00e4mpfung wurde seitens unserer Feuerwehr investiert. Seit kurzem steht der FF Baden-Stadt auch daf\u00fcr ein hoch gel\u00e4ndeg\u00e4ngiges ATV (All-Terrain Vehicle) der Marke Can Am Traxter f\u00fcr den Einsatz- und \u00dcbungsdienst zur Verf\u00fcgung.<\/p>\n\n\n\n<p class=\"has-small-font-size\">Fotos: Freiwillige Feuerwehr Baden-Stadt \/ Alfred Czaker \/ Simon Glanner<br>Beitrag erstellt durch Stefan Schneider<\/p>\n\n\n\n<p class=\"has-small-font-size\"><strong>Bildergalerie vom Modul Waldbrand-Grundlagen am 25.03.23<\/strong><\/p>\n\n\n\nngg_shortcode_0_placeholder\n","protected":false},"excerpt":{"rendered":"<p>Am Samstag den 25. M\u00e4rz 2023 absolvierten nun vier weitere Mitglieder der Freiwilligen Feuerwehr Baden-Stadt das Bezirks Modul &#8222;Waldbrand-Grundlagen&#8220; in [&hellip;]<\/p>\n","protected":false},"author":7,"featured_media":0,"comment_status":"closed","ping_status":"closed","sticky":false,"template":"","format":"standard","meta":{"_uag_custom_page_level_css":"","site-sidebar-layout":"default","site-content-layout":"","ast-site-content-layout":"default","site-content-style":"default","site-sidebar-style":"default","ast-global-header-display":"","ast-banner-title-visibility":"","ast-main-header-display":"","ast-hfb-above-header-display":"","ast-hfb-below-header-display":"","ast-hfb-mobile-header-display":"","site-post-title":"","ast-breadcrumbs-content":"","ast-featured-img":"","footer-sml-layout":"","ast-disable-related-posts":"","theme-transparent-header-meta":"","adv-header-id-meta":"","stick-header-meta":"","header-above-stick-meta":"","header-main-stick-meta":"","header-below-stick-meta":"","astra-migrate-meta-layouts":"default","ast-page-background-enabled":"default","ast-page-background-meta":{"desktop":{"background-color":"var(--ast-global-color-4)","background-image":"","background-repeat":"repeat","background-position":"center center","background-size":"auto","background-attachment":"scroll","background-type":"","background-media":"","overlay-type":"","overlay-color":"","overlay-opacity":"","overlay-gradient":""},"tablet":{"background-color":"","background-image":"","background-repeat":"repeat","background-position":"center center","background-size":"auto","background-attachment":"scroll","background-type":"","background-media":"","overlay-type":"","overlay-color":"","overlay-opacity":"","overlay-gradient":""},"mobile":{"background-color":"","background-image":"","background-repeat":"repeat","background-position":"center center","background-size":"auto","background-attachment":"scroll","background-type":"","background-media":"","overlay-type":"","overlay-color":"","overlay-opacity":"","overlay-gradient":""}},"ast-content-background-meta":{"desktop":{"background-color":"var(--ast-global-color-5)","background-image":"","background-repeat":"repeat","background-position":"center center","background-size":"auto","background-attachment":"scroll","background-type":"","background-media":"","overlay-type":"","overlay-color":"","overlay-opacity":"","overlay-gradient":""},"tablet":{"background-color":"var(--ast-global-color-5)","background-image":"","background-repeat":"repeat","background-position":"center center","background-size":"auto","background-attachment":"scroll","background-type":"","background-media":"","overlay-type":"","overlay-color":"","overlay-opacity":"","overlay-gradient":""},"mobile":{"background-color":"var(--ast-global-color-5)","background-image":"","background-repeat":"repeat","background-position":"center center","background-size":"auto","background-attachment":"scroll","background-type":"","background-media":"","overlay-type":"","overlay-color":"","overlay-opacity":"","overlay-gradient":""}},"ngg_post_thumbnail":0,"footnotes":""},"categories":[3,1,4],"tags":[],"class_list":["post-43766","post","type-post","status-publish","format-standard","hentry","category-aktuelles","category-allgemein","category-ausbildung"],"uagb_featured_image_src":{"full":false,"thumbnail":false,"medium":false,"medium_large":false,"large":false,"1536x1536":false,"2048x2048":false,"tp-image-grid":false},"uagb_author_info":{"display_name":"Stefan Schneider","author_link":"https:\/\/www.ffbs.at\/blog\/author\/stefan\/"},"uagb_comment_info":0,"uagb_excerpt":"Am Samstag den 25. M\u00e4rz 2023 absolvierten nun vier weitere Mitglieder der Freiwilligen Feuerwehr Baden-Stadt das Bezirks Modul &#8222;Waldbrand-Grundlagen&#8220; in [&hellip;]","rttpg_featured_image_url":null,"rttpg_author":{"display_name":"Stefan Schneider","author_link":"https:\/\/www.ffbs.at\/blog\/author\/stefan\/"},"rttpg_comment":0,"rttpg_category":"<a href=\"https:\/\/www.ffbs.at\/blog\/category\/aktuelles\/\" rel=\"category tag\">Aktuelles<\/a> <a href=\"https:\/\/www.ffbs.at\/blog\/category\/allgemein\/\" rel=\"category tag\">Allgemein<\/a> <a href=\"https:\/\/www.ffbs.at\/blog\/category\/ausbildung\/\" rel=\"category tag\">Ausbildung<\/a>","rttpg_excerpt":"Am Samstag den 25. M\u00e4rz 2023 absolvierten nun vier weitere Mitglieder der Freiwilligen Feuerwehr Baden-Stadt das Bezirks Modul &#8222;Waldbrand-Grundlagen&#8220; in [&hellip;]","_links":{"self":[{"href":"https:\/\/www.ffbs.at\/blog\/wp-json\/wp\/v2\/posts\/43766","targetHints":{"allow":["GET"]}}],"collection":[{"href":"https:\/\/www.ffbs.at\/blog\/wp-json\/wp\/v2\/posts"}],"about":[{"href":"https:\/\/www.ffbs.at\/blog\/wp-json\/wp\/v2\/types\/post"}],"author":[{"embeddable":true,"href":"https:\/\/www.ffbs.at\/blog\/wp-json\/wp\/v2\/users\/7"}],"replies":[{"embeddable":true,"href":"https:\/\/www.ffbs.at\/blog\/wp-json\/wp\/v2\/comments?post=43766"}],"version-history":[{"count":7,"href":"https:\/\/www.ffbs.at\/blog\/wp-json\/wp\/v2\/posts\/43766\/revisions"}],"predecessor-version":[{"id":43893,"href":"https:\/\/www.ffbs.at\/blog\/wp-json\/wp\/v2\/posts\/43766\/revisions\/43893"}],"wp:attachment":[{"href":"https:\/\/www.ffbs.at\/blog\/wp-json\/wp\/v2\/media?parent=43766"}],"wp:term":[{"taxonomy":"category","embeddable":true,"href":"https:\/\/www.ffbs.at\/blog\/wp-json\/wp\/v2\/categories?post=43766"},{"taxonomy":"post_tag","embeddable":true,"href":"https:\/\/www.ffbs.at\/blog\/wp-json\/wp\/v2\/tags?post=43766"}],"curies":[{"name":"wp","href":"https:\/\/api.w.org\/{rel}","templated":true}]}}