{"id":43646,"date":"2023-03-08T23:59:00","date_gmt":"2023-03-08T22:59:00","guid":{"rendered":"https:\/\/www.ffbs.at\/blog\/?p=43646"},"modified":"2023-03-22T23:58:56","modified_gmt":"2023-03-22T22:58:56","slug":"grundlagen-der-wald-und-vegetationsbrandbekaempfung","status":"publish","type":"post","link":"https:\/\/www.ffbs.at\/blog\/grundlagen-der-wald-und-vegetationsbrandbekaempfung\/43646\/","title":{"rendered":"Grundlagen der Wald- und Vegetationsbrandbek\u00e4mpfung"},"content":{"rendered":"\n<p><strong>Ein Thema das zwar nicht neu ist, jedoch in den letzten Jahren aufgrund der rasch vorschreitenden Klimaerw\u00e4rmung immer mehr von Bedeutung auch bei der Ausbildung in den Feuerwehren einnimmt.<\/strong><\/p>\n\n\n\n<p>Gerade die Bezirke Neunkirchen, Wr. Neustadt, Baden und M\u00f6dling sind in N\u00f6 am meisten gef\u00e4hrdet. Deshalb wurden und werden derzeit in diesen Bezirken eigene Wald- und Vegetationsbrandbek\u00e4mpfungseinheiten aufgebaut und ausgebildet. Diese kommen jedoch nicht im Ausland zum Einsatz. Sie dienen als Erg\u00e4nzung und Abl\u00f6sekr\u00e4fte f\u00fcr gr\u00f6\u00dfere Eins\u00e4tze in den betroffenen Bezirken. Hierf\u00fcr wurden seitens des N\u00f6 Landesfeuerwehrverband in den einzelnen Feuerwehrabschnitten zwei sogenannte Waldbrandcontainer (Rollcontainer) mit speziellen Ger\u00e4tschaften f\u00fcr die Wald- und Flurbrandbek\u00e4mpfung angeschafft. F\u00fcr den Feuerwehrabschnitt Baden Stadt sind diese bei der FF Baden Weikersdorf stationiert.<\/p>\n\n\n\n<p>Auf jeweiliger Feuerwehr-Abschnittsebene werden mehrere Feuerwehrmitglieder, die bestimmte Vorgaben erf\u00fcllen m\u00fcssen, speziell zu dem Thema Wald- und Flurbrandbek\u00e4mpfung besonders fachlich ausgebildet. Die FF Baden-Stadt stellt hierf\u00fcr auch einige Mitglieder in unserem Feuerwehrabschnitt. Einige von ihnen haben bereits das erste Ausbildungsmodul auf Bezirksebene absolviert und andere stehen kurz davor. &nbsp;<br><br>Jedoch m\u00fcssen nat\u00fcrlich auch alle anderen aktiven Feuerwehrmitglieder zumindest in den Grundlagen geschult werden. Am Mittwoch 01. M\u00e4rz fand deshalb eine Theorieschulung im Feuerwehrhaus statt und am darauffolgenden Mittwoch 08. M\u00e4rz 2023 eine erste praktische Ausbildungseinheit im Waldgebiet Baden nahe dem Rudolfshof.<br>ngg_shortcode_0_placeholder<\/p>\n\n\n\n<p><strong>Praktische Ausbildung direkt im Waldgebiet<\/strong><\/p>\n\n\n\n<p>Dabei wurden die Teilnehmer auf zwei Gruppen aufgeteilt und nach einer kurzen Wiederholung aus der Theorieschulung mit der praktischen Handhabung spezieller Ger\u00e4tschaften f\u00fcr die Wald- und Flurbrandbek\u00e4mpfung unterwiesen.<\/p>\n\n\n\n<ul class=\"wp-block-list\"><li><strong>Errichtung eines Wundstreifens<\/strong><\/li><li><strong>Bek\u00e4mpfung von sogenannten Spotfeuern<\/strong><\/li><li><strong>Aufbau und Handhabung von L\u00f6schleitungen f\u00fcr die Wald- u. Flurbrandbek\u00e4mpfung<\/strong><\/li><li><strong>Riegelstellung<\/strong><\/li><li><strong>Erkl\u00e4rung von speziellen Bodenmarkierungen im Waldbrandeinsatz zur Orientierung der Einsatzkr\u00e4fte<\/strong><\/li><\/ul>\n\n\n\n<p class=\"has-luminous-vivid-orange-color has-text-color\"><em>An dieser Stelle m\u00f6chten wir uns bei der Stadtg\u00e4rtnerei Baden f\u00fcr ihre laufende Unterst\u00fctzung und zur Verf\u00fcgungstellung von Fl\u00e4chen bedanken, wo wir auch praktisch \u00fcben k\u00f6nnen.<\/em><\/p>\n\n\n\n<p><strong>Anmerkung<\/strong>:<\/p>\n\n\n\n<p><em>Seit kurzem steht nun der Freiwilligen Feuerwehr Baden-Stadt permanent auch ein hoch gel\u00e4ndeg\u00e4ngiges ATV (All-Terrain Vehicle) f\u00fcr den Einsatz- und \u00dcbungsdienst zur Verf\u00fcgung. Das Fahrzeug wird zurzeit mit einer Blaulichtanlage und zus\u00e4tzlicher Beleuchtung in Eigenregie ausgestattet. Somit kommen wir nun auch an Einsatzorte, die wir mit unseren anderen Einsatzfahrzeugen aufgrund ihrer Gr\u00f6\u00dfe nicht erreichen k\u00f6nnen.<\/em> <em>Dieses dient in erster Linie zum Transport von Ger\u00e4tschaften und Personal.<\/em><\/p>\n\n\n\n<p class=\"has-small-font-size\">Fotos: Freiwillige Feuerwehr Baden-Stadt \/ Robert Lichtenauer \/ Stefan Schneider<br>Beitrag erstellt durch Stefan Schneider FF Baden-Stadt<\/p>\n\n\n\nngg_shortcode_1_placeholder\n","protected":false},"excerpt":{"rendered":"<p>Ein Thema das zwar nicht neu ist, jedoch in den letzten Jahren aufgrund der rasch vorschreitenden Klimaerw\u00e4rmung immer mehr von [&hellip;]<\/p>\n","protected":false},"author":7,"featured_media":0,"comment_status":"closed","ping_status":"closed","sticky":false,"template":"","format":"standard","meta":{"_uag_custom_page_level_css":"","site-sidebar-layout":"default","site-content-layout":"","ast-site-content-layout":"default","site-content-style":"default","site-sidebar-style":"default","ast-global-header-display":"","ast-banner-title-visibility":"","ast-main-header-display":"","ast-hfb-above-header-display":"","ast-hfb-below-header-display":"","ast-hfb-mobile-header-display":"","site-post-title":"","ast-breadcrumbs-content":"","ast-featured-img":"","footer-sml-layout":"","ast-disable-related-posts":"","theme-transparent-header-meta":"","adv-header-id-meta":"","stick-header-meta":"","header-above-stick-meta":"","header-main-stick-meta":"","header-below-stick-meta":"","astra-migrate-meta-layouts":"default","ast-page-background-enabled":"default","ast-page-background-meta":{"desktop":{"background-color":"var(--ast-global-color-4)","background-image":"","background-repeat":"repeat","background-position":"center center","background-size":"auto","background-attachment":"scroll","background-type":"","background-media":"","overlay-type":"","overlay-color":"","overlay-opacity":"","overlay-gradient":""},"tablet":{"background-color":"","background-image":"","background-repeat":"repeat","background-position":"center center","background-size":"auto","background-attachment":"scroll","background-type":"","background-media":"","overlay-type":"","overlay-color":"","overlay-opacity":"","overlay-gradient":""},"mobile":{"background-color":"","background-image":"","background-repeat":"repeat","background-position":"center center","background-size":"auto","background-attachment":"scroll","background-type":"","background-media":"","overlay-type":"","overlay-color":"","overlay-opacity":"","overlay-gradient":""}},"ast-content-background-meta":{"desktop":{"background-color":"var(--ast-global-color-5)","background-image":"","background-repeat":"repeat","background-position":"center center","background-size":"auto","background-attachment":"scroll","background-type":"","background-media":"","overlay-type":"","overlay-color":"","overlay-opacity":"","overlay-gradient":""},"tablet":{"background-color":"var(--ast-global-color-5)","background-image":"","background-repeat":"repeat","background-position":"center center","background-size":"auto","background-attachment":"scroll","background-type":"","background-media":"","overlay-type":"","overlay-color":"","overlay-opacity":"","overlay-gradient":""},"mobile":{"background-color":"var(--ast-global-color-5)","background-image":"","background-repeat":"repeat","background-position":"center center","background-size":"auto","background-attachment":"scroll","background-type":"","background-media":"","overlay-type":"","overlay-color":"","overlay-opacity":"","overlay-gradient":""}},"ngg_post_thumbnail":0,"footnotes":""},"categories":[3,1,4],"tags":[],"class_list":["post-43646","post","type-post","status-publish","format-standard","hentry","category-aktuelles","category-allgemein","category-ausbildung"],"uagb_featured_image_src":{"full":false,"thumbnail":false,"medium":false,"medium_large":false,"large":false,"1536x1536":false,"2048x2048":false,"tp-image-grid":false},"uagb_author_info":{"display_name":"Stefan Schneider","author_link":"https:\/\/www.ffbs.at\/blog\/author\/stefan\/"},"uagb_comment_info":0,"uagb_excerpt":"Ein Thema das zwar nicht neu ist, jedoch in den letzten Jahren aufgrund der rasch vorschreitenden Klimaerw\u00e4rmung immer mehr von [&hellip;]","rttpg_featured_image_url":null,"rttpg_author":{"display_name":"Stefan Schneider","author_link":"https:\/\/www.ffbs.at\/blog\/author\/stefan\/"},"rttpg_comment":0,"rttpg_category":"<a href=\"https:\/\/www.ffbs.at\/blog\/category\/aktuelles\/\" rel=\"category tag\">Aktuelles<\/a> <a href=\"https:\/\/www.ffbs.at\/blog\/category\/allgemein\/\" rel=\"category tag\">Allgemein<\/a> <a href=\"https:\/\/www.ffbs.at\/blog\/category\/ausbildung\/\" rel=\"category tag\">Ausbildung<\/a>","rttpg_excerpt":"Ein Thema das zwar nicht neu ist, jedoch in den letzten Jahren aufgrund der rasch vorschreitenden Klimaerw\u00e4rmung immer mehr von [&hellip;]","_links":{"self":[{"href":"https:\/\/www.ffbs.at\/blog\/wp-json\/wp\/v2\/posts\/43646","targetHints":{"allow":["GET"]}}],"collection":[{"href":"https:\/\/www.ffbs.at\/blog\/wp-json\/wp\/v2\/posts"}],"about":[{"href":"https:\/\/www.ffbs.at\/blog\/wp-json\/wp\/v2\/types\/post"}],"author":[{"embeddable":true,"href":"https:\/\/www.ffbs.at\/blog\/wp-json\/wp\/v2\/users\/7"}],"replies":[{"embeddable":true,"href":"https:\/\/www.ffbs.at\/blog\/wp-json\/wp\/v2\/comments?post=43646"}],"version-history":[{"count":12,"href":"https:\/\/www.ffbs.at\/blog\/wp-json\/wp\/v2\/posts\/43646\/revisions"}],"predecessor-version":[{"id":43764,"href":"https:\/\/www.ffbs.at\/blog\/wp-json\/wp\/v2\/posts\/43646\/revisions\/43764"}],"wp:attachment":[{"href":"https:\/\/www.ffbs.at\/blog\/wp-json\/wp\/v2\/media?parent=43646"}],"wp:term":[{"taxonomy":"category","embeddable":true,"href":"https:\/\/www.ffbs.at\/blog\/wp-json\/wp\/v2\/categories?post=43646"},{"taxonomy":"post_tag","embeddable":true,"href":"https:\/\/www.ffbs.at\/blog\/wp-json\/wp\/v2\/tags?post=43646"}],"curies":[{"name":"wp","href":"https:\/\/api.w.org\/{rel}","templated":true}]}}