{"id":43618,"date":"2023-04-25T23:59:00","date_gmt":"2023-04-25T22:59:00","guid":{"rendered":"https:\/\/www.ffbs.at\/blog\/?p=43618"},"modified":"2024-01-14T10:56:20","modified_gmt":"2024-01-14T09:56:20","slug":"einladung-zum-florianitag-der-badener-feuerwehren","status":"publish","type":"post","link":"https:\/\/www.ffbs.at\/blog\/einladung-zum-florianitag-der-badener-feuerwehren\/43618\/","title":{"rendered":"Einladung zum Florianitag der Badener Feuerwehren"},"content":{"rendered":"\n<figure class=\"wp-block-image size-large\"><img fetchpriority=\"high\" decoding=\"async\" width=\"755\" height=\"1024\" src=\"https:\/\/www.ffbs.at\/blog\/wp-content\/uploads\/2023\/03\/Florianitag2023_x1_web-02-1-755x1024.jpg\" alt=\"\" class=\"wp-image-43622\" srcset=\"https:\/\/www.ffbs.at\/blog\/wp-content\/uploads\/2023\/03\/Florianitag2023_x1_web-02-1-755x1024.jpg 755w, https:\/\/www.ffbs.at\/blog\/wp-content\/uploads\/2023\/03\/Florianitag2023_x1_web-02-1-258x350.jpg 258w, https:\/\/www.ffbs.at\/blog\/wp-content\/uploads\/2023\/03\/Florianitag2023_x1_web-02-1-768x1042.jpg 768w, https:\/\/www.ffbs.at\/blog\/wp-content\/uploads\/2023\/03\/Florianitag2023_x1_web-02-1-1132x1536.jpg 1132w, https:\/\/www.ffbs.at\/blog\/wp-content\/uploads\/2023\/03\/Florianitag2023_x1_web-02-1-1510x2048.jpg 1510w, https:\/\/www.ffbs.at\/blog\/wp-content\/uploads\/2023\/03\/Florianitag2023_x1_web-02-1.jpg 1843w\" sizes=\"(max-width: 755px) 100vw, 755px\" \/><\/figure>\n\n\n\n<p>Am 29. April findet in der Badener Innenstadt der Florianitag 2023 statt. Wir hoffen auf strahlenden Sonnenschein, um uns am Vormittag im besten Licht in der Frauengasse beim Gymnasium, am Hauptplatz und beim Theater pr\u00e4sentieren zu k\u00f6nnen. F\u00fcr Interessierte, aber auch f\u00fcr unsere Kleinen, stehen die Feuerwehrleute mit den Ger\u00e4tschaften zur Verf\u00fcgung und freuen sich auf Ihren Besuch.<\/p>\n\n\n\n<p>Nach der Messe um 14 Uhr beginnt die Florianifeier und wir freuen uns auf verdiente Mitglieder vor den Vorhang zu rufen. Gottes Segen erbitten wir f\u00fcr unser neues Feuerwehrfahrzeug. Ein besonderer Tag wird es auch f\u00fcr alle Kameradinnen und Kameraden, die heuer angelobt werden oder die das Versprechen der Feuerwehrjugend ablegen. F\u00fcr die Verpflegung wird mittels Gulaschkanone gesorgt werden. F\u00fcr den musikalischen Rahmen sorgt die Stadtmusik Baden.<\/p>\n\n\n\n<p class=\"has-small-font-size\">Hier ein kleiner R\u00fcckblick auf den Abschnittsfeuerwehrtag 2022<\/p>\n\n\n\nngg_shortcode_0_placeholder\n","protected":false},"excerpt":{"rendered":"<p>Am 29. April findet in der Badener Innenstadt der Florianitag 2023 statt. Wir hoffen auf strahlenden Sonnenschein, um uns am [&hellip;]<\/p>\n","protected":false},"author":7,"featured_media":43621,"comment_status":"closed","ping_status":"closed","sticky":false,"template":"","format":"standard","meta":{"_uag_custom_page_level_css":"","site-sidebar-layout":"default","site-content-layout":"","ast-site-content-layout":"default","site-content-style":"default","site-sidebar-style":"default","ast-global-header-display":"","ast-banner-title-visibility":"","ast-main-header-display":"","ast-hfb-above-header-display":"","ast-hfb-below-header-display":"","ast-hfb-mobile-header-display":"","site-post-title":"","ast-breadcrumbs-content":"","ast-featured-img":"","footer-sml-layout":"","ast-disable-related-posts":"","theme-transparent-header-meta":"","adv-header-id-meta":"","stick-header-meta":"","header-above-stick-meta":"","header-main-stick-meta":"","header-below-stick-meta":"","astra-migrate-meta-layouts":"default","ast-page-background-enabled":"default","ast-page-background-meta":{"desktop":{"background-color":"var(--ast-global-color-4)","background-image":"","background-repeat":"repeat","background-position":"center center","background-size":"auto","background-attachment":"scroll","background-type":"","background-media":"","overlay-type":"","overlay-color":"","overlay-opacity":"","overlay-gradient":""},"tablet":{"background-color":"","background-image":"","background-repeat":"repeat","background-position":"center center","background-size":"auto","background-attachment":"scroll","background-type":"","background-media":"","overlay-type":"","overlay-color":"","overlay-opacity":"","overlay-gradient":""},"mobile":{"background-color":"","background-image":"","background-repeat":"repeat","background-position":"center center","background-size":"auto","background-attachment":"scroll","background-type":"","background-media":"","overlay-type":"","overlay-color":"","overlay-opacity":"","overlay-gradient":""}},"ast-content-background-meta":{"desktop":{"background-color":"var(--ast-global-color-5)","background-image":"","background-repeat":"repeat","background-position":"center center","background-size":"auto","background-attachment":"scroll","background-type":"","background-media":"","overlay-type":"","overlay-color":"","overlay-opacity":"","overlay-gradient":""},"tablet":{"background-color":"var(--ast-global-color-5)","background-image":"","background-repeat":"repeat","background-position":"center center","background-size":"auto","background-attachment":"scroll","background-type":"","background-media":"","overlay-type":"","overlay-color":"","overlay-opacity":"","overlay-gradient":""},"mobile":{"background-color":"var(--ast-global-color-5)","background-image":"","background-repeat":"repeat","background-position":"center center","background-size":"auto","background-attachment":"scroll","background-type":"","background-media":"","overlay-type":"","overlay-color":"","overlay-opacity":"","overlay-gradient":""}},"ngg_post_thumbnail":0,"footnotes":""},"categories":[3,1,5],"tags":[],"class_list":["post-43618","post","type-post","status-publish","format-standard","has-post-thumbnail","hentry","category-aktuelles","category-allgemein","category-veranstaltungen"],"uagb_featured_image_src":{"full":["https:\/\/www.ffbs.at\/blog\/wp-content\/uploads\/2023\/03\/Florianitag2023_x1_web-02.jpg",1327,1800,false],"thumbnail":["https:\/\/www.ffbs.at\/blog\/wp-content\/uploads\/2023\/03\/Florianitag2023_x1_web-02-200x200.jpg",200,200,true],"medium":["https:\/\/www.ffbs.at\/blog\/wp-content\/uploads\/2023\/03\/Florianitag2023_x1_web-02-258x350.jpg",258,350,true],"medium_large":["https:\/\/www.ffbs.at\/blog\/wp-content\/uploads\/2023\/03\/Florianitag2023_x1_web-02-768x1042.jpg",566,768,true],"large":["https:\/\/www.ffbs.at\/blog\/wp-content\/uploads\/2023\/03\/Florianitag2023_x1_web-02-755x1024.jpg",755,1024,true],"1536x1536":["https:\/\/www.ffbs.at\/blog\/wp-content\/uploads\/2023\/03\/Florianitag2023_x1_web-02-1132x1536.jpg",1132,1536,true],"2048x2048":["https:\/\/www.ffbs.at\/blog\/wp-content\/uploads\/2023\/03\/Florianitag2023_x1_web-02.jpg",1327,1800,false],"tp-image-grid":["https:\/\/www.ffbs.at\/blog\/wp-content\/uploads\/2023\/03\/Florianitag2023_x1_web-02.jpg",516,700,false]},"uagb_author_info":{"display_name":"Stefan Schneider","author_link":"https:\/\/www.ffbs.at\/blog\/author\/stefan\/"},"uagb_comment_info":0,"uagb_excerpt":"Am 29. April findet in der Badener Innenstadt der Florianitag 2023 statt. Wir hoffen auf strahlenden Sonnenschein, um uns am [&hellip;]","rttpg_featured_image_url":{"full":["https:\/\/www.ffbs.at\/blog\/wp-content\/uploads\/2023\/03\/Florianitag2023_x1_web-02.jpg",1327,1800,false],"landscape":["https:\/\/www.ffbs.at\/blog\/wp-content\/uploads\/2023\/03\/Florianitag2023_x1_web-02.jpg",1327,1800,false],"portraits":["https:\/\/www.ffbs.at\/blog\/wp-content\/uploads\/2023\/03\/Florianitag2023_x1_web-02.jpg",1327,1800,false],"thumbnail":["https:\/\/www.ffbs.at\/blog\/wp-content\/uploads\/2023\/03\/Florianitag2023_x1_web-02-200x200.jpg",200,200,true],"medium":["https:\/\/www.ffbs.at\/blog\/wp-content\/uploads\/2023\/03\/Florianitag2023_x1_web-02-258x350.jpg",258,350,true],"large":["https:\/\/www.ffbs.at\/blog\/wp-content\/uploads\/2023\/03\/Florianitag2023_x1_web-02-755x1024.jpg",755,1024,true],"1536x1536":["https:\/\/www.ffbs.at\/blog\/wp-content\/uploads\/2023\/03\/Florianitag2023_x1_web-02-1132x1536.jpg",1132,1536,true],"2048x2048":["https:\/\/www.ffbs.at\/blog\/wp-content\/uploads\/2023\/03\/Florianitag2023_x1_web-02.jpg",1327,1800,false],"tp-image-grid":["https:\/\/www.ffbs.at\/blog\/wp-content\/uploads\/2023\/03\/Florianitag2023_x1_web-02.jpg",516,700,false]},"rttpg_author":{"display_name":"Stefan Schneider","author_link":"https:\/\/www.ffbs.at\/blog\/author\/stefan\/"},"rttpg_comment":0,"rttpg_category":"<a href=\"https:\/\/www.ffbs.at\/blog\/category\/aktuelles\/\" rel=\"category tag\">Aktuelles<\/a> <a href=\"https:\/\/www.ffbs.at\/blog\/category\/allgemein\/\" rel=\"category tag\">Allgemein<\/a> <a href=\"https:\/\/www.ffbs.at\/blog\/category\/veranstaltungen\/\" rel=\"category tag\">Veranstaltungen<\/a>","rttpg_excerpt":"Am 29. April findet in der Badener Innenstadt der Florianitag 2023 statt. Wir hoffen auf strahlenden Sonnenschein, um uns am [&hellip;]","_links":{"self":[{"href":"https:\/\/www.ffbs.at\/blog\/wp-json\/wp\/v2\/posts\/43618","targetHints":{"allow":["GET"]}}],"collection":[{"href":"https:\/\/www.ffbs.at\/blog\/wp-json\/wp\/v2\/posts"}],"about":[{"href":"https:\/\/www.ffbs.at\/blog\/wp-json\/wp\/v2\/types\/post"}],"author":[{"embeddable":true,"href":"https:\/\/www.ffbs.at\/blog\/wp-json\/wp\/v2\/users\/7"}],"replies":[{"embeddable":true,"href":"https:\/\/www.ffbs.at\/blog\/wp-json\/wp\/v2\/comments?post=43618"}],"version-history":[{"count":6,"href":"https:\/\/www.ffbs.at\/blog\/wp-json\/wp\/v2\/posts\/43618\/revisions"}],"predecessor-version":[{"id":43645,"href":"https:\/\/www.ffbs.at\/blog\/wp-json\/wp\/v2\/posts\/43618\/revisions\/43645"}],"wp:featuredmedia":[{"embeddable":true,"href":"https:\/\/www.ffbs.at\/blog\/wp-json\/wp\/v2\/media\/43621"}],"wp:attachment":[{"href":"https:\/\/www.ffbs.at\/blog\/wp-json\/wp\/v2\/media?parent=43618"}],"wp:term":[{"taxonomy":"category","embeddable":true,"href":"https:\/\/www.ffbs.at\/blog\/wp-json\/wp\/v2\/categories?post=43618"},{"taxonomy":"post_tag","embeddable":true,"href":"https:\/\/www.ffbs.at\/blog\/wp-json\/wp\/v2\/tags?post=43618"}],"curies":[{"name":"wp","href":"https:\/\/api.w.org\/{rel}","templated":true}]}}