{"id":43571,"date":"2023-03-17T23:58:00","date_gmt":"2023-03-17T22:58:00","guid":{"rendered":"https:\/\/www.ffbs.at\/blog\/?p=43571"},"modified":"2023-03-21T13:33:03","modified_gmt":"2023-03-21T12:33:03","slug":"unfall-in-wohnung-vermutet","status":"publish","type":"post","link":"https:\/\/www.ffbs.at\/blog\/unfall-in-wohnung-vermutet\/43571\/","title":{"rendered":"Unfall in Wohnung vermutet"},"content":{"rendered":"\n<p><strong>Am 17. M\u00e4rz 2023 wurde die Freiwillige Feuerwehr Baden-Stadt mit dem Alarmmeldebild T1 T\u00fcr\u00f6ffnung mit Zusatz \u201eUnfall in Wohnung vermutet\u201c alarmiert.<\/strong><\/p>\n\n\n\n<p>Eine Mitarbeiterin vom Sozialmedizinischen Dienst bat bei der Polizei um Hilfe, da eine 93-j\u00e4hrige Klientin seit zwei Tagen nicht erreicht werden konnte und diese durch klingeln und klopfen nicht reagierte. Daher bestand der Verdacht eines Unfalls in der betroffenen Wohnung. Bei solch einem Szenario wird seitens der Feuerwehreinsatzkr\u00e4fte immer erkundet ob ein Zugang direkt \u00fcber die verschlossene Wohnungst\u00fcre oder von au\u00dfen \u00fcber ein Fenster oder Balkon m\u00f6glich ist.<br><br>Da die Wohnungst\u00fcre mit zwei Schl\u00f6ssern versperrt war, wurde in Folge ein Zugang von au\u00dfen \u00fcber die Drehleiter durchgef\u00fchrt. Dabei musste aber zuerst ein Fliegengitter demontiert werden. Anschlie\u00dfend gelang es den Feuerwehreinsatzkr\u00e4ften mit einer speziellen Technik die verschlossene Balkont\u00fcre zu \u00f6ffnen und in die Wohnung einzusteigen. Die Seniorin wurde dann zum Gl\u00fcck wohlauf im Wohnzimmer aufgefunden. Die Dame sa\u00df vor dem Fernseher und genoss gerade eine Folge \u201eRosenheimcops\u201c mit Kopfh\u00f6rern und hatte daher nichts geh\u00f6rt bzw. nichts wahrgenommen.<br><br>Die Seniorin wurde dann auch noch von den ebenfalls alarmierten Rettungskr\u00e4ften begutachtet. Der Einsatz sorgte jedenfalls f\u00fcr reges Interesse in der \u00d6ffentlichkeit.<\/p>\n\n\n\n<p class=\"has-small-font-size\"><br>Fotos: Freiwillige Feuerwehr Baden-Stadt \/ Dominik Zw\u00f6lfer \/ Viktor van de Castell<br>Beitrag erstellt von Stefan Schneider<\/p>\n\n\n\nngg_shortcode_0_placeholder\n","protected":false},"excerpt":{"rendered":"<p>Am 17. M\u00e4rz 2023 wurde die Freiwillige Feuerwehr Baden-Stadt mit dem Alarmmeldebild T1 T\u00fcr\u00f6ffnung mit Zusatz \u201eUnfall in Wohnung vermutet\u201c [&hellip;]<\/p>\n","protected":false},"author":7,"featured_media":0,"comment_status":"closed","ping_status":"closed","sticky":false,"template":"","format":"standard","meta":{"_uag_custom_page_level_css":"","site-sidebar-layout":"default","site-content-layout":"","ast-site-content-layout":"default","site-content-style":"default","site-sidebar-style":"default","ast-global-header-display":"","ast-banner-title-visibility":"","ast-main-header-display":"","ast-hfb-above-header-display":"","ast-hfb-below-header-display":"","ast-hfb-mobile-header-display":"","site-post-title":"","ast-breadcrumbs-content":"","ast-featured-img":"","footer-sml-layout":"","ast-disable-related-posts":"","theme-transparent-header-meta":"","adv-header-id-meta":"","stick-header-meta":"","header-above-stick-meta":"","header-main-stick-meta":"","header-below-stick-meta":"","astra-migrate-meta-layouts":"default","ast-page-background-enabled":"default","ast-page-background-meta":{"desktop":{"background-color":"var(--ast-global-color-4)","background-image":"","background-repeat":"repeat","background-position":"center center","background-size":"auto","background-attachment":"scroll","background-type":"","background-media":"","overlay-type":"","overlay-color":"","overlay-opacity":"","overlay-gradient":""},"tablet":{"background-color":"","background-image":"","background-repeat":"repeat","background-position":"center center","background-size":"auto","background-attachment":"scroll","background-type":"","background-media":"","overlay-type":"","overlay-color":"","overlay-opacity":"","overlay-gradient":""},"mobile":{"background-color":"","background-image":"","background-repeat":"repeat","background-position":"center center","background-size":"auto","background-attachment":"scroll","background-type":"","background-media":"","overlay-type":"","overlay-color":"","overlay-opacity":"","overlay-gradient":""}},"ast-content-background-meta":{"desktop":{"background-color":"var(--ast-global-color-5)","background-image":"","background-repeat":"repeat","background-position":"center center","background-size":"auto","background-attachment":"scroll","background-type":"","background-media":"","overlay-type":"","overlay-color":"","overlay-opacity":"","overlay-gradient":""},"tablet":{"background-color":"var(--ast-global-color-5)","background-image":"","background-repeat":"repeat","background-position":"center center","background-size":"auto","background-attachment":"scroll","background-type":"","background-media":"","overlay-type":"","overlay-color":"","overlay-opacity":"","overlay-gradient":""},"mobile":{"background-color":"var(--ast-global-color-5)","background-image":"","background-repeat":"repeat","background-position":"center center","background-size":"auto","background-attachment":"scroll","background-type":"","background-media":"","overlay-type":"","overlay-color":"","overlay-opacity":"","overlay-gradient":""}},"ngg_post_thumbnail":0,"footnotes":""},"categories":[3,1,274],"tags":[],"class_list":["post-43571","post","type-post","status-publish","format-standard","hentry","category-aktuelles","category-allgemein","category-einsatzuebersicht"],"uagb_featured_image_src":{"full":false,"thumbnail":false,"medium":false,"medium_large":false,"large":false,"1536x1536":false,"2048x2048":false,"tp-image-grid":false},"uagb_author_info":{"display_name":"Stefan Schneider","author_link":"https:\/\/www.ffbs.at\/blog\/author\/stefan\/"},"uagb_comment_info":0,"uagb_excerpt":"Am 17. M\u00e4rz 2023 wurde die Freiwillige Feuerwehr Baden-Stadt mit dem Alarmmeldebild T1 T\u00fcr\u00f6ffnung mit Zusatz \u201eUnfall in Wohnung vermutet\u201c [&hellip;]","rttpg_featured_image_url":null,"rttpg_author":{"display_name":"Stefan Schneider","author_link":"https:\/\/www.ffbs.at\/blog\/author\/stefan\/"},"rttpg_comment":0,"rttpg_category":"<a href=\"https:\/\/www.ffbs.at\/blog\/category\/aktuelles\/\" rel=\"category tag\">Aktuelles<\/a> <a href=\"https:\/\/www.ffbs.at\/blog\/category\/allgemein\/\" rel=\"category tag\">Allgemein<\/a> <a href=\"https:\/\/www.ffbs.at\/blog\/category\/einsatzuebersicht\/\" rel=\"category tag\">Einsatz\u00fcbersicht<\/a>","rttpg_excerpt":"Am 17. M\u00e4rz 2023 wurde die Freiwillige Feuerwehr Baden-Stadt mit dem Alarmmeldebild T1 T\u00fcr\u00f6ffnung mit Zusatz \u201eUnfall in Wohnung vermutet\u201c [&hellip;]","_links":{"self":[{"href":"https:\/\/www.ffbs.at\/blog\/wp-json\/wp\/v2\/posts\/43571","targetHints":{"allow":["GET"]}}],"collection":[{"href":"https:\/\/www.ffbs.at\/blog\/wp-json\/wp\/v2\/posts"}],"about":[{"href":"https:\/\/www.ffbs.at\/blog\/wp-json\/wp\/v2\/types\/post"}],"author":[{"embeddable":true,"href":"https:\/\/www.ffbs.at\/blog\/wp-json\/wp\/v2\/users\/7"}],"replies":[{"embeddable":true,"href":"https:\/\/www.ffbs.at\/blog\/wp-json\/wp\/v2\/comments?post=43571"}],"version-history":[{"count":4,"href":"https:\/\/www.ffbs.at\/blog\/wp-json\/wp\/v2\/posts\/43571\/revisions"}],"predecessor-version":[{"id":43617,"href":"https:\/\/www.ffbs.at\/blog\/wp-json\/wp\/v2\/posts\/43571\/revisions\/43617"}],"wp:attachment":[{"href":"https:\/\/www.ffbs.at\/blog\/wp-json\/wp\/v2\/media?parent=43571"}],"wp:term":[{"taxonomy":"category","embeddable":true,"href":"https:\/\/www.ffbs.at\/blog\/wp-json\/wp\/v2\/categories?post=43571"},{"taxonomy":"post_tag","embeddable":true,"href":"https:\/\/www.ffbs.at\/blog\/wp-json\/wp\/v2\/tags?post=43571"}],"curies":[{"name":"wp","href":"https:\/\/api.w.org\/{rel}","templated":true}]}}