{"id":43562,"date":"2023-03-17T23:59:00","date_gmt":"2023-03-17T22:59:00","guid":{"rendered":"https:\/\/www.ffbs.at\/blog\/?p=43562"},"modified":"2024-01-14T10:59:37","modified_gmt":"2024-01-14T09:59:37","slug":"save-the-date-2","status":"publish","type":"post","link":"https:\/\/www.ffbs.at\/blog\/save-the-date-2\/43562\/","title":{"rendered":"SAVE THE DATE"},"content":{"rendered":"\n<figure class=\"wp-block-image size-full\"><img fetchpriority=\"high\" decoding=\"async\" width=\"1000\" height=\"380\" src=\"https:\/\/www.ffbs.at\/blog\/wp-content\/uploads\/2023\/03\/FW-Fest-2023-FFBS-Ankuender-01.png\" alt=\"\" class=\"wp-image-43563\" srcset=\"https:\/\/www.ffbs.at\/blog\/wp-content\/uploads\/2023\/03\/FW-Fest-2023-FFBS-Ankuender-01.png 1000w, https:\/\/www.ffbs.at\/blog\/wp-content\/uploads\/2023\/03\/FW-Fest-2023-FFBS-Ankuender-01-350x133.png 350w, https:\/\/www.ffbs.at\/blog\/wp-content\/uploads\/2023\/03\/FW-Fest-2023-FFBS-Ankuender-01-768x292.png 768w\" sizes=\"(max-width: 1000px) 100vw, 1000px\" \/><figcaption><br>Wir freuen uns auf Ihr Kommen und <strong><em>DANKE<\/em><\/strong> vorab schon jetzt <strong><em>f\u00fcr Ihre Unterst\u00fctzung!<\/em><\/strong> <\/figcaption><\/figure>\n\n\n\n<figure class=\"wp-block-image size-full\"><img decoding=\"async\" width=\"251\" height=\"131\" src=\"https:\/\/www.ffbs.at\/blog\/wp-content\/uploads\/2023\/03\/Ankuender-Fest-FFBS.jpg\" alt=\"\" class=\"wp-image-43564\"\/><figcaption>Informationen zu Spenden &amp; Rufnummern unter: <a href=\"https:\/\/www.ffbs.at\/blog\/?page_id=237\" target=\"_blank\" rel=\"noreferrer noopener\">www.ffbs.at<\/a><\/figcaption><\/figure>\n\n\n\n<p>Das 27. Fest der FF Baden-Stadt findet von 02.-04. Juni 2023 im Feuerwehrhaus und in der Grabengasse statt. <\/p>\n\n\n\n<p>Auch f\u00fcr Firmen und Gewerbetreibende besteht die M\u00f6glichkeit uns dabei zu unterst\u00fctzen in Form von:<\/p>\n\n\n\n<ul class=\"wp-block-list\"><li>Werbung in der <strong>Speisekarte<\/strong><\/li><li><strong>Transparentwerbung<\/strong><\/li><li><strong>Getr\u00e4nkespenden<\/strong><\/li><li><strong>Sachspenden<\/strong> f\u00fcr unsere t\u00e4glichen Quizverlosungen<\/li><li><strong>Einzelleistungen<\/strong><\/li><\/ul>\n","protected":false},"excerpt":{"rendered":"<p>Das 27. Fest der FF Baden-Stadt findet von 02.-04. Juni 2023 im Feuerwehrhaus und in der Grabengasse statt. Auch f\u00fcr [&hellip;]<\/p>\n","protected":false},"author":7,"featured_media":43563,"comment_status":"closed","ping_status":"closed","sticky":true,"template":"","format":"standard","meta":{"_uag_custom_page_level_css":"","site-sidebar-layout":"default","site-content-layout":"","ast-site-content-layout":"default","site-content-style":"default","site-sidebar-style":"default","ast-global-header-display":"","ast-banner-title-visibility":"","ast-main-header-display":"","ast-hfb-above-header-display":"","ast-hfb-below-header-display":"","ast-hfb-mobile-header-display":"","site-post-title":"","ast-breadcrumbs-content":"","ast-featured-img":"","footer-sml-layout":"","ast-disable-related-posts":"","theme-transparent-header-meta":"","adv-header-id-meta":"","stick-header-meta":"","header-above-stick-meta":"","header-main-stick-meta":"","header-below-stick-meta":"","astra-migrate-meta-layouts":"default","ast-page-background-enabled":"default","ast-page-background-meta":{"desktop":{"background-color":"var(--ast-global-color-4)","background-image":"","background-repeat":"repeat","background-position":"center center","background-size":"auto","background-attachment":"scroll","background-type":"","background-media":"","overlay-type":"","overlay-color":"","overlay-opacity":"","overlay-gradient":""},"tablet":{"background-color":"","background-image":"","background-repeat":"repeat","background-position":"center center","background-size":"auto","background-attachment":"scroll","background-type":"","background-media":"","overlay-type":"","overlay-color":"","overlay-opacity":"","overlay-gradient":""},"mobile":{"background-color":"","background-image":"","background-repeat":"repeat","background-position":"center center","background-size":"auto","background-attachment":"scroll","background-type":"","background-media":"","overlay-type":"","overlay-color":"","overlay-opacity":"","overlay-gradient":""}},"ast-content-background-meta":{"desktop":{"background-color":"var(--ast-global-color-5)","background-image":"","background-repeat":"repeat","background-position":"center center","background-size":"auto","background-attachment":"scroll","background-type":"","background-media":"","overlay-type":"","overlay-color":"","overlay-opacity":"","overlay-gradient":""},"tablet":{"background-color":"var(--ast-global-color-5)","background-image":"","background-repeat":"repeat","background-position":"center center","background-size":"auto","background-attachment":"scroll","background-type":"","background-media":"","overlay-type":"","overlay-color":"","overlay-opacity":"","overlay-gradient":""},"mobile":{"background-color":"var(--ast-global-color-5)","background-image":"","background-repeat":"repeat","background-position":"center center","background-size":"auto","background-attachment":"scroll","background-type":"","background-media":"","overlay-type":"","overlay-color":"","overlay-opacity":"","overlay-gradient":""}},"ngg_post_thumbnail":0,"footnotes":""},"categories":[3,1,5],"tags":[],"class_list":["post-43562","post","type-post","status-publish","format-standard","has-post-thumbnail","hentry","category-aktuelles","category-allgemein","category-veranstaltungen"],"uagb_featured_image_src":{"full":["https:\/\/www.ffbs.at\/blog\/wp-content\/uploads\/2023\/03\/FW-Fest-2023-FFBS-Ankuender-01.png",1000,380,false],"thumbnail":["https:\/\/www.ffbs.at\/blog\/wp-content\/uploads\/2023\/03\/FW-Fest-2023-FFBS-Ankuender-01-200x200.png",200,200,true],"medium":["https:\/\/www.ffbs.at\/blog\/wp-content\/uploads\/2023\/03\/FW-Fest-2023-FFBS-Ankuender-01-350x133.png",350,133,true],"medium_large":["https:\/\/www.ffbs.at\/blog\/wp-content\/uploads\/2023\/03\/FW-Fest-2023-FFBS-Ankuender-01-768x292.png",768,292,true],"large":["https:\/\/www.ffbs.at\/blog\/wp-content\/uploads\/2023\/03\/FW-Fest-2023-FFBS-Ankuender-01.png",1000,380,false],"1536x1536":["https:\/\/www.ffbs.at\/blog\/wp-content\/uploads\/2023\/03\/FW-Fest-2023-FFBS-Ankuender-01.png",1000,380,false],"2048x2048":["https:\/\/www.ffbs.at\/blog\/wp-content\/uploads\/2023\/03\/FW-Fest-2023-FFBS-Ankuender-01.png",1000,380,false],"tp-image-grid":["https:\/\/www.ffbs.at\/blog\/wp-content\/uploads\/2023\/03\/FW-Fest-2023-FFBS-Ankuender-01.png",700,266,false]},"uagb_author_info":{"display_name":"Stefan Schneider","author_link":"https:\/\/www.ffbs.at\/blog\/author\/stefan\/"},"uagb_comment_info":0,"uagb_excerpt":"Das 27. Fest der FF Baden-Stadt findet von 02.-04. Juni 2023 im Feuerwehrhaus und in der Grabengasse statt. Auch f\u00fcr [&hellip;]","rttpg_featured_image_url":{"full":["https:\/\/www.ffbs.at\/blog\/wp-content\/uploads\/2023\/03\/FW-Fest-2023-FFBS-Ankuender-01.png",1000,380,false],"landscape":["https:\/\/www.ffbs.at\/blog\/wp-content\/uploads\/2023\/03\/FW-Fest-2023-FFBS-Ankuender-01.png",1000,380,false],"portraits":["https:\/\/www.ffbs.at\/blog\/wp-content\/uploads\/2023\/03\/FW-Fest-2023-FFBS-Ankuender-01.png",1000,380,false],"thumbnail":["https:\/\/www.ffbs.at\/blog\/wp-content\/uploads\/2023\/03\/FW-Fest-2023-FFBS-Ankuender-01-200x200.png",200,200,true],"medium":["https:\/\/www.ffbs.at\/blog\/wp-content\/uploads\/2023\/03\/FW-Fest-2023-FFBS-Ankuender-01-350x133.png",350,133,true],"large":["https:\/\/www.ffbs.at\/blog\/wp-content\/uploads\/2023\/03\/FW-Fest-2023-FFBS-Ankuender-01.png",1000,380,false],"1536x1536":["https:\/\/www.ffbs.at\/blog\/wp-content\/uploads\/2023\/03\/FW-Fest-2023-FFBS-Ankuender-01.png",1000,380,false],"2048x2048":["https:\/\/www.ffbs.at\/blog\/wp-content\/uploads\/2023\/03\/FW-Fest-2023-FFBS-Ankuender-01.png",1000,380,false],"tp-image-grid":["https:\/\/www.ffbs.at\/blog\/wp-content\/uploads\/2023\/03\/FW-Fest-2023-FFBS-Ankuender-01.png",700,266,false]},"rttpg_author":{"display_name":"Stefan Schneider","author_link":"https:\/\/www.ffbs.at\/blog\/author\/stefan\/"},"rttpg_comment":0,"rttpg_category":"<a href=\"https:\/\/www.ffbs.at\/blog\/category\/aktuelles\/\" rel=\"category tag\">Aktuelles<\/a> <a href=\"https:\/\/www.ffbs.at\/blog\/category\/allgemein\/\" rel=\"category tag\">Allgemein<\/a> <a href=\"https:\/\/www.ffbs.at\/blog\/category\/veranstaltungen\/\" rel=\"category tag\">Veranstaltungen<\/a>","rttpg_excerpt":"Das 27. Fest der FF Baden-Stadt findet von 02.-04. Juni 2023 im Feuerwehrhaus und in der Grabengasse statt. Auch f\u00fcr [&hellip;]","_links":{"self":[{"href":"https:\/\/www.ffbs.at\/blog\/wp-json\/wp\/v2\/posts\/43562","targetHints":{"allow":["GET"]}}],"collection":[{"href":"https:\/\/www.ffbs.at\/blog\/wp-json\/wp\/v2\/posts"}],"about":[{"href":"https:\/\/www.ffbs.at\/blog\/wp-json\/wp\/v2\/types\/post"}],"author":[{"embeddable":true,"href":"https:\/\/www.ffbs.at\/blog\/wp-json\/wp\/v2\/users\/7"}],"replies":[{"embeddable":true,"href":"https:\/\/www.ffbs.at\/blog\/wp-json\/wp\/v2\/comments?post=43562"}],"version-history":[{"count":4,"href":"https:\/\/www.ffbs.at\/blog\/wp-json\/wp\/v2\/posts\/43562\/revisions"}],"predecessor-version":[{"id":43570,"href":"https:\/\/www.ffbs.at\/blog\/wp-json\/wp\/v2\/posts\/43562\/revisions\/43570"}],"wp:featuredmedia":[{"embeddable":true,"href":"https:\/\/www.ffbs.at\/blog\/wp-json\/wp\/v2\/media\/43563"}],"wp:attachment":[{"href":"https:\/\/www.ffbs.at\/blog\/wp-json\/wp\/v2\/media?parent=43562"}],"wp:term":[{"taxonomy":"category","embeddable":true,"href":"https:\/\/www.ffbs.at\/blog\/wp-json\/wp\/v2\/categories?post=43562"},{"taxonomy":"post_tag","embeddable":true,"href":"https:\/\/www.ffbs.at\/blog\/wp-json\/wp\/v2\/tags?post=43562"}],"curies":[{"name":"wp","href":"https:\/\/api.w.org\/{rel}","templated":true}]}}