{"id":43434,"date":"2023-02-25T23:58:00","date_gmt":"2023-02-25T22:58:00","guid":{"rendered":"https:\/\/www.ffbs.at\/blog\/?p=43434"},"modified":"2023-03-02T16:31:28","modified_gmt":"2023-03-02T15:31:28","slug":"vorbereitung-auf-das-modul-atemschutzgeraetetraeger","status":"publish","type":"post","link":"https:\/\/www.ffbs.at\/blog\/vorbereitung-auf-das-modul-atemschutzgeraetetraeger\/43434\/","title":{"rendered":"Vorbereitung auf das Modul Atemschutzger\u00e4tetr\u00e4ger"},"content":{"rendered":"\n<p><strong>Derzeit befinden sich 6 Feuerwehrmitglieder der Freiwilligen Feuerwehr Baden-Stadt in der mehrstufigen Atemschutz Ausbildung.<\/strong><\/p>\n\n\n\n<p class=\"has-vivid-red-color has-text-color\"><em>Nach einer Grundausbildung die jedes Feuerwehrmitglied in seiner Feuerwehrlaufbahn zuerst einmal absolvieren muss, ist dann das Modul Atemschutzger\u00e4tetr\u00e4ger ein wichtiger Bestandteil f\u00fcr den weiteren Feuerwehrdienst. Vorausgesetzt man erh\u00e4lt die \u00e4rztliche Freigabe. Zu Beginn der Atemschutzausbildung ist eine Atemschutztauglichkeitsuntersuchung abzulegen, um zu gew\u00e4hrleisten, dass man k\u00f6rperlich fit ist Eins\u00e4tze und \u00dcbungen unter Atemschutz zu bew\u00e4ltigen. Nach einer positiven Untersuchung beginnt f\u00fcr das Feuerwehrmitglied die Atemschutzger\u00e4teausbildung.<\/em><\/p>\n\n\n\n<p>Hat man die erste H\u00fcrde einmal geschafft beginnt bereits in der eigenen Feuerwehr diese mehrstufige Ausbildung, bevor das Modul Atemschutzger\u00e4tetr\u00e4ger (Stufe 2) im Bezirk besucht werden kann.<\/p>\n\n\n\n<p>Diese startete f\u00fcr unsere 6 Atemschutzger\u00e4tetr\u00e4ger-Anw\u00e4rter am Samstag den 25. Februar 2023 im Feuerwehrhaus.<\/p>\n\n\n\n<p><strong>Stufe 1 &#8211; Gew\u00f6hnungs\u00fcbung unter Atemschutz<\/strong><\/p>\n\n\n\n<p>Der Atemschutz-Sachbearbeiter\/Team in der eigenen Feuerwehr macht den Auszubildenden mit dem Ger\u00e4t vertraut. Hier lernt der Auszubildende das wechseln der Flaschen, das Anlegen der Atemschutzger\u00e4te, sowie das Kurzpr\u00fcfen von Pressluftatmer und Maske. Au\u00dferdem absolviert er eine erste Atemschutz-Gew\u00f6hnungs\u00fcbung ohne gr\u00f6\u00dfere Belastung.<\/p>\n\n\n\n<p>Es folgt nun die <strong>Stufe 2<\/strong> (Modul Atemschutzger\u00e4tetr\u00e4ger) die dann im Bezirks-Atemschutzzentrum Bad V\u00f6slau stattfinden wird.<\/p>\n\n\n\n<p><strong>Wir w\u00fcnschen unseren neuen Atemschutzger\u00e4tetr\u00e4ger-Anw\u00e4rtern dabei viel Erfolg!<\/strong><\/p>\n\n\n\n<p class=\"has-small-font-size\">Fotos: Freiwillige Feuerwehr Baden-Stadt \/ Dominik Zw\u00f6fler<br>Beitrag erstellt durch Stefan Schneider<\/p>\n\n\n\nngg_shortcode_0_placeholder\n","protected":false},"excerpt":{"rendered":"<p>Derzeit befinden sich 6 Feuerwehrmitglieder der Freiwilligen Feuerwehr Baden-Stadt in der mehrstufigen Atemschutz Ausbildung. Nach einer Grundausbildung die jedes Feuerwehrmitglied [&hellip;]<\/p>\n","protected":false},"author":7,"featured_media":0,"comment_status":"closed","ping_status":"closed","sticky":false,"template":"","format":"standard","meta":{"_uag_custom_page_level_css":"","site-sidebar-layout":"default","site-content-layout":"","ast-site-content-layout":"default","site-content-style":"default","site-sidebar-style":"default","ast-global-header-display":"","ast-banner-title-visibility":"","ast-main-header-display":"","ast-hfb-above-header-display":"","ast-hfb-below-header-display":"","ast-hfb-mobile-header-display":"","site-post-title":"","ast-breadcrumbs-content":"","ast-featured-img":"","footer-sml-layout":"","ast-disable-related-posts":"","theme-transparent-header-meta":"","adv-header-id-meta":"","stick-header-meta":"","header-above-stick-meta":"","header-main-stick-meta":"","header-below-stick-meta":"","astra-migrate-meta-layouts":"default","ast-page-background-enabled":"default","ast-page-background-meta":{"desktop":{"background-color":"var(--ast-global-color-4)","background-image":"","background-repeat":"repeat","background-position":"center center","background-size":"auto","background-attachment":"scroll","background-type":"","background-media":"","overlay-type":"","overlay-color":"","overlay-opacity":"","overlay-gradient":""},"tablet":{"background-color":"","background-image":"","background-repeat":"repeat","background-position":"center center","background-size":"auto","background-attachment":"scroll","background-type":"","background-media":"","overlay-type":"","overlay-color":"","overlay-opacity":"","overlay-gradient":""},"mobile":{"background-color":"","background-image":"","background-repeat":"repeat","background-position":"center center","background-size":"auto","background-attachment":"scroll","background-type":"","background-media":"","overlay-type":"","overlay-color":"","overlay-opacity":"","overlay-gradient":""}},"ast-content-background-meta":{"desktop":{"background-color":"var(--ast-global-color-5)","background-image":"","background-repeat":"repeat","background-position":"center center","background-size":"auto","background-attachment":"scroll","background-type":"","background-media":"","overlay-type":"","overlay-color":"","overlay-opacity":"","overlay-gradient":""},"tablet":{"background-color":"var(--ast-global-color-5)","background-image":"","background-repeat":"repeat","background-position":"center center","background-size":"auto","background-attachment":"scroll","background-type":"","background-media":"","overlay-type":"","overlay-color":"","overlay-opacity":"","overlay-gradient":""},"mobile":{"background-color":"var(--ast-global-color-5)","background-image":"","background-repeat":"repeat","background-position":"center center","background-size":"auto","background-attachment":"scroll","background-type":"","background-media":"","overlay-type":"","overlay-color":"","overlay-opacity":"","overlay-gradient":""}},"ngg_post_thumbnail":0,"footnotes":""},"categories":[3,1,4],"tags":[],"class_list":["post-43434","post","type-post","status-publish","format-standard","hentry","category-aktuelles","category-allgemein","category-ausbildung"],"uagb_featured_image_src":{"full":false,"thumbnail":false,"medium":false,"medium_large":false,"large":false,"1536x1536":false,"2048x2048":false,"tp-image-grid":false},"uagb_author_info":{"display_name":"Stefan Schneider","author_link":"https:\/\/www.ffbs.at\/blog\/author\/stefan\/"},"uagb_comment_info":0,"uagb_excerpt":"Derzeit befinden sich 6 Feuerwehrmitglieder der Freiwilligen Feuerwehr Baden-Stadt in der mehrstufigen Atemschutz Ausbildung. Nach einer Grundausbildung die jedes Feuerwehrmitglied [&hellip;]","rttpg_featured_image_url":null,"rttpg_author":{"display_name":"Stefan Schneider","author_link":"https:\/\/www.ffbs.at\/blog\/author\/stefan\/"},"rttpg_comment":0,"rttpg_category":"<a href=\"https:\/\/www.ffbs.at\/blog\/category\/aktuelles\/\" rel=\"category tag\">Aktuelles<\/a> <a href=\"https:\/\/www.ffbs.at\/blog\/category\/allgemein\/\" rel=\"category tag\">Allgemein<\/a> <a href=\"https:\/\/www.ffbs.at\/blog\/category\/ausbildung\/\" rel=\"category tag\">Ausbildung<\/a>","rttpg_excerpt":"Derzeit befinden sich 6 Feuerwehrmitglieder der Freiwilligen Feuerwehr Baden-Stadt in der mehrstufigen Atemschutz Ausbildung. Nach einer Grundausbildung die jedes Feuerwehrmitglied [&hellip;]","_links":{"self":[{"href":"https:\/\/www.ffbs.at\/blog\/wp-json\/wp\/v2\/posts\/43434","targetHints":{"allow":["GET"]}}],"collection":[{"href":"https:\/\/www.ffbs.at\/blog\/wp-json\/wp\/v2\/posts"}],"about":[{"href":"https:\/\/www.ffbs.at\/blog\/wp-json\/wp\/v2\/types\/post"}],"author":[{"embeddable":true,"href":"https:\/\/www.ffbs.at\/blog\/wp-json\/wp\/v2\/users\/7"}],"replies":[{"embeddable":true,"href":"https:\/\/www.ffbs.at\/blog\/wp-json\/wp\/v2\/comments?post=43434"}],"version-history":[{"count":7,"href":"https:\/\/www.ffbs.at\/blog\/wp-json\/wp\/v2\/posts\/43434\/revisions"}],"predecessor-version":[{"id":43468,"href":"https:\/\/www.ffbs.at\/blog\/wp-json\/wp\/v2\/posts\/43434\/revisions\/43468"}],"wp:attachment":[{"href":"https:\/\/www.ffbs.at\/blog\/wp-json\/wp\/v2\/media?parent=43434"}],"wp:term":[{"taxonomy":"category","embeddable":true,"href":"https:\/\/www.ffbs.at\/blog\/wp-json\/wp\/v2\/categories?post=43434"},{"taxonomy":"post_tag","embeddable":true,"href":"https:\/\/www.ffbs.at\/blog\/wp-json\/wp\/v2\/tags?post=43434"}],"curies":[{"name":"wp","href":"https:\/\/api.w.org\/{rel}","templated":true}]}}