{"id":43394,"date":"2023-02-22T23:58:00","date_gmt":"2023-02-22T22:58:00","guid":{"rendered":"https:\/\/www.ffbs.at\/blog\/?p=43394"},"modified":"2023-02-25T23:56:46","modified_gmt":"2023-02-25T22:56:46","slug":"gemeinsamer-kinoabend-notre-dame-in-flammen","status":"publish","type":"post","link":"https:\/\/www.ffbs.at\/blog\/gemeinsamer-kinoabend-notre-dame-in-flammen\/43394\/","title":{"rendered":"Gemeinsamer Kinoabend \u2013 Notre-Dame in Flammen"},"content":{"rendered":"\n<p><strong>Kameradschaftspflege ist auch bei der Feuerwehr ein wichtiger Bestandteil. Und wenn das Gem\u00fctliche gleich auch mit einer Art von Ausbildung verbunden werden kann, f\u00e4llt es einem noch viel leichter.<\/strong><\/p>\n\n\n\n<p>Unser Abschnittsfeuerwehrkommando lud am Mittwoch 22. Februar 2023 die Freiwillige Feuerwehr Baden-Stadt, sowie die FF Baden-Leesdorf und FF Baden Weikersdorf zu einem gemeinsamen Kinoabend ins Badener Cinema Paradiso. Ein ganzer Kinosaal stand nur f\u00fcr unsere Feuerwehrmitglieder zur Verf\u00fcgung.<\/p>\n\n\n\n<p style=\"font-size:14px\"><em>\u2026Der Brand von Notre-Dame war ein Gro\u00dfbrand, der am 15. und 16. April 2019 das historische Bauwerk der Kathedrale Notre-Dame de Paris teilweise zerst\u00f6rte. Der Pariser Feuerwehr gelang es nach etwa vier Stunden, den Brand im Wesentlichen auf den h\u00f6lzernen Dachstuhl zu begrenzen. Die Westfassade mit den Hauptt\u00fcrmen, die W\u00e4nde des Mittelschiffs nebst Strebewerk sowie gro\u00dfe Teile des Deckengew\u00f6lbes und die Seitenschiffe und Chorumg\u00e4nge blieben weitgehend stabil. Die reiche Ausstattung der Kirche blieb gr\u00f6\u00dftenteils erhalten, wurde jedoch teilweise durch Hitze, Rauch, Ru\u00df und L\u00f6schwasser verschmutzt und besch\u00e4digt. (<a href=\"https:\/\/de.wikipedia.org\/wiki\/Brand_von_Notre-Dame_in_Paris_2019\" target=\"_blank\" rel=\"noreferrer noopener\">Quelle Wikipedia<\/a>)<\/em><\/p>\n\n\n\n<p><strong>Jean-Jacques Annauds franz\u00f6sisches Doku-Drama Notre-Dame in Flammen vollzieht den verheerenden Brand 2019 in der weltber\u00fchmten Kathedrale von Paris detailliert nach.<\/strong><\/p>\n\n\n\n<p class=\"has-small-font-size\"><em>Anmerkung: Aus rechtlichen Gr\u00fcnden d\u00fcrfen keine Aufnahmen w\u00e4hrend bzw. von dem Kinofilm gemacht werden.<\/em><\/p>\n\n\n\n<p>Im Anschluss an den Film blickte Abschnittssachbearbeiter f\u00fcr Ausbildung OBI Robert Lichtenauer (FF Baden-Stadt) mit einigen Fotos und Videoclips auf zwei Gro\u00dfbr\u00e4nde in Baden nochmals zur\u00fcck. Wobei auch hier damals die Einsatzkr\u00e4fte mit besonderen Herausforderungen im innerst\u00e4dtischen Bereich konfrontiert waren.<\/p>\n\n\n\n<p class=\"has-small-font-size\">Fotos: Freiwillige Feuerwehr Baden-Stadt \/ Stefan Schneider <br>Beitrag erstellt durch Stefan Schneider<\/p>\n\n\n\nngg_shortcode_0_placeholder\n","protected":false},"excerpt":{"rendered":"<p>Kameradschaftspflege ist auch bei der Feuerwehr ein wichtiger Bestandteil. Und wenn das Gem\u00fctliche gleich auch mit einer Art von Ausbildung [&hellip;]<\/p>\n","protected":false},"author":7,"featured_media":0,"comment_status":"closed","ping_status":"closed","sticky":false,"template":"","format":"standard","meta":{"_uag_custom_page_level_css":"","site-sidebar-layout":"default","site-content-layout":"","ast-site-content-layout":"default","site-content-style":"default","site-sidebar-style":"default","ast-global-header-display":"","ast-banner-title-visibility":"","ast-main-header-display":"","ast-hfb-above-header-display":"","ast-hfb-below-header-display":"","ast-hfb-mobile-header-display":"","site-post-title":"","ast-breadcrumbs-content":"","ast-featured-img":"","footer-sml-layout":"","ast-disable-related-posts":"","theme-transparent-header-meta":"","adv-header-id-meta":"","stick-header-meta":"","header-above-stick-meta":"","header-main-stick-meta":"","header-below-stick-meta":"","astra-migrate-meta-layouts":"default","ast-page-background-enabled":"default","ast-page-background-meta":{"desktop":{"background-color":"var(--ast-global-color-4)","background-image":"","background-repeat":"repeat","background-position":"center center","background-size":"auto","background-attachment":"scroll","background-type":"","background-media":"","overlay-type":"","overlay-color":"","overlay-opacity":"","overlay-gradient":""},"tablet":{"background-color":"","background-image":"","background-repeat":"repeat","background-position":"center center","background-size":"auto","background-attachment":"scroll","background-type":"","background-media":"","overlay-type":"","overlay-color":"","overlay-opacity":"","overlay-gradient":""},"mobile":{"background-color":"","background-image":"","background-repeat":"repeat","background-position":"center center","background-size":"auto","background-attachment":"scroll","background-type":"","background-media":"","overlay-type":"","overlay-color":"","overlay-opacity":"","overlay-gradient":""}},"ast-content-background-meta":{"desktop":{"background-color":"var(--ast-global-color-5)","background-image":"","background-repeat":"repeat","background-position":"center center","background-size":"auto","background-attachment":"scroll","background-type":"","background-media":"","overlay-type":"","overlay-color":"","overlay-opacity":"","overlay-gradient":""},"tablet":{"background-color":"var(--ast-global-color-5)","background-image":"","background-repeat":"repeat","background-position":"center center","background-size":"auto","background-attachment":"scroll","background-type":"","background-media":"","overlay-type":"","overlay-color":"","overlay-opacity":"","overlay-gradient":""},"mobile":{"background-color":"var(--ast-global-color-5)","background-image":"","background-repeat":"repeat","background-position":"center center","background-size":"auto","background-attachment":"scroll","background-type":"","background-media":"","overlay-type":"","overlay-color":"","overlay-opacity":"","overlay-gradient":""}},"ngg_post_thumbnail":0,"footnotes":""},"categories":[3,1,4],"tags":[],"class_list":["post-43394","post","type-post","status-publish","format-standard","hentry","category-aktuelles","category-allgemein","category-ausbildung"],"uagb_featured_image_src":{"full":false,"thumbnail":false,"medium":false,"medium_large":false,"large":false,"1536x1536":false,"2048x2048":false,"tp-image-grid":false},"uagb_author_info":{"display_name":"Stefan Schneider","author_link":"https:\/\/www.ffbs.at\/blog\/author\/stefan\/"},"uagb_comment_info":0,"uagb_excerpt":"Kameradschaftspflege ist auch bei der Feuerwehr ein wichtiger Bestandteil. Und wenn das Gem\u00fctliche gleich auch mit einer Art von Ausbildung [&hellip;]","rttpg_featured_image_url":null,"rttpg_author":{"display_name":"Stefan Schneider","author_link":"https:\/\/www.ffbs.at\/blog\/author\/stefan\/"},"rttpg_comment":0,"rttpg_category":"<a href=\"https:\/\/www.ffbs.at\/blog\/category\/aktuelles\/\" rel=\"category tag\">Aktuelles<\/a> <a href=\"https:\/\/www.ffbs.at\/blog\/category\/allgemein\/\" rel=\"category tag\">Allgemein<\/a> <a href=\"https:\/\/www.ffbs.at\/blog\/category\/ausbildung\/\" rel=\"category tag\">Ausbildung<\/a>","rttpg_excerpt":"Kameradschaftspflege ist auch bei der Feuerwehr ein wichtiger Bestandteil. Und wenn das Gem\u00fctliche gleich auch mit einer Art von Ausbildung [&hellip;]","_links":{"self":[{"href":"https:\/\/www.ffbs.at\/blog\/wp-json\/wp\/v2\/posts\/43394","targetHints":{"allow":["GET"]}}],"collection":[{"href":"https:\/\/www.ffbs.at\/blog\/wp-json\/wp\/v2\/posts"}],"about":[{"href":"https:\/\/www.ffbs.at\/blog\/wp-json\/wp\/v2\/types\/post"}],"author":[{"embeddable":true,"href":"https:\/\/www.ffbs.at\/blog\/wp-json\/wp\/v2\/users\/7"}],"replies":[{"embeddable":true,"href":"https:\/\/www.ffbs.at\/blog\/wp-json\/wp\/v2\/comments?post=43394"}],"version-history":[{"count":17,"href":"https:\/\/www.ffbs.at\/blog\/wp-json\/wp\/v2\/posts\/43394\/revisions"}],"predecessor-version":[{"id":43433,"href":"https:\/\/www.ffbs.at\/blog\/wp-json\/wp\/v2\/posts\/43394\/revisions\/43433"}],"wp:attachment":[{"href":"https:\/\/www.ffbs.at\/blog\/wp-json\/wp\/v2\/media?parent=43394"}],"wp:term":[{"taxonomy":"category","embeddable":true,"href":"https:\/\/www.ffbs.at\/blog\/wp-json\/wp\/v2\/categories?post=43394"},{"taxonomy":"post_tag","embeddable":true,"href":"https:\/\/www.ffbs.at\/blog\/wp-json\/wp\/v2\/tags?post=43394"}],"curies":[{"name":"wp","href":"https:\/\/api.w.org\/{rel}","templated":true}]}}