{"id":43331,"date":"2023-02-08T23:59:00","date_gmt":"2023-02-08T22:59:00","guid":{"rendered":"https:\/\/www.ffbs.at\/blog\/?p=43331"},"modified":"2023-02-12T11:37:39","modified_gmt":"2023-02-12T10:37:39","slug":"wohnungsbrand-wienerstrasse","status":"publish","type":"post","link":"https:\/\/www.ffbs.at\/blog\/wohnungsbrand-wienerstrasse\/43331\/","title":{"rendered":"Wohnungsbrand-Wienerstra\u00dfe"},"content":{"rendered":"\n<p><strong>Zu einem Zimmerbrand bei einer Wohnhausanlage in Baden wurde am Mittwochvormittag (08.02.2023) die Freiwillige Feuerwehr Baden-Stadt, sowie die FF Baden-Leesdorf (laut Tagesalarmplan) durch die Bereichsalarmzentrale Baden alarmiert. In einer Erdgescho\u00dfwohnung brach aus unbekannter Ursache im Wohnzimmer ein Brand aus. Eine Anrainerin sah aus der Ferne Rauch aufsteigen und w\u00e4hlte den Feuerwehr-Notruf 122.<\/strong><\/p>\n\n\n\n<p>Beide alarmierten Feuerwehren trafen regelrecht zeitgleich vor Ort ein. Feuerwehreinsatzleiter OBI Robert Lichtenauer (FF Baden-Stadt), der mit Tank 3 Baden-Stadt ausr\u00fcckte erkundete sofort die Lage. Um im Bedarfsfall die ebenfalls eingetroffene Drehleiter direkt beim Wohnhaus, welches sich im hinteren Teil des Grundst\u00fccks befindet, aufstellen zu k\u00f6nnen, lie\u00df er schon bei der Zufahrt den Maschinisten von Tank 3 Baden-Stadt noch vor der Grundst\u00fcckseinfahrt halten.<\/p>\n\n\n\n<p>Ein Beamter der Stadtpolizei Baden informierte den Feuerwehreinsatzleiter, dass sich keine Personen mehr im Geb\u00e4ude befinden und der Brand in der Erdgescho\u00dfwohnung nicht sehr gro\u00df sein soll. Die Bewohnerin der betroffenen Wohnung befand sich bereits im Freien und wurde von den ebenfalls alarmierten Rettungskr\u00e4ften, mit Verdacht auf Rauchgasvergiftung, versorgt. Die Hausbewohner der zwei Wohnungen im ersten Stock konnten auch schon ins Freie fl\u00fcchten. Nach weiterer Lageerkundung lie\u00df der Feuerwehreinsatzleiter zwei Atemschutztrupps mit Kleinl\u00f6schger\u00e4ten ausr\u00fcsten. Ein Rauchvorhang wurde an der betroffenen Wohnungseingangst\u00fcre gesetzt und ein Hochleistungsl\u00fcfter vor dem Hauseingang platziert um auch das verrauchte Stiegenhaus zu bel\u00fcften. In Folge konnte mit einem zus\u00e4tzlichen Akkul\u00fcfter, der direkt vor Wohnung aufgestellt wurde, die Brandgase schneller abgeleitet werden. Auch eine L\u00f6schleitung wurde aufgebaut.<\/p>\n\n\n\n<p>Der Kleinbrand im Bereich eines Kamins in der Erdgescho\u00dfwohnung konnte von den Feuerwehreinsatzkr\u00e4ften schnell abgel\u00f6scht bzw. unter Kontrolle gebracht werden. Die Brandgase hatten jedoch die komplette Wohnung schwer in Mitleidenschaft gezogen. Um keinen Wasserschaden durch L\u00f6schwasser anzurichten, wurden das Brandgut ins Freie verbracht und dort mit einer C-L\u00f6schleitung abgel\u00f6scht. Warum der Brand ausgebrochen war ist Gegenstand polizeilicher Ermittlungen.<\/p>\n\n\n\n<p>Der Feuerwehreinsatz wurde nach 2 Stunden beendet. Neben der FF Baden-Stadt und <a rel=\"noreferrer noopener\" href=\"https:\/\/www.ff-baden-leesdorf.at\/\" target=\"_blank\">FF Baden-Leesdorf<\/a> standen Rettungskr\u00e4fte vom <a href=\"https:\/\/www.roteskreuz.at\/niederoesterreich\/baden\/home\" target=\"_blank\" rel=\"noreferrer noopener\">Roten Kreuz Baden<\/a> und dem <a href=\"https:\/\/www.asbtrk.at\/\" target=\"_blank\" rel=\"noreferrer noopener\">ArbeitersamariterbundTraiskirchen<\/a>, sowie zwei Polizeistreifen der <a rel=\"noreferrer noopener\" href=\"https:\/\/www.facebook.com\/profile.php?id=100064418423015\" target=\"_blank\">Stadtpolizei<\/a> im Einsatz.<\/p>\n\n\n\n<p class=\"has-small-font-size\">Fotos: Freiwillige Feuerwehr Baden-Stadt \/ Stefan Schneider<br>Beitrag erstellt durch Stefan Schneider<\/p>\n\n\n\nngg_shortcode_0_placeholder\n","protected":false},"excerpt":{"rendered":"<p>Zu einem Zimmerbrand bei einer Wohnhausanlage in Baden wurde am Mittwochvormittag (08.02.2023) die Freiwillige Feuerwehr Baden-Stadt, sowie die FF Baden-Leesdorf [&hellip;]<\/p>\n","protected":false},"author":7,"featured_media":0,"comment_status":"closed","ping_status":"closed","sticky":false,"template":"","format":"standard","meta":{"_uag_custom_page_level_css":"","site-sidebar-layout":"default","site-content-layout":"","ast-site-content-layout":"default","site-content-style":"default","site-sidebar-style":"default","ast-global-header-display":"","ast-banner-title-visibility":"","ast-main-header-display":"","ast-hfb-above-header-display":"","ast-hfb-below-header-display":"","ast-hfb-mobile-header-display":"","site-post-title":"","ast-breadcrumbs-content":"","ast-featured-img":"","footer-sml-layout":"","ast-disable-related-posts":"","theme-transparent-header-meta":"","adv-header-id-meta":"","stick-header-meta":"","header-above-stick-meta":"","header-main-stick-meta":"","header-below-stick-meta":"","astra-migrate-meta-layouts":"default","ast-page-background-enabled":"default","ast-page-background-meta":{"desktop":{"background-color":"var(--ast-global-color-4)","background-image":"","background-repeat":"repeat","background-position":"center center","background-size":"auto","background-attachment":"scroll","background-type":"","background-media":"","overlay-type":"","overlay-color":"","overlay-opacity":"","overlay-gradient":""},"tablet":{"background-color":"","background-image":"","background-repeat":"repeat","background-position":"center center","background-size":"auto","background-attachment":"scroll","background-type":"","background-media":"","overlay-type":"","overlay-color":"","overlay-opacity":"","overlay-gradient":""},"mobile":{"background-color":"","background-image":"","background-repeat":"repeat","background-position":"center center","background-size":"auto","background-attachment":"scroll","background-type":"","background-media":"","overlay-type":"","overlay-color":"","overlay-opacity":"","overlay-gradient":""}},"ast-content-background-meta":{"desktop":{"background-color":"var(--ast-global-color-5)","background-image":"","background-repeat":"repeat","background-position":"center center","background-size":"auto","background-attachment":"scroll","background-type":"","background-media":"","overlay-type":"","overlay-color":"","overlay-opacity":"","overlay-gradient":""},"tablet":{"background-color":"var(--ast-global-color-5)","background-image":"","background-repeat":"repeat","background-position":"center center","background-size":"auto","background-attachment":"scroll","background-type":"","background-media":"","overlay-type":"","overlay-color":"","overlay-opacity":"","overlay-gradient":""},"mobile":{"background-color":"var(--ast-global-color-5)","background-image":"","background-repeat":"repeat","background-position":"center center","background-size":"auto","background-attachment":"scroll","background-type":"","background-media":"","overlay-type":"","overlay-color":"","overlay-opacity":"","overlay-gradient":""}},"ngg_post_thumbnail":0,"footnotes":""},"categories":[3,1,274],"tags":[],"class_list":["post-43331","post","type-post","status-publish","format-standard","hentry","category-aktuelles","category-allgemein","category-einsatzuebersicht"],"uagb_featured_image_src":{"full":false,"thumbnail":false,"medium":false,"medium_large":false,"large":false,"1536x1536":false,"2048x2048":false,"tp-image-grid":false},"uagb_author_info":{"display_name":"Stefan Schneider","author_link":"https:\/\/www.ffbs.at\/blog\/author\/stefan\/"},"uagb_comment_info":0,"uagb_excerpt":"Zu einem Zimmerbrand bei einer Wohnhausanlage in Baden wurde am Mittwochvormittag (08.02.2023) die Freiwillige Feuerwehr Baden-Stadt, sowie die FF Baden-Leesdorf [&hellip;]","rttpg_featured_image_url":null,"rttpg_author":{"display_name":"Stefan Schneider","author_link":"https:\/\/www.ffbs.at\/blog\/author\/stefan\/"},"rttpg_comment":0,"rttpg_category":"<a href=\"https:\/\/www.ffbs.at\/blog\/category\/aktuelles\/\" rel=\"category tag\">Aktuelles<\/a> <a href=\"https:\/\/www.ffbs.at\/blog\/category\/allgemein\/\" rel=\"category tag\">Allgemein<\/a> <a href=\"https:\/\/www.ffbs.at\/blog\/category\/einsatzuebersicht\/\" rel=\"category tag\">Einsatz\u00fcbersicht<\/a>","rttpg_excerpt":"Zu einem Zimmerbrand bei einer Wohnhausanlage in Baden wurde am Mittwochvormittag (08.02.2023) die Freiwillige Feuerwehr Baden-Stadt, sowie die FF Baden-Leesdorf [&hellip;]","_links":{"self":[{"href":"https:\/\/www.ffbs.at\/blog\/wp-json\/wp\/v2\/posts\/43331","targetHints":{"allow":["GET"]}}],"collection":[{"href":"https:\/\/www.ffbs.at\/blog\/wp-json\/wp\/v2\/posts"}],"about":[{"href":"https:\/\/www.ffbs.at\/blog\/wp-json\/wp\/v2\/types\/post"}],"author":[{"embeddable":true,"href":"https:\/\/www.ffbs.at\/blog\/wp-json\/wp\/v2\/users\/7"}],"replies":[{"embeddable":true,"href":"https:\/\/www.ffbs.at\/blog\/wp-json\/wp\/v2\/comments?post=43331"}],"version-history":[{"count":5,"href":"https:\/\/www.ffbs.at\/blog\/wp-json\/wp\/v2\/posts\/43331\/revisions"}],"predecessor-version":[{"id":43392,"href":"https:\/\/www.ffbs.at\/blog\/wp-json\/wp\/v2\/posts\/43331\/revisions\/43392"}],"wp:attachment":[{"href":"https:\/\/www.ffbs.at\/blog\/wp-json\/wp\/v2\/media?parent=43331"}],"wp:term":[{"taxonomy":"category","embeddable":true,"href":"https:\/\/www.ffbs.at\/blog\/wp-json\/wp\/v2\/categories?post=43331"},{"taxonomy":"post_tag","embeddable":true,"href":"https:\/\/www.ffbs.at\/blog\/wp-json\/wp\/v2\/tags?post=43331"}],"curies":[{"name":"wp","href":"https:\/\/api.w.org\/{rel}","templated":true}]}}