{"id":43170,"date":"2023-02-04T23:59:00","date_gmt":"2023-02-04T22:59:00","guid":{"rendered":"https:\/\/www.ffbs.at\/blog\/?p=43170"},"modified":"2023-02-06T13:44:42","modified_gmt":"2023-02-06T12:44:42","slug":"baum-stuerzt-auf-wohnhausdach","status":"publish","type":"post","link":"https:\/\/www.ffbs.at\/blog\/baum-stuerzt-auf-wohnhausdach\/43170\/","title":{"rendered":"Baum st\u00fcrzt auf Wohnhausdach"},"content":{"rendered":"\n<p><strong>Nachdem das Sturmtief \u201ePIT\u201c in der Nacht von Freitag 03.02. auf Samstag 04. Februar 2023 in N\u00d6 etwas <strong>an Kraft<\/strong><\/strong> <strong>verlor, nahm dieser in den fr\u00fchen Morgenstunden erneut Fahrt auf und hielt zahlreiche Feuerwehren landauf, landab wieder auf Trab.<\/strong><\/p>\n\n\n\n<p>Die Freiwillige Feuerwehr Baden-Stadt wurde in den Samstagvormittagsstunden direkt von einer Pensionistin in Baden telefonisch kontaktiert und um Hilfe gebeten. Einer ihrer B\u00e4ume im Garten wurde von starken Sturmb\u00f6en erfasst und st\u00fcrzte auf das Dach ihres Nachbarn. Daraufhin wurden wir als \u00f6rtlich zust\u00e4ndige Feuerwehr \u00fcber die Bereichsalarmzentrale BADEN alarmiert. Es folgte ein sehr herausfordernder Einsatz.<\/p>\n\n\n\n<p>Feuerwehreinsatzleiter EOBI Stefan Schneider bot sich bei der Ersterkundung vor Ort folgende Lage: Ein ca. 12m hoher Baum, der direkt an der Grundst\u00fccksgrenze stand, wurde Gro\u00dfteils entwurzelt und lag mit dem oberen Drittel auf dem Dach des Nachbarhauses. Feuerwehrkommandant Stellvertreter OBI Robert Lichtenauer und einige weitere Mitglieder unserer Wehr befanden sich gerade mit unserer Drehleiter bei der Feuerwehr Baden Weikersdorf, wo die erste \u00dcbung der Badener H\u00f6henretter in diesem Jahr stattfand. Kurz nach Alarmierung r\u00fcckte er mit der Drehleiter, dem Maschinisten und einem zweiten Mitglied von dort aus in Richtung Einsatzadresse ab.<\/p>\n\n\n\n<p class=\"has-luminous-vivid-orange-color has-text-color\"><strong><em><u>Anmerkung<\/u><\/em><\/strong><em>: Die Badener H\u00f6henrettungsgruppe ist bei der Feuerwehr Baden Weikersdorf stationiert, wobei einige speziell ausgebildete Mitglieder der FF Baden-Stadt auch dieser Sondereinheit angeh\u00f6ren. &nbsp;&nbsp;&nbsp;<\/em><\/p>\n\n\n\n<p>An der Einsatzstelle angekommen wurde er eingewiesen und erkundete vom Drehleiterkorb aus die Lage von oben. In weiterer Folge \u00fcbernahm er die notwendigen Arbeiten am Dach. Da f\u00fcr ein Abtragen des Baumes vom Arbeitskorb aus die seitliche Ausladung der Drehleiter nicht ausreichte, musste direkt \u00fcber das Dach vorgegangen werden. Der Einsatz einer Schiebeleiter w\u00e4re f\u00fcr die Einsatzkr\u00e4fte zu gef\u00e4hrlich gewesen. W\u00e4hrenddessen lie\u00df der Feuerwehreinsatzleiter einen Greifzug in Stellung bringen, um den Baum gegen unkontrolliertes Abrutschen zu sichern. Als Anschlagpunkt stand ein massiver Baum im Garten der Pensionistin zur Verf\u00fcgung. \u00a0Nachdem der Baum gesichert war konnte am Dach mit dem Abtragen der \u00c4ste und dem oberen Stamm mittels Motorkettens\u00e4ge begonnen werden. Die am Dach arbeitenden Feuerwehrleute waren dabei mit speziellen Sicherheitsgeschirr ausger\u00fcstet und sicherten sich mit dynamischen Seilen gegen Absturz. Ein Kamin und die Drehleiter diente dabei als Anschlagpunkte.<\/p>\n\n\n\n<p>Im Einsatzverlauf wurde aufgrund der besonderen Lage des Baumes eine Fachfirma zur Beratung der Einsatzleitung beigezogen, um die Gefahr eines noch gr\u00f6\u00dferen Schadens am Wohnhaus beim Entfernen des Baumstammes minimieren zu k\u00f6nnen. Dabei entschied man die weiteren Arbeiten gemeinsam abzuwickeln. F\u00fcr die Bergung des entwurzelten Baumstammes wurde ein zweiter Greifzug der Feuerwehr, mit setzen einer Freilandverankerung, aufgebaut. Mit Hilfe dieser beiden Greifz\u00fcge gelang es, ohne weiteren Schaden am Wohnhaus, den Baumstamm nicht nur vom Dach wegzuheben, sondern auch gleich im Ganzen kontrolliert umzulegen.<\/p>\n\n\n\n<p>Der Hausbesitzer vom Wohnhaus auf dessen Dach der Baum gefallen war und dabei auch mehrere Dachziegel besch\u00e4digte, ersuchte die Feuerwehreinsatzkr\u00e4fte Ersatzdachziegeln, die er zur Verf\u00fcgung stellen konnte, gegen die kaputten auszutauschen. Dieses wurde dann auch von unseren Leuten durchgef\u00fchrt. Jedoch mit der Anweisung an den Besitzer, es m\u00fcsse trotzdem einen Dachdecker zur Kontrolle des Daches verst\u00e4ndigen.<\/p>\n\n\n\n<p>Eine zus\u00e4tzliche Herausforderung f\u00fcr die ehrenamtlichen Feuerwehreinsatzkr\u00e4fte war, die st\u00e4ndig wechselnde Witterung w\u00e4hrend des Einsatzes. Die Arbeiten mussten bei Wind, K\u00e4lte, Regen, Sonnenschein und leichten Schneetreiben durchgef\u00fchrt werden.<\/p>\n\n\n\n<p>Nach dem Einr\u00fccken und Herstellung der Einsatzbereitschaft konnte der Feuerwehreinsatz nach 4 Stunden beendet werden. <\/p>\n\n\n\n<p class=\"has-small-font-size\">Fotos: Freiwillige Feuerwehr Baden-Stadt \/ Stefan Schneider \/ Robert Lichtenauer \/ Viktor van de Castell \/ Nikole Piffer<br>Beitrag erstellt durch Stefan Schneider<\/p>\n\n\n\nngg_shortcode_0_placeholder\n","protected":false},"excerpt":{"rendered":"<p>Nachdem das Sturmtief \u201ePIT\u201c in der Nacht von Freitag 03.02. auf Samstag 04. Februar 2023 in N\u00d6 etwas an Kraft [&hellip;]<\/p>\n","protected":false},"author":7,"featured_media":0,"comment_status":"closed","ping_status":"closed","sticky":false,"template":"","format":"standard","meta":{"_uag_custom_page_level_css":"","site-sidebar-layout":"default","site-content-layout":"","ast-site-content-layout":"default","site-content-style":"default","site-sidebar-style":"default","ast-global-header-display":"","ast-banner-title-visibility":"","ast-main-header-display":"","ast-hfb-above-header-display":"","ast-hfb-below-header-display":"","ast-hfb-mobile-header-display":"","site-post-title":"","ast-breadcrumbs-content":"","ast-featured-img":"","footer-sml-layout":"","ast-disable-related-posts":"","theme-transparent-header-meta":"","adv-header-id-meta":"","stick-header-meta":"","header-above-stick-meta":"","header-main-stick-meta":"","header-below-stick-meta":"","astra-migrate-meta-layouts":"default","ast-page-background-enabled":"default","ast-page-background-meta":{"desktop":{"background-color":"var(--ast-global-color-4)","background-image":"","background-repeat":"repeat","background-position":"center center","background-size":"auto","background-attachment":"scroll","background-type":"","background-media":"","overlay-type":"","overlay-color":"","overlay-opacity":"","overlay-gradient":""},"tablet":{"background-color":"","background-image":"","background-repeat":"repeat","background-position":"center center","background-size":"auto","background-attachment":"scroll","background-type":"","background-media":"","overlay-type":"","overlay-color":"","overlay-opacity":"","overlay-gradient":""},"mobile":{"background-color":"","background-image":"","background-repeat":"repeat","background-position":"center center","background-size":"auto","background-attachment":"scroll","background-type":"","background-media":"","overlay-type":"","overlay-color":"","overlay-opacity":"","overlay-gradient":""}},"ast-content-background-meta":{"desktop":{"background-color":"var(--ast-global-color-5)","background-image":"","background-repeat":"repeat","background-position":"center center","background-size":"auto","background-attachment":"scroll","background-type":"","background-media":"","overlay-type":"","overlay-color":"","overlay-opacity":"","overlay-gradient":""},"tablet":{"background-color":"var(--ast-global-color-5)","background-image":"","background-repeat":"repeat","background-position":"center center","background-size":"auto","background-attachment":"scroll","background-type":"","background-media":"","overlay-type":"","overlay-color":"","overlay-opacity":"","overlay-gradient":""},"mobile":{"background-color":"var(--ast-global-color-5)","background-image":"","background-repeat":"repeat","background-position":"center center","background-size":"auto","background-attachment":"scroll","background-type":"","background-media":"","overlay-type":"","overlay-color":"","overlay-opacity":"","overlay-gradient":""}},"ngg_post_thumbnail":0,"footnotes":""},"categories":[3,1,274],"tags":[],"class_list":["post-43170","post","type-post","status-publish","format-standard","hentry","category-aktuelles","category-allgemein","category-einsatzuebersicht"],"uagb_featured_image_src":{"full":false,"thumbnail":false,"medium":false,"medium_large":false,"large":false,"1536x1536":false,"2048x2048":false,"tp-image-grid":false},"uagb_author_info":{"display_name":"Stefan Schneider","author_link":"https:\/\/www.ffbs.at\/blog\/author\/stefan\/"},"uagb_comment_info":0,"uagb_excerpt":"Nachdem das Sturmtief \u201ePIT\u201c in der Nacht von Freitag 03.02. auf Samstag 04. Februar 2023 in N\u00d6 etwas an Kraft [&hellip;]","rttpg_featured_image_url":null,"rttpg_author":{"display_name":"Stefan Schneider","author_link":"https:\/\/www.ffbs.at\/blog\/author\/stefan\/"},"rttpg_comment":0,"rttpg_category":"<a href=\"https:\/\/www.ffbs.at\/blog\/category\/aktuelles\/\" rel=\"category tag\">Aktuelles<\/a> <a href=\"https:\/\/www.ffbs.at\/blog\/category\/allgemein\/\" rel=\"category tag\">Allgemein<\/a> <a href=\"https:\/\/www.ffbs.at\/blog\/category\/einsatzuebersicht\/\" rel=\"category tag\">Einsatz\u00fcbersicht<\/a>","rttpg_excerpt":"Nachdem das Sturmtief \u201ePIT\u201c in der Nacht von Freitag 03.02. auf Samstag 04. Februar 2023 in N\u00d6 etwas an Kraft [&hellip;]","_links":{"self":[{"href":"https:\/\/www.ffbs.at\/blog\/wp-json\/wp\/v2\/posts\/43170","targetHints":{"allow":["GET"]}}],"collection":[{"href":"https:\/\/www.ffbs.at\/blog\/wp-json\/wp\/v2\/posts"}],"about":[{"href":"https:\/\/www.ffbs.at\/blog\/wp-json\/wp\/v2\/types\/post"}],"author":[{"embeddable":true,"href":"https:\/\/www.ffbs.at\/blog\/wp-json\/wp\/v2\/users\/7"}],"replies":[{"embeddable":true,"href":"https:\/\/www.ffbs.at\/blog\/wp-json\/wp\/v2\/comments?post=43170"}],"version-history":[{"count":29,"href":"https:\/\/www.ffbs.at\/blog\/wp-json\/wp\/v2\/posts\/43170\/revisions"}],"predecessor-version":[{"id":43329,"href":"https:\/\/www.ffbs.at\/blog\/wp-json\/wp\/v2\/posts\/43170\/revisions\/43329"}],"wp:attachment":[{"href":"https:\/\/www.ffbs.at\/blog\/wp-json\/wp\/v2\/media?parent=43170"}],"wp:term":[{"taxonomy":"category","embeddable":true,"href":"https:\/\/www.ffbs.at\/blog\/wp-json\/wp\/v2\/categories?post=43170"},{"taxonomy":"post_tag","embeddable":true,"href":"https:\/\/www.ffbs.at\/blog\/wp-json\/wp\/v2\/tags?post=43170"}],"curies":[{"name":"wp","href":"https:\/\/api.w.org\/{rel}","templated":true}]}}