{"id":43152,"date":"2023-02-03T23:59:00","date_gmt":"2023-02-03T22:59:00","guid":{"rendered":"https:\/\/www.ffbs.at\/blog\/?p=43152"},"modified":"2023-02-05T18:46:50","modified_gmt":"2023-02-05T17:46:50","slug":"balkonbrand-waehrend-sturmtief-pit","status":"publish","type":"post","link":"https:\/\/www.ffbs.at\/blog\/balkonbrand-waehrend-sturmtief-pit\/43152\/","title":{"rendered":"Balkonbrand w\u00e4hrend Sturmtief &#8222;PIT&#8220;"},"content":{"rendered":"\n<p><strong>Am 03. Februar 2023 wurde um 17:31 Uhr die Freiwillige Feuerwehr Baden-Stadt sowie die FF Baden-Leesdorf zu einem Brand mit Alarmstufe B2 Geb\u00e4ude-Balkon in der Badener Innenstadt alarmiert.<\/strong><\/p>\n\n\n\n<p>Kurz zuvor meldete eine aufmerksame Angestellte vom China-Restaurant am Conrad von H\u00f6tzendorf-Platz \u00fcber Feuerwehrnotruf 122 einen Brand auf einem Balkon am angrenzenden Grundst\u00fcck. Es soll dort schon heftig brennen und es d\u00fcrfte anscheinend niemand zu Hause sein.<\/p>\n\n\n\n<p>Da sich gerade noch vom vorherigen <a rel=\"noreferrer noopener\" href=\"https:\/\/www.ffbs.at\/blog\/?p=43106\" target=\"_blank\">Sturmeinsatz<\/a> einige Feuerwehrmitglieder der FF Baden-Stadt im Feuerwehrhaus befanden, konnte umgehend Tank 1 Baden-Stadt (HLF 2) in Richtung Einsatzadresse ausr\u00fccken und traf als erstes Fahrzeug vor Ort ein. Ein Zutritt auf das betroffene Grundst\u00fcck war jedoch anf\u00e4nglich gar nicht m\u00f6glich, aufgrund eines versperrten Einfahrtstor. Auf lautes Rufen und Klopfen reagierte niemand. Die Notrufmelderin konnte jedoch die Bewohnerin telefonisch erreichen und diese schickte ihren Sohn zum \u00d6ffnen ins Freie. Der Sohn und seine Mutter hatten vom Brand am Balkon im 1. Stock anscheinend nichts mitbekommen.<br><br>Somit mussten sich die Feuerwehreinsatzkr\u00e4fte zumindest keinen gewaltsamen Zutritt auf das Grundst\u00fcck verschaffen. Jedoch durch den anhaltenden Sturm wurde das Feuer kr\u00e4ftig angefacht und die meterhohen Flammen am Balkon im 1. Stock (ein dortiges Sofa und die Balkonverkleidung brannten lichterloh) drohten schon auch auf die Wohnr\u00e4ume \u00fcberzugreifen. Mit der Vornahme einer L\u00f6schleitung durch Tank 1 Baden-Stadt gelang es den Feuerwehrleuten dieses gerade noch zu verhindern. Eine Fensterscheibe war bereits gerissen, wie sich nach den L\u00f6scharbeiten herausstellte.<\/p>\n\n\n\n<p>Die zwischenzeitlich eingetroffenen Kr\u00e4fte der FF Baden-Leesdorf sorgten f\u00fcr die Wasserversorgung und stellte einen Atemschutztrupp. Dieser erhielt den Auftrag das Haus auf weitere Bewohner abzusuchen. Der Sohn befand sich zwar schon im Freien jedoch die Bewohnerin kam nicht heraus, obwohl sie hinter einer Balkont\u00fcre zu sehen war. Diese reagierte nicht auf Klopfen und Rufen bei der Wohnungseingangst\u00fcre, die versperrt war. Da sie den Schl\u00fcssel nicht fand musste sie \u00fcber ein Fenster im Erdgescho\u00df ins Freie geholt werden.<\/p>\n\n\n\n<p>Neben der FF Baden-Stadt und FF Baden-Leesdorf standen auch eine Streife der Stadtpolizei und Rettungskr\u00e4fte vom Roten Kreuz im Einsatz. Warum es zu dem Brand kam ist Gegenstand polizeilicher Ermittlungen.<\/p>\n\n\n\n<p>Der Feuerwehreinsatz konnte nach \u00fcber einer Stunde beendet werden.<\/p>\n\n\n\n<p class=\"has-small-font-size\">Beitrag erstellt durch EOBI Stefan Schneider FF Baden-Stadt<br>Fotos: Stefan Wagner <a href=\"https:\/\/www.ff-baden-leesdorf.at\/\" target=\"_blank\" rel=\"noreferrer noopener\">FF Baden-Leesdorf<\/a><\/p>\n\n\n\n<p class=\"has-small-font-size\"><a href=\"https:\/\/www.facebook.com\/permalink.php?story_fbid=pfbid0Rq2mroqenLuDaKq1iomeRPTDRBeWyvg1S67bxb7emCQ6YTQ5euPfz8T8yZQJaVj1l&amp;id=100064418423015&amp;__cft__[0]=AZXRuXBctGJtTTdafpMZZaN9IE79uJ0DtIRZU5f-pVewdFSu8dHadGfbOONF1-i86s08h1tFOdK-SBWt_gre7ZAxR-gt7Dw6Kpt6l1A2MN0uYCoLNklz5Ou7Z7fpUWUt2XQVBXJK1_jFgx-ATi_PqGBrDSZ5meoAQhzX6epKTEBOI0WDvdVT0gILkevfXwQoVZk&amp;__tn__=%2CO%2CP-R\" target=\"_blank\" rel=\"noreferrer noopener\">Stadtpolizei Baden<\/a>; <a href=\"https:\/\/www.roteskreuz.at\/niederoesterreich\/baden\/home\" target=\"_blank\" rel=\"noreferrer noopener\">Rotes Kreuz Baden<\/a><\/p>\n\n\n\nngg_shortcode_0_placeholder\n","protected":false},"excerpt":{"rendered":"<p>Am 03. Februar 2023 wurde um 17:31 Uhr die Freiwillige Feuerwehr Baden-Stadt sowie die FF Baden-Leesdorf zu einem Brand mit [&hellip;]<\/p>\n","protected":false},"author":7,"featured_media":0,"comment_status":"closed","ping_status":"closed","sticky":false,"template":"","format":"standard","meta":{"_uag_custom_page_level_css":"","site-sidebar-layout":"default","site-content-layout":"","ast-site-content-layout":"default","site-content-style":"default","site-sidebar-style":"default","ast-global-header-display":"","ast-banner-title-visibility":"","ast-main-header-display":"","ast-hfb-above-header-display":"","ast-hfb-below-header-display":"","ast-hfb-mobile-header-display":"","site-post-title":"","ast-breadcrumbs-content":"","ast-featured-img":"","footer-sml-layout":"","ast-disable-related-posts":"","theme-transparent-header-meta":"","adv-header-id-meta":"","stick-header-meta":"","header-above-stick-meta":"","header-main-stick-meta":"","header-below-stick-meta":"","astra-migrate-meta-layouts":"default","ast-page-background-enabled":"default","ast-page-background-meta":{"desktop":{"background-color":"var(--ast-global-color-4)","background-image":"","background-repeat":"repeat","background-position":"center center","background-size":"auto","background-attachment":"scroll","background-type":"","background-media":"","overlay-type":"","overlay-color":"","overlay-opacity":"","overlay-gradient":""},"tablet":{"background-color":"","background-image":"","background-repeat":"repeat","background-position":"center center","background-size":"auto","background-attachment":"scroll","background-type":"","background-media":"","overlay-type":"","overlay-color":"","overlay-opacity":"","overlay-gradient":""},"mobile":{"background-color":"","background-image":"","background-repeat":"repeat","background-position":"center center","background-size":"auto","background-attachment":"scroll","background-type":"","background-media":"","overlay-type":"","overlay-color":"","overlay-opacity":"","overlay-gradient":""}},"ast-content-background-meta":{"desktop":{"background-color":"var(--ast-global-color-5)","background-image":"","background-repeat":"repeat","background-position":"center center","background-size":"auto","background-attachment":"scroll","background-type":"","background-media":"","overlay-type":"","overlay-color":"","overlay-opacity":"","overlay-gradient":""},"tablet":{"background-color":"var(--ast-global-color-5)","background-image":"","background-repeat":"repeat","background-position":"center center","background-size":"auto","background-attachment":"scroll","background-type":"","background-media":"","overlay-type":"","overlay-color":"","overlay-opacity":"","overlay-gradient":""},"mobile":{"background-color":"var(--ast-global-color-5)","background-image":"","background-repeat":"repeat","background-position":"center center","background-size":"auto","background-attachment":"scroll","background-type":"","background-media":"","overlay-type":"","overlay-color":"","overlay-opacity":"","overlay-gradient":""}},"ngg_post_thumbnail":0,"footnotes":""},"categories":[3,1,274],"tags":[],"class_list":["post-43152","post","type-post","status-publish","format-standard","hentry","category-aktuelles","category-allgemein","category-einsatzuebersicht"],"uagb_featured_image_src":{"full":false,"thumbnail":false,"medium":false,"medium_large":false,"large":false,"1536x1536":false,"2048x2048":false,"tp-image-grid":false},"uagb_author_info":{"display_name":"Stefan Schneider","author_link":"https:\/\/www.ffbs.at\/blog\/author\/stefan\/"},"uagb_comment_info":0,"uagb_excerpt":"Am 03. Februar 2023 wurde um 17:31 Uhr die Freiwillige Feuerwehr Baden-Stadt sowie die FF Baden-Leesdorf zu einem Brand mit [&hellip;]","rttpg_featured_image_url":null,"rttpg_author":{"display_name":"Stefan Schneider","author_link":"https:\/\/www.ffbs.at\/blog\/author\/stefan\/"},"rttpg_comment":0,"rttpg_category":"<a href=\"https:\/\/www.ffbs.at\/blog\/category\/aktuelles\/\" rel=\"category tag\">Aktuelles<\/a> <a href=\"https:\/\/www.ffbs.at\/blog\/category\/allgemein\/\" rel=\"category tag\">Allgemein<\/a> <a href=\"https:\/\/www.ffbs.at\/blog\/category\/einsatzuebersicht\/\" rel=\"category tag\">Einsatz\u00fcbersicht<\/a>","rttpg_excerpt":"Am 03. Februar 2023 wurde um 17:31 Uhr die Freiwillige Feuerwehr Baden-Stadt sowie die FF Baden-Leesdorf zu einem Brand mit [&hellip;]","_links":{"self":[{"href":"https:\/\/www.ffbs.at\/blog\/wp-json\/wp\/v2\/posts\/43152","targetHints":{"allow":["GET"]}}],"collection":[{"href":"https:\/\/www.ffbs.at\/blog\/wp-json\/wp\/v2\/posts"}],"about":[{"href":"https:\/\/www.ffbs.at\/blog\/wp-json\/wp\/v2\/types\/post"}],"author":[{"embeddable":true,"href":"https:\/\/www.ffbs.at\/blog\/wp-json\/wp\/v2\/users\/7"}],"replies":[{"embeddable":true,"href":"https:\/\/www.ffbs.at\/blog\/wp-json\/wp\/v2\/comments?post=43152"}],"version-history":[{"count":10,"href":"https:\/\/www.ffbs.at\/blog\/wp-json\/wp\/v2\/posts\/43152\/revisions"}],"predecessor-version":[{"id":43169,"href":"https:\/\/www.ffbs.at\/blog\/wp-json\/wp\/v2\/posts\/43152\/revisions\/43169"}],"wp:attachment":[{"href":"https:\/\/www.ffbs.at\/blog\/wp-json\/wp\/v2\/media?parent=43152"}],"wp:term":[{"taxonomy":"category","embeddable":true,"href":"https:\/\/www.ffbs.at\/blog\/wp-json\/wp\/v2\/categories?post=43152"},{"taxonomy":"post_tag","embeddable":true,"href":"https:\/\/www.ffbs.at\/blog\/wp-json\/wp\/v2\/tags?post=43152"}],"curies":[{"name":"wp","href":"https:\/\/api.w.org\/{rel}","templated":true}]}}