{"id":43106,"date":"2023-02-03T23:58:00","date_gmt":"2023-02-03T22:58:00","guid":{"rendered":"https:\/\/www.ffbs.at\/blog\/?p=43106"},"modified":"2023-02-05T18:32:15","modified_gmt":"2023-02-05T17:32:15","slug":"sturmtief-pit-auch-ueber-der-stadt-baden","status":"publish","type":"post","link":"https:\/\/www.ffbs.at\/blog\/sturmtief-pit-auch-ueber-der-stadt-baden\/43106\/","title":{"rendered":"Sturmtief \u201ePIT\u201c auch \u00fcber der Stadt Baden"},"content":{"rendered":"\n<p><strong>Am 03. und 04. Februar 2023 fegte Sturmtief \u201ePIT\u201c \u00fcber weite Teile von \u00d6sterreich. So auch \u00fcber die Stadt Baden. Nachdem bereits eine Vielzahl an Feuerwehren mit den Aufr\u00e4umarbeiten im Einsatz standen, erreichte am Nachmittag 03.02 um 16:18 Uhr die Freiwillige Feuerwehr Baden-Stadt eine Alarmierung zu einem Sturmeinsatz.<\/strong><\/p>\n\n\n\n<p>Am Parkplatz in der Hildegardgasse gegen\u00fcber der Stadtpolizei war ein gro\u00dfer Ast von einem Baum abgerissen und st\u00fcrzte auf geparkte Fahrzeuge. Gl\u00fccklicherweise wurden dabei keine Personen verletzt. Ein geparktes Fahrzeug wurde aber besch\u00e4digt. Die Polizeistreife erwartete uns vor Ort.<\/p>\n\n\n\n<p>Durch unsere ausger\u00fcckten Feuerwehreinsatzkr\u00e4fte wurde einerseits der gro\u00dfe Ast, der auf einen Metallzaun des vorbeif\u00fchrenden M\u00fchlbachs und \u00fcber zwei geparkte Fahrzeuge zu liegen kam, St\u00fcckweise mit der Motorkettens\u00e4ge entfernt. Andererseits konnten noch weitere abgebrochene \u00c4ste \u00fcber die Drehleiter aus dem betroffenen und einem weiteren Baum geborgen werden.<\/p>\n\n\n\n<p>Nach zirka einer Stunde konnte die FF Baden-Stadt den Einsatz beenden.<\/p>\n\n\n\n<p class=\"has-small-font-size\">Fotos: Freiwillige Feuerwehr Baden-Stadt \/ Lucca Hanai \/ Viktor van de Castell<br>Beitrag erstellt durch Stefan Schneider<\/p>\n\n\n\n<p class=\"has-small-font-size\"><a rel=\"noreferrer noopener\" href=\"https:\/\/www.facebook.com\/permalink.php?story_fbid=pfbid02evFxDJDbYENiFwzVeVPLAzZVVsTzxk2oJnbnB3jQa6St3xzBoF2BkrXyRaFtA6jAl&amp;id=100064418423015&amp;__cft__[0]=AZWYvxVN37Yp1YgKW2y44vzdc1KmLxouphZ_n0d-ipQPGUFTvHDIi1PhMwZtPamXLpuF9m53qrlgynEV5TAZLPT17RJuS6H38SiOxsXbA7ANvzWrfECBsjQwLkoL8eGs08_Hkor8GK7FKt6cMPP6yxWq_SmNDhgXuYeYFYL2ckdAyGIzAJYSLXIVKvm7_zTRz7c&amp;__tn__=%2CO%2CP-R\" target=\"_blank\">Stadtpolizei Baden<\/a><\/p>\n\n\n\nngg_shortcode_0_placeholder\n","protected":false},"excerpt":{"rendered":"<p>Am 03. und 04. Februar 2023 fegte Sturmtief \u201ePIT\u201c \u00fcber weite Teile von \u00d6sterreich. So auch \u00fcber die Stadt Baden. [&hellip;]<\/p>\n","protected":false},"author":7,"featured_media":0,"comment_status":"closed","ping_status":"closed","sticky":false,"template":"","format":"standard","meta":{"_uag_custom_page_level_css":"","site-sidebar-layout":"default","site-content-layout":"","ast-site-content-layout":"default","site-content-style":"default","site-sidebar-style":"default","ast-global-header-display":"","ast-banner-title-visibility":"","ast-main-header-display":"","ast-hfb-above-header-display":"","ast-hfb-below-header-display":"","ast-hfb-mobile-header-display":"","site-post-title":"","ast-breadcrumbs-content":"","ast-featured-img":"","footer-sml-layout":"","ast-disable-related-posts":"","theme-transparent-header-meta":"","adv-header-id-meta":"","stick-header-meta":"","header-above-stick-meta":"","header-main-stick-meta":"","header-below-stick-meta":"","astra-migrate-meta-layouts":"default","ast-page-background-enabled":"default","ast-page-background-meta":{"desktop":{"background-color":"var(--ast-global-color-4)","background-image":"","background-repeat":"repeat","background-position":"center center","background-size":"auto","background-attachment":"scroll","background-type":"","background-media":"","overlay-type":"","overlay-color":"","overlay-opacity":"","overlay-gradient":""},"tablet":{"background-color":"","background-image":"","background-repeat":"repeat","background-position":"center center","background-size":"auto","background-attachment":"scroll","background-type":"","background-media":"","overlay-type":"","overlay-color":"","overlay-opacity":"","overlay-gradient":""},"mobile":{"background-color":"","background-image":"","background-repeat":"repeat","background-position":"center center","background-size":"auto","background-attachment":"scroll","background-type":"","background-media":"","overlay-type":"","overlay-color":"","overlay-opacity":"","overlay-gradient":""}},"ast-content-background-meta":{"desktop":{"background-color":"var(--ast-global-color-5)","background-image":"","background-repeat":"repeat","background-position":"center center","background-size":"auto","background-attachment":"scroll","background-type":"","background-media":"","overlay-type":"","overlay-color":"","overlay-opacity":"","overlay-gradient":""},"tablet":{"background-color":"var(--ast-global-color-5)","background-image":"","background-repeat":"repeat","background-position":"center center","background-size":"auto","background-attachment":"scroll","background-type":"","background-media":"","overlay-type":"","overlay-color":"","overlay-opacity":"","overlay-gradient":""},"mobile":{"background-color":"var(--ast-global-color-5)","background-image":"","background-repeat":"repeat","background-position":"center center","background-size":"auto","background-attachment":"scroll","background-type":"","background-media":"","overlay-type":"","overlay-color":"","overlay-opacity":"","overlay-gradient":""}},"ngg_post_thumbnail":0,"footnotes":""},"categories":[3,1,274],"tags":[],"class_list":["post-43106","post","type-post","status-publish","format-standard","hentry","category-aktuelles","category-allgemein","category-einsatzuebersicht"],"uagb_featured_image_src":{"full":false,"thumbnail":false,"medium":false,"medium_large":false,"large":false,"1536x1536":false,"2048x2048":false,"tp-image-grid":false},"uagb_author_info":{"display_name":"Stefan Schneider","author_link":"https:\/\/www.ffbs.at\/blog\/author\/stefan\/"},"uagb_comment_info":0,"uagb_excerpt":"Am 03. und 04. Februar 2023 fegte Sturmtief \u201ePIT\u201c \u00fcber weite Teile von \u00d6sterreich. So auch \u00fcber die Stadt Baden. [&hellip;]","rttpg_featured_image_url":null,"rttpg_author":{"display_name":"Stefan Schneider","author_link":"https:\/\/www.ffbs.at\/blog\/author\/stefan\/"},"rttpg_comment":0,"rttpg_category":"<a href=\"https:\/\/www.ffbs.at\/blog\/category\/aktuelles\/\" rel=\"category tag\">Aktuelles<\/a> <a href=\"https:\/\/www.ffbs.at\/blog\/category\/allgemein\/\" rel=\"category tag\">Allgemein<\/a> <a href=\"https:\/\/www.ffbs.at\/blog\/category\/einsatzuebersicht\/\" rel=\"category tag\">Einsatz\u00fcbersicht<\/a>","rttpg_excerpt":"Am 03. und 04. Februar 2023 fegte Sturmtief \u201ePIT\u201c \u00fcber weite Teile von \u00d6sterreich. So auch \u00fcber die Stadt Baden. [&hellip;]","_links":{"self":[{"href":"https:\/\/www.ffbs.at\/blog\/wp-json\/wp\/v2\/posts\/43106","targetHints":{"allow":["GET"]}}],"collection":[{"href":"https:\/\/www.ffbs.at\/blog\/wp-json\/wp\/v2\/posts"}],"about":[{"href":"https:\/\/www.ffbs.at\/blog\/wp-json\/wp\/v2\/types\/post"}],"author":[{"embeddable":true,"href":"https:\/\/www.ffbs.at\/blog\/wp-json\/wp\/v2\/users\/7"}],"replies":[{"embeddable":true,"href":"https:\/\/www.ffbs.at\/blog\/wp-json\/wp\/v2\/comments?post=43106"}],"version-history":[{"count":7,"href":"https:\/\/www.ffbs.at\/blog\/wp-json\/wp\/v2\/posts\/43106\/revisions"}],"predecessor-version":[{"id":43161,"href":"https:\/\/www.ffbs.at\/blog\/wp-json\/wp\/v2\/posts\/43106\/revisions\/43161"}],"wp:attachment":[{"href":"https:\/\/www.ffbs.at\/blog\/wp-json\/wp\/v2\/media?parent=43106"}],"wp:term":[{"taxonomy":"category","embeddable":true,"href":"https:\/\/www.ffbs.at\/blog\/wp-json\/wp\/v2\/categories?post=43106"},{"taxonomy":"post_tag","embeddable":true,"href":"https:\/\/www.ffbs.at\/blog\/wp-json\/wp\/v2\/tags?post=43106"}],"curies":[{"name":"wp","href":"https:\/\/api.w.org\/{rel}","templated":true}]}}