{"id":43019,"date":"2023-01-29T23:59:00","date_gmt":"2023-01-29T22:59:00","guid":{"rendered":"https:\/\/www.ffbs.at\/blog\/?p=43019"},"modified":"2023-02-03T23:50:47","modified_gmt":"2023-02-03T22:50:47","slug":"ueberoertlicher-brandeinsatz-in-traiskirchen","status":"publish","type":"post","link":"https:\/\/www.ffbs.at\/blog\/ueberoertlicher-brandeinsatz-in-traiskirchen\/43019\/","title":{"rendered":"\u00dcber\u00f6rtlicher Brandeinsatz in Traiskirchen"},"content":{"rendered":"\n<p><strong>Am 29. J\u00e4nner 2023 wurde die Freiwillige Feuerwehr Baden-Stadt mit der Drehleiter zu einem laufenden Einsatz in Traiskirchen angefordert. In einem Lebensmittelbetrieb war ein Brand ausgebrochen.<\/strong><\/p>\n\n\n\n<p>Nach Einsicht in die Brandschutzpl\u00e4ne war f\u00fcr den Feuerwehreinsatzleiter Brandrat Oliver Stocker von der FF Traiskirchen-Stadt ersichtlich, dass der Gro\u00dfteil des Geb\u00e4udes ein Brandabschnitt ist und die Gefahr einer massiven Brandausbreitung auf die gesamte Dachhaut (ca.250m\u00b2) bestand. Nach unserem Eintreffen wurden wir in die Lage eingewiesen und erhielten folgenden Einsatzauftrag:<\/p>\n\n\n\n<p>Einsatzreserve bzw. Brandbek\u00e4mpfung bei einer Ausbreitung auf das gesamte Dach, sowie ausleuchten der Dachfl\u00e4che bei zunehmender Dunkelheit. \u00dcbernahme des Einsatzabschnittes \u201eB&#8220; S\u00fcd. Hierf\u00fcr wurde eine L\u00f6schleitung von unserem Begleitfahrzeug Tank 3 Baden-Stadt (HLFA3 \u2013 4.000l) zur Drehleiter f\u00fcr einen m\u00f6glichen L\u00f6schangriff aufgebaut. Ebenso montierten wir weitere Scheinwerfer am Arbeitskorb, um eine noch gr\u00f6\u00dfere Ausleuchtung von oben auf den direkten Einsatzbereich am Dach zu erm\u00f6glichen. Auch Messungen wurden laufend mittels W\u00e4rmebildkamera vom Drehleiterkorb aus durchgef\u00fchrt. Dies erm\u00f6glichte auf eine Ausbreitung im Dachbereich sofort reagieren zu k\u00f6nnen.<\/p>\n\n\n\n<p>Die zwei vorhandenen Atemschutztrupps unserer Wehr standen ebenfalls als Sicherheitsreserve vor Ort in Bereitschaft. Gegen 19.30 Uhr r\u00fcckten wir wieder ins Feuerwehrhaus ein.<\/p>\n\n\n\n<p class=\"has-small-font-size\">Fotos: Freiwillige Feuerwehr Baden-Stadt \/ Dominik Judt \/ Yvonne Riesner \/ Roman und Viktor van de Castell \/ Thomas Hanai \/ Lucca Zoppoth \/ Stefan Schneider<br>Beitrag erstellt durch EOBI Stefan Schneider FF Baden-Stadt<\/p>\n\n\n\n<p class=\"has-small-font-size\"><a href=\"http:\/\/www.bfkdo-baden.com\/cms\/front_content.php?idcat=18&amp;idart=5531\" target=\"_blank\" rel=\"noreferrer noopener\">zum Einsatzbericht der FF Traiskirchen-S<\/a><a href=\"http:\/\/www.bfkdo-baden.com\/cms\/front_content.php?idcat=18&amp;idart=5531\">tadt<\/a><\/p>\n\n\n\nngg_shortcode_0_placeholder\n","protected":false},"excerpt":{"rendered":"<p>Am 29. J\u00e4nner 2023 wurde die Freiwillige Feuerwehr Baden-Stadt mit der Drehleiter zu einem laufenden Einsatz in Traiskirchen angefordert. In [&hellip;]<\/p>\n","protected":false},"author":7,"featured_media":0,"comment_status":"closed","ping_status":"closed","sticky":false,"template":"","format":"standard","meta":{"_uag_custom_page_level_css":"","site-sidebar-layout":"default","site-content-layout":"","ast-site-content-layout":"default","site-content-style":"default","site-sidebar-style":"default","ast-global-header-display":"","ast-banner-title-visibility":"","ast-main-header-display":"","ast-hfb-above-header-display":"","ast-hfb-below-header-display":"","ast-hfb-mobile-header-display":"","site-post-title":"","ast-breadcrumbs-content":"","ast-featured-img":"","footer-sml-layout":"","ast-disable-related-posts":"","theme-transparent-header-meta":"","adv-header-id-meta":"","stick-header-meta":"","header-above-stick-meta":"","header-main-stick-meta":"","header-below-stick-meta":"","astra-migrate-meta-layouts":"default","ast-page-background-enabled":"default","ast-page-background-meta":{"desktop":{"background-color":"var(--ast-global-color-4)","background-image":"","background-repeat":"repeat","background-position":"center center","background-size":"auto","background-attachment":"scroll","background-type":"","background-media":"","overlay-type":"","overlay-color":"","overlay-opacity":"","overlay-gradient":""},"tablet":{"background-color":"","background-image":"","background-repeat":"repeat","background-position":"center center","background-size":"auto","background-attachment":"scroll","background-type":"","background-media":"","overlay-type":"","overlay-color":"","overlay-opacity":"","overlay-gradient":""},"mobile":{"background-color":"","background-image":"","background-repeat":"repeat","background-position":"center center","background-size":"auto","background-attachment":"scroll","background-type":"","background-media":"","overlay-type":"","overlay-color":"","overlay-opacity":"","overlay-gradient":""}},"ast-content-background-meta":{"desktop":{"background-color":"var(--ast-global-color-5)","background-image":"","background-repeat":"repeat","background-position":"center center","background-size":"auto","background-attachment":"scroll","background-type":"","background-media":"","overlay-type":"","overlay-color":"","overlay-opacity":"","overlay-gradient":""},"tablet":{"background-color":"var(--ast-global-color-5)","background-image":"","background-repeat":"repeat","background-position":"center center","background-size":"auto","background-attachment":"scroll","background-type":"","background-media":"","overlay-type":"","overlay-color":"","overlay-opacity":"","overlay-gradient":""},"mobile":{"background-color":"var(--ast-global-color-5)","background-image":"","background-repeat":"repeat","background-position":"center center","background-size":"auto","background-attachment":"scroll","background-type":"","background-media":"","overlay-type":"","overlay-color":"","overlay-opacity":"","overlay-gradient":""}},"ngg_post_thumbnail":0,"footnotes":""},"categories":[3,1,274],"tags":[],"class_list":["post-43019","post","type-post","status-publish","format-standard","hentry","category-aktuelles","category-allgemein","category-einsatzuebersicht"],"uagb_featured_image_src":{"full":false,"thumbnail":false,"medium":false,"medium_large":false,"large":false,"1536x1536":false,"2048x2048":false,"tp-image-grid":false},"uagb_author_info":{"display_name":"Stefan Schneider","author_link":"https:\/\/www.ffbs.at\/blog\/author\/stefan\/"},"uagb_comment_info":0,"uagb_excerpt":"Am 29. J\u00e4nner 2023 wurde die Freiwillige Feuerwehr Baden-Stadt mit der Drehleiter zu einem laufenden Einsatz in Traiskirchen angefordert. In [&hellip;]","rttpg_featured_image_url":null,"rttpg_author":{"display_name":"Stefan Schneider","author_link":"https:\/\/www.ffbs.at\/blog\/author\/stefan\/"},"rttpg_comment":0,"rttpg_category":"<a href=\"https:\/\/www.ffbs.at\/blog\/category\/aktuelles\/\" rel=\"category tag\">Aktuelles<\/a> <a href=\"https:\/\/www.ffbs.at\/blog\/category\/allgemein\/\" rel=\"category tag\">Allgemein<\/a> <a href=\"https:\/\/www.ffbs.at\/blog\/category\/einsatzuebersicht\/\" rel=\"category tag\">Einsatz\u00fcbersicht<\/a>","rttpg_excerpt":"Am 29. J\u00e4nner 2023 wurde die Freiwillige Feuerwehr Baden-Stadt mit der Drehleiter zu einem laufenden Einsatz in Traiskirchen angefordert. In [&hellip;]","_links":{"self":[{"href":"https:\/\/www.ffbs.at\/blog\/wp-json\/wp\/v2\/posts\/43019","targetHints":{"allow":["GET"]}}],"collection":[{"href":"https:\/\/www.ffbs.at\/blog\/wp-json\/wp\/v2\/posts"}],"about":[{"href":"https:\/\/www.ffbs.at\/blog\/wp-json\/wp\/v2\/types\/post"}],"author":[{"embeddable":true,"href":"https:\/\/www.ffbs.at\/blog\/wp-json\/wp\/v2\/users\/7"}],"replies":[{"embeddable":true,"href":"https:\/\/www.ffbs.at\/blog\/wp-json\/wp\/v2\/comments?post=43019"}],"version-history":[{"count":8,"href":"https:\/\/www.ffbs.at\/blog\/wp-json\/wp\/v2\/posts\/43019\/revisions"}],"predecessor-version":[{"id":43050,"href":"https:\/\/www.ffbs.at\/blog\/wp-json\/wp\/v2\/posts\/43019\/revisions\/43050"}],"wp:attachment":[{"href":"https:\/\/www.ffbs.at\/blog\/wp-json\/wp\/v2\/media?parent=43019"}],"wp:term":[{"taxonomy":"category","embeddable":true,"href":"https:\/\/www.ffbs.at\/blog\/wp-json\/wp\/v2\/categories?post=43019"},{"taxonomy":"post_tag","embeddable":true,"href":"https:\/\/www.ffbs.at\/blog\/wp-json\/wp\/v2\/tags?post=43019"}],"curies":[{"name":"wp","href":"https:\/\/api.w.org\/{rel}","templated":true}]}}