{"id":42973,"date":"2023-01-31T23:59:00","date_gmt":"2023-01-31T22:59:00","guid":{"rendered":"https:\/\/www.ffbs.at\/blog\/?p=42973"},"modified":"2023-02-01T07:43:15","modified_gmt":"2023-02-01T06:43:15","slug":"personenrettung-aus-dem-6-stock-drehleitereinsatz","status":"publish","type":"post","link":"https:\/\/www.ffbs.at\/blog\/personenrettung-aus-dem-6-stock-drehleitereinsatz\/42973\/","title":{"rendered":"Personenrettung aus dem 6. Stock \u2013 Drehleitereinsatz"},"content":{"rendered":"\n<p><strong>Zur Unterst\u00fctzung beim Abtransport einer nicht gehf\u00e4higen Person, die \u00e4rztliche Hilfe ben\u00f6tigte, r\u00fcckte die Freiwillige Feuerwehr Baden-Stadt, am 31. J\u00e4nner 2023, mit der Drehleiter in den Badener Ortsteil Weikersdorf aus.<\/strong><\/p>\n\n\n\n<p>Ein Rettungsteam musste am Dienstvormittag die betroffene Person aus einer Wohnhausanalage abholen. Da sich die Wohnung im 6. Stockwerk befindet und die Person nur liegend abtransportiert werden konnte, wurde auch die FF Baden Weikersdorf zur Unterst\u00fctzung alarmiert. Aufgrund der \u00f6rtlichen Gegebenheiten forderte der Feuerwehreinsatzleiter das Badener Hubrettungsger\u00e4t nach, welches bei der FF Baden-Stadt stationiert ist.<\/p>\n\n\n\n<p>Mittels spezieller Vorrichtung die am Korb der Drehleiter montiert wird um eine Rettungswanne (Korbtrage) aufzunehmen, konnte dann die Personenrettung \u00fcber eine Terrasse der Wohnung im 6. Stockwerk durchgef\u00fchrt werden. So gelang der Transport zum Rettungsfahrzeug weitaus schonender als \u00fcber das Stiegenhaus.<\/p>\n\n\n\n<p class=\"has-small-font-size\">Fotos: Freiwillige Feuerwehr Baden-Stadt \/ Fritz Beichbuchner \/ Stefan Schneider<br>Beitrag erstellt durch Stefan Schneider<\/p>\n\n\n\n<p class=\"has-small-font-size\"><a rel=\"noreferrer noopener\" href=\"https:\/\/www.ff-baden-weikersdorf.at\/feuerwehr-einsaetze-baden\/personenrettung-aus-dem-6-stock#more-14814\" target=\"_blank\">Bericht der FF Baden Weikersdorf<\/a><\/p>\n\n\n\nngg_shortcode_0_placeholder\n","protected":false},"excerpt":{"rendered":"<p>Zur Unterst\u00fctzung beim Abtransport einer nicht gehf\u00e4higen Person, die \u00e4rztliche Hilfe ben\u00f6tigte, r\u00fcckte die Freiwillige Feuerwehr Baden-Stadt, am 31. J\u00e4nner [&hellip;]<\/p>\n","protected":false},"author":7,"featured_media":0,"comment_status":"closed","ping_status":"closed","sticky":false,"template":"","format":"standard","meta":{"_uag_custom_page_level_css":"","site-sidebar-layout":"default","site-content-layout":"","ast-site-content-layout":"default","site-content-style":"default","site-sidebar-style":"default","ast-global-header-display":"","ast-banner-title-visibility":"","ast-main-header-display":"","ast-hfb-above-header-display":"","ast-hfb-below-header-display":"","ast-hfb-mobile-header-display":"","site-post-title":"","ast-breadcrumbs-content":"","ast-featured-img":"","footer-sml-layout":"","ast-disable-related-posts":"","theme-transparent-header-meta":"","adv-header-id-meta":"","stick-header-meta":"","header-above-stick-meta":"","header-main-stick-meta":"","header-below-stick-meta":"","astra-migrate-meta-layouts":"default","ast-page-background-enabled":"default","ast-page-background-meta":{"desktop":{"background-color":"var(--ast-global-color-4)","background-image":"","background-repeat":"repeat","background-position":"center center","background-size":"auto","background-attachment":"scroll","background-type":"","background-media":"","overlay-type":"","overlay-color":"","overlay-opacity":"","overlay-gradient":""},"tablet":{"background-color":"","background-image":"","background-repeat":"repeat","background-position":"center center","background-size":"auto","background-attachment":"scroll","background-type":"","background-media":"","overlay-type":"","overlay-color":"","overlay-opacity":"","overlay-gradient":""},"mobile":{"background-color":"","background-image":"","background-repeat":"repeat","background-position":"center center","background-size":"auto","background-attachment":"scroll","background-type":"","background-media":"","overlay-type":"","overlay-color":"","overlay-opacity":"","overlay-gradient":""}},"ast-content-background-meta":{"desktop":{"background-color":"var(--ast-global-color-5)","background-image":"","background-repeat":"repeat","background-position":"center center","background-size":"auto","background-attachment":"scroll","background-type":"","background-media":"","overlay-type":"","overlay-color":"","overlay-opacity":"","overlay-gradient":""},"tablet":{"background-color":"var(--ast-global-color-5)","background-image":"","background-repeat":"repeat","background-position":"center center","background-size":"auto","background-attachment":"scroll","background-type":"","background-media":"","overlay-type":"","overlay-color":"","overlay-opacity":"","overlay-gradient":""},"mobile":{"background-color":"var(--ast-global-color-5)","background-image":"","background-repeat":"repeat","background-position":"center center","background-size":"auto","background-attachment":"scroll","background-type":"","background-media":"","overlay-type":"","overlay-color":"","overlay-opacity":"","overlay-gradient":""}},"ngg_post_thumbnail":0,"footnotes":""},"categories":[3,1,274],"tags":[],"class_list":["post-42973","post","type-post","status-publish","format-standard","hentry","category-aktuelles","category-allgemein","category-einsatzuebersicht"],"uagb_featured_image_src":{"full":false,"thumbnail":false,"medium":false,"medium_large":false,"large":false,"1536x1536":false,"2048x2048":false,"tp-image-grid":false},"uagb_author_info":{"display_name":"Stefan Schneider","author_link":"https:\/\/www.ffbs.at\/blog\/author\/stefan\/"},"uagb_comment_info":0,"uagb_excerpt":"Zur Unterst\u00fctzung beim Abtransport einer nicht gehf\u00e4higen Person, die \u00e4rztliche Hilfe ben\u00f6tigte, r\u00fcckte die Freiwillige Feuerwehr Baden-Stadt, am 31. J\u00e4nner [&hellip;]","rttpg_featured_image_url":null,"rttpg_author":{"display_name":"Stefan Schneider","author_link":"https:\/\/www.ffbs.at\/blog\/author\/stefan\/"},"rttpg_comment":0,"rttpg_category":"<a href=\"https:\/\/www.ffbs.at\/blog\/category\/aktuelles\/\" rel=\"category tag\">Aktuelles<\/a> <a href=\"https:\/\/www.ffbs.at\/blog\/category\/allgemein\/\" rel=\"category tag\">Allgemein<\/a> <a href=\"https:\/\/www.ffbs.at\/blog\/category\/einsatzuebersicht\/\" rel=\"category tag\">Einsatz\u00fcbersicht<\/a>","rttpg_excerpt":"Zur Unterst\u00fctzung beim Abtransport einer nicht gehf\u00e4higen Person, die \u00e4rztliche Hilfe ben\u00f6tigte, r\u00fcckte die Freiwillige Feuerwehr Baden-Stadt, am 31. J\u00e4nner [&hellip;]","_links":{"self":[{"href":"https:\/\/www.ffbs.at\/blog\/wp-json\/wp\/v2\/posts\/42973","targetHints":{"allow":["GET"]}}],"collection":[{"href":"https:\/\/www.ffbs.at\/blog\/wp-json\/wp\/v2\/posts"}],"about":[{"href":"https:\/\/www.ffbs.at\/blog\/wp-json\/wp\/v2\/types\/post"}],"author":[{"embeddable":true,"href":"https:\/\/www.ffbs.at\/blog\/wp-json\/wp\/v2\/users\/7"}],"replies":[{"embeddable":true,"href":"https:\/\/www.ffbs.at\/blog\/wp-json\/wp\/v2\/comments?post=42973"}],"version-history":[{"count":6,"href":"https:\/\/www.ffbs.at\/blog\/wp-json\/wp\/v2\/posts\/42973\/revisions"}],"predecessor-version":[{"id":43015,"href":"https:\/\/www.ffbs.at\/blog\/wp-json\/wp\/v2\/posts\/42973\/revisions\/43015"}],"wp:attachment":[{"href":"https:\/\/www.ffbs.at\/blog\/wp-json\/wp\/v2\/media?parent=42973"}],"wp:term":[{"taxonomy":"category","embeddable":true,"href":"https:\/\/www.ffbs.at\/blog\/wp-json\/wp\/v2\/categories?post=42973"},{"taxonomy":"post_tag","embeddable":true,"href":"https:\/\/www.ffbs.at\/blog\/wp-json\/wp\/v2\/tags?post=42973"}],"curies":[{"name":"wp","href":"https:\/\/api.w.org\/{rel}","templated":true}]}}