{"id":10156,"date":"2015-08-09T08:00:32","date_gmt":"2015-08-09T07:00:32","guid":{"rendered":"http:\/\/www.ffbs.at\/blog\/?p=10156"},"modified":"2015-12-20T17:22:11","modified_gmt":"2015-12-20T16:22:11","slug":"pkw-prallt-im-kreuzungsbereich-gegen-rettungstransportfahrzeug-mehrere-verletzte-2","status":"publish","type":"post","link":"https:\/\/www.ffbs.at\/blog\/pkw-prallt-im-kreuzungsbereich-gegen-rettungstransportfahrzeug-mehrere-verletzte-2\/10156\/","title":{"rendered":"Pkw prallt im Kreuzungsbereich gegen Rettungstransportfahrzeug &#8211; mehrere Verletzte"},"content":{"rendered":"ngg_shortcode_0_placeholder\n<p>In den heutigen Nachtstunden auf den 09. August 2015 ereignete sich kurz vor 01 Uhr ein schwerer Verkehrsunfall in der Stadt Baden. Dabei kam es direkt im Kreuzungsbereich Braitnerstra\u00dfe mit der Roseggerstra\u00dfe zu einem Zusammensto\u00df zwischen einen Rettungstransportfahrzeug und einem Pkw.<br \/>\nGro\u00dfeinsatz f\u00fcr die Einsatzkr\u00e4fte nach schweren Verkehrsunfall in Baden<\/p>\n<p>Nach ersten Angaben vor Ort, befand sich das Rettungsfahrzeug (ohne Blaulicht) auf dem Heimtransport einer Patientin, als pl\u00f6tzlich ein Pkw von rechts kommend seitlich in das Einsatzfahrzeug prallte. Durch den heftigen Anprall im rechten hinteren Seitenbereich verlor der Fahrer des Rettungstransportfahrzeuges die Kontrolle \u00fcber das Fahrzeug und st\u00fcrzte seitlich um. Das Einsatzfahrzeug schlitterte dann seitlich liegend noch einige Meter weiter, bis es quer auf der Stra\u00dfe gegen die Richtungsfahrbahn zum Stillstand kam.<\/p>\n<p>Drei Feuerwehrm\u00e4nner der Feuerwehr Baden Weikersdorf Michael Dolkowski, Martin Bleier und Karl Armann kamen zuf\u00e4llig an der an der Unfallstelle vorbei. Gemeinsam mit ihrem Feuerwehrkollegen Manfred Mrvka von der Feuerwehr Baden Stadt, der wenige Meter von der Unfallstelle entfernt wohnt, den Aufprall h\u00f6rte und zu Hilfe kam, alarmierten sie die Rettungskr\u00e4fte und k\u00fcmmerten sich um die Verletzten. Mit einem Messer gelang es den Feuerwehrm\u00e4nnern die Windschutzscheibe zu \u00f6ffnen und so die verletzte Sanit\u00e4terin aus dem Fahrzeug zu retten. In dem Rettungsfahrzeug befanden sich drei Sanit\u00e4ter und eine \u00e4ltere Patientin. Zwei von ihnen konnten selber befreien.<\/p>\n<p>\u00dcber die Feuerwehr Bezirksalarmzentrale Baden wurde die \u00f6rtlich zust\u00e4ndige Freiwillige Feuerwehr <a href=\"http:\/\/www.ff-baden-weikersdorf.at\/feuerwehr-einsaetze-baden\/wenn-retter-zu-opfern-werden\" target=\"_blank\">Baden-Weikersdorf<\/a> und die FF Baden-Stadt zu einem Verkehrsunfall mit eingeklemmter Person alarmiert. Bei dem Unfall wurden einige Personen zum Teil so schwer verletzt, dass diese von zwei alarmierte Notarztteams und weiteren Rettungskr\u00e4ften versorgt werden mussten.<\/p>\n<p>Im weiteren unterst\u00fctzten die Einsatzkr\u00e4fte der Freiwilligen Feuerwehren die eingesetzten Rot Kreuz Teams bei der Versorgung der Verletzten, sicherten die Unfallstelle ab, richteten einen entsprechenden Brandschutz ein und leuchteten die Unfallstelle aus.<\/p>\n<p>Im Anschluss mussten die verunfallten Fahrzeuge geborgen werden.<\/p>\n<p>Wir bedanken uns f\u00fcr die Gute Zusammenarbeit und w\u00fcnschen den betroffenen eine rasche Genesung.<\/p>\n<p>Links: <a href=\"http:\/\/www.bfkdo-baden.com\/cms\/front_content.php?idcat=18&amp;idart=3548\" target=\"_blank\">BFKDO Baden<\/a>, <a href=\"http:\/\/www.monatsrevue.at\/pkw-prallt-gegen-rettungswagen\/\" target=\"_blank\">Monatsrevue<\/a>, <a href=\"http:\/\/noe.orf.at\/news\/stories\/2725558\/\" target=\"_blank\">orf.at<\/a>, <a href=\"http:\/\/www.puls4.com\/video\/puls-4-news\/play\/2837975\" target=\"_blank\">puls4<\/a>, <a href=\"http:\/\/tvthek.orf.at\/program\/Niederoesterreich-heute\/70017\/Niederoesterreich-heute\/10358646\/Sportwagen-gegen-Rettungsauto\/10361501\" target=\"_blank\">ORF-TV-Thek, <\/a><a href=\"http:\/\/noe.orf.at\/news\/stories\/2725848\/\" target=\"_blank\">orf.at <\/a><\/p>\n<p>Fotocredit: Freiwillige Feuerwehr Baden-Stadt<br \/>\nngg_shortcode_1_placeholder<\/p>\n","protected":false},"excerpt":{"rendered":"<p>In den heutigen Nachtstunden auf den 09. August 2015 ereignete sich kurz vor 01 Uhr ein schwerer Verkehrsunfall in der [&hellip;]<\/p>\n","protected":false},"author":2,"featured_media":0,"comment_status":"open","ping_status":"closed","sticky":false,"template":"","format":"standard","meta":{"_uag_custom_page_level_css":"","site-sidebar-layout":"default","site-content-layout":"","ast-site-content-layout":"default","site-content-style":"default","site-sidebar-style":"default","ast-global-header-display":"","ast-banner-title-visibility":"","ast-main-header-display":"","ast-hfb-above-header-display":"","ast-hfb-below-header-display":"","ast-hfb-mobile-header-display":"","site-post-title":"","ast-breadcrumbs-content":"","ast-featured-img":"","footer-sml-layout":"","ast-disable-related-posts":"","theme-transparent-header-meta":"","adv-header-id-meta":"","stick-header-meta":"","header-above-stick-meta":"","header-main-stick-meta":"","header-below-stick-meta":"","astra-migrate-meta-layouts":"default","ast-page-background-enabled":"default","ast-page-background-meta":{"desktop":{"background-color":"var(--ast-global-color-4)","background-image":"","background-repeat":"repeat","background-position":"center center","background-size":"auto","background-attachment":"scroll","background-type":"","background-media":"","overlay-type":"","overlay-color":"","overlay-opacity":"","overlay-gradient":""},"tablet":{"background-color":"","background-image":"","background-repeat":"repeat","background-position":"center center","background-size":"auto","background-attachment":"scroll","background-type":"","background-media":"","overlay-type":"","overlay-color":"","overlay-opacity":"","overlay-gradient":""},"mobile":{"background-color":"","background-image":"","background-repeat":"repeat","background-position":"center center","background-size":"auto","background-attachment":"scroll","background-type":"","background-media":"","overlay-type":"","overlay-color":"","overlay-opacity":"","overlay-gradient":""}},"ast-content-background-meta":{"desktop":{"background-color":"var(--ast-global-color-5)","background-image":"","background-repeat":"repeat","background-position":"center center","background-size":"auto","background-attachment":"scroll","background-type":"","background-media":"","overlay-type":"","overlay-color":"","overlay-opacity":"","overlay-gradient":""},"tablet":{"background-color":"var(--ast-global-color-5)","background-image":"","background-repeat":"repeat","background-position":"center center","background-size":"auto","background-attachment":"scroll","background-type":"","background-media":"","overlay-type":"","overlay-color":"","overlay-opacity":"","overlay-gradient":""},"mobile":{"background-color":"var(--ast-global-color-5)","background-image":"","background-repeat":"repeat","background-position":"center center","background-size":"auto","background-attachment":"scroll","background-type":"","background-media":"","overlay-type":"","overlay-color":"","overlay-opacity":"","overlay-gradient":""}},"ngg_post_thumbnail":0,"footnotes":""},"categories":[3,1],"tags":[],"class_list":["post-10156","post","type-post","status-publish","format-standard","hentry","category-aktuelles","category-allgemein"],"uagb_featured_image_src":{"full":false,"thumbnail":false,"medium":false,"medium_large":false,"large":false,"1536x1536":false,"2048x2048":false,"tp-image-grid":false},"uagb_author_info":{"display_name":"Michael Rampl","author_link":"https:\/\/www.ffbs.at\/blog\/author\/rampl\/"},"uagb_comment_info":0,"uagb_excerpt":"In den heutigen Nachtstunden auf den 09. August 2015 ereignete sich kurz vor 01 Uhr ein schwerer Verkehrsunfall in der [&hellip;]","rttpg_featured_image_url":null,"rttpg_author":{"display_name":"Michael Rampl","author_link":"https:\/\/www.ffbs.at\/blog\/author\/rampl\/"},"rttpg_comment":0,"rttpg_category":"<a href=\"https:\/\/www.ffbs.at\/blog\/category\/aktuelles\/\" rel=\"category tag\">Aktuelles<\/a> <a href=\"https:\/\/www.ffbs.at\/blog\/category\/allgemein\/\" rel=\"category tag\">Allgemein<\/a>","rttpg_excerpt":"In den heutigen Nachtstunden auf den 09. August 2015 ereignete sich kurz vor 01 Uhr ein schwerer Verkehrsunfall in der [&hellip;]","_links":{"self":[{"href":"https:\/\/www.ffbs.at\/blog\/wp-json\/wp\/v2\/posts\/10156","targetHints":{"allow":["GET"]}}],"collection":[{"href":"https:\/\/www.ffbs.at\/blog\/wp-json\/wp\/v2\/posts"}],"about":[{"href":"https:\/\/www.ffbs.at\/blog\/wp-json\/wp\/v2\/types\/post"}],"author":[{"embeddable":true,"href":"https:\/\/www.ffbs.at\/blog\/wp-json\/wp\/v2\/users\/2"}],"replies":[{"embeddable":true,"href":"https:\/\/www.ffbs.at\/blog\/wp-json\/wp\/v2\/comments?post=10156"}],"version-history":[{"count":4,"href":"https:\/\/www.ffbs.at\/blog\/wp-json\/wp\/v2\/posts\/10156\/revisions"}],"predecessor-version":[{"id":14214,"href":"https:\/\/www.ffbs.at\/blog\/wp-json\/wp\/v2\/posts\/10156\/revisions\/14214"}],"wp:attachment":[{"href":"https:\/\/www.ffbs.at\/blog\/wp-json\/wp\/v2\/media?parent=10156"}],"wp:term":[{"taxonomy":"category","embeddable":true,"href":"https:\/\/www.ffbs.at\/blog\/wp-json\/wp\/v2\/categories?post=10156"},{"taxonomy":"post_tag","embeddable":true,"href":"https:\/\/www.ffbs.at\/blog\/wp-json\/wp\/v2\/tags?post=10156"}],"curies":[{"name":"wp","href":"https:\/\/api.w.org\/{rel}","templated":true}]}}