{"id":10151,"date":"2015-08-11T20:55:21","date_gmt":"2015-08-11T19:55:21","guid":{"rendered":"http:\/\/www.ffbs.at\/blog\/?p=10151"},"modified":"2015-08-11T21:00:36","modified_gmt":"2015-08-11T20:00:36","slug":"kinderspektakel-am-raiffeisen-sumsi-platz","status":"publish","type":"post","link":"https:\/\/www.ffbs.at\/blog\/kinderspektakel-am-raiffeisen-sumsi-platz\/10151\/","title":{"rendered":"Kinderspektakel am Raiffeisen Sumsi Platz"},"content":{"rendered":"<p><span class=\"fsl\">ngg_shortcode_0_placeholder<\/span><\/p>\n<p><span class=\"fsl\">Spiel, Spa\u00df und Spannung, standen im Mittelpunkt des diesj\u00e4hrigen Kinderspektakels, dass am Samstag, 8. August 2015 von 10 bis 18 Uhr in der ganzen Innenstadt abgehalten wurde.<br \/>\n<\/span><\/p>\n<p><span class=\"fsl\"><span class=\"text_exposed_show\">Der Hot Spot f\u00fcr die Freiwillige Feuerwehr Baden-Stadt war der Josefsplatz, der in den \u201eRaiffeisen Sumsi Platz\u201c powered by <a title=\"Raiffeisenbank Region Baden eGen\" href=\"http:\/\/www.rbbaden.at\" target=\"_blank\">Raiffeisenbank Region Baden <\/a>verwandelt wurde. Den Kinder wurde eine Luftburg, Kinderschminken, Turnsackerl malen und ein Gewinnspiel geboten. Dar\u00fcberhinaus konnten die kleinen Besucher in der &#8222;Feuerwehr Erlebniswelt&#8220; Feuerwehrluft schnuppern und eine Fahrt mit der Drehleiter hoch \u00fcber die D\u00e4cher der Stadt wagen, oder K\u00f6nnen beim Zielspritzen unter Beweis stellen.<\/span><\/span><\/p>\n<p><a href=\"http:\/\/www.rbbaden.at\"><img fetchpriority=\"high\" decoding=\"async\" class=\"aligncenter size-full wp-image-10152\" src=\"http:\/\/www.ffbs.at\/blog\/wp-content\/uploads\/2015\/08\/Logo_RB_Baden.jpg\" alt=\"Raiffeisenbank Region Baden - www.rbbaden.at\" width=\"826\" height=\"236\" srcset=\"https:\/\/www.ffbs.at\/blog\/wp-content\/uploads\/2015\/08\/Logo_RB_Baden.jpg 826w, https:\/\/www.ffbs.at\/blog\/wp-content\/uploads\/2015\/08\/Logo_RB_Baden-350x100.jpg 350w\" sizes=\"(max-width: 826px) 100vw, 826px\" \/><\/a><\/p>\n<p>Fotocredit: Freiwillige Feuerwehr Baden-Stadt \/ V Rampl<br \/>\nngg_shortcode_1_placeholder<\/p>\n","protected":false},"excerpt":{"rendered":"<p>Spiel, Spa\u00df und Spannung, standen im Mittelpunkt des diesj\u00e4hrigen Kinderspektakels, dass am Samstag, 8. August 2015 von 10 bis 18 [&hellip;]<\/p>\n","protected":false},"author":2,"featured_media":0,"comment_status":"open","ping_status":"closed","sticky":false,"template":"","format":"standard","meta":{"_uag_custom_page_level_css":"","site-sidebar-layout":"default","site-content-layout":"","ast-site-content-layout":"default","site-content-style":"default","site-sidebar-style":"default","ast-global-header-display":"","ast-banner-title-visibility":"","ast-main-header-display":"","ast-hfb-above-header-display":"","ast-hfb-below-header-display":"","ast-hfb-mobile-header-display":"","site-post-title":"","ast-breadcrumbs-content":"","ast-featured-img":"","footer-sml-layout":"","ast-disable-related-posts":"","theme-transparent-header-meta":"","adv-header-id-meta":"","stick-header-meta":"","header-above-stick-meta":"","header-main-stick-meta":"","header-below-stick-meta":"","astra-migrate-meta-layouts":"default","ast-page-background-enabled":"default","ast-page-background-meta":{"desktop":{"background-color":"var(--ast-global-color-4)","background-image":"","background-repeat":"repeat","background-position":"center center","background-size":"auto","background-attachment":"scroll","background-type":"","background-media":"","overlay-type":"","overlay-color":"","overlay-opacity":"","overlay-gradient":""},"tablet":{"background-color":"","background-image":"","background-repeat":"repeat","background-position":"center center","background-size":"auto","background-attachment":"scroll","background-type":"","background-media":"","overlay-type":"","overlay-color":"","overlay-opacity":"","overlay-gradient":""},"mobile":{"background-color":"","background-image":"","background-repeat":"repeat","background-position":"center center","background-size":"auto","background-attachment":"scroll","background-type":"","background-media":"","overlay-type":"","overlay-color":"","overlay-opacity":"","overlay-gradient":""}},"ast-content-background-meta":{"desktop":{"background-color":"var(--ast-global-color-5)","background-image":"","background-repeat":"repeat","background-position":"center center","background-size":"auto","background-attachment":"scroll","background-type":"","background-media":"","overlay-type":"","overlay-color":"","overlay-opacity":"","overlay-gradient":""},"tablet":{"background-color":"var(--ast-global-color-5)","background-image":"","background-repeat":"repeat","background-position":"center center","background-size":"auto","background-attachment":"scroll","background-type":"","background-media":"","overlay-type":"","overlay-color":"","overlay-opacity":"","overlay-gradient":""},"mobile":{"background-color":"var(--ast-global-color-5)","background-image":"","background-repeat":"repeat","background-position":"center center","background-size":"auto","background-attachment":"scroll","background-type":"","background-media":"","overlay-type":"","overlay-color":"","overlay-opacity":"","overlay-gradient":""}},"ngg_post_thumbnail":0,"footnotes":""},"categories":[3,1,5],"tags":[255,257,256,258,259],"class_list":["post-10151","post","type-post","status-publish","format-standard","hentry","category-aktuelles","category-allgemein","category-veranstaltungen","tag-kinderspektakel","tag-raiffeisen","tag-raiffeisen-sumsi-platz","tag-raiffeisenbank-baden","tag-raiffeisenbank-region-baden-egen"],"uagb_featured_image_src":{"full":false,"thumbnail":false,"medium":false,"medium_large":false,"large":false,"1536x1536":false,"2048x2048":false,"tp-image-grid":false},"uagb_author_info":{"display_name":"Michael Rampl","author_link":"https:\/\/www.ffbs.at\/blog\/author\/rampl\/"},"uagb_comment_info":0,"uagb_excerpt":"Spiel, Spa\u00df und Spannung, standen im Mittelpunkt des diesj\u00e4hrigen Kinderspektakels, dass am Samstag, 8. August 2015 von 10 bis 18 [&hellip;]","rttpg_featured_image_url":null,"rttpg_author":{"display_name":"Michael Rampl","author_link":"https:\/\/www.ffbs.at\/blog\/author\/rampl\/"},"rttpg_comment":0,"rttpg_category":"<a href=\"https:\/\/www.ffbs.at\/blog\/category\/aktuelles\/\" rel=\"category tag\">Aktuelles<\/a> <a href=\"https:\/\/www.ffbs.at\/blog\/category\/allgemein\/\" rel=\"category tag\">Allgemein<\/a> <a href=\"https:\/\/www.ffbs.at\/blog\/category\/veranstaltungen\/\" rel=\"category tag\">Veranstaltungen<\/a>","rttpg_excerpt":"Spiel, Spa\u00df und Spannung, standen im Mittelpunkt des diesj\u00e4hrigen Kinderspektakels, dass am Samstag, 8. August 2015 von 10 bis 18 [&hellip;]","_links":{"self":[{"href":"https:\/\/www.ffbs.at\/blog\/wp-json\/wp\/v2\/posts\/10151","targetHints":{"allow":["GET"]}}],"collection":[{"href":"https:\/\/www.ffbs.at\/blog\/wp-json\/wp\/v2\/posts"}],"about":[{"href":"https:\/\/www.ffbs.at\/blog\/wp-json\/wp\/v2\/types\/post"}],"author":[{"embeddable":true,"href":"https:\/\/www.ffbs.at\/blog\/wp-json\/wp\/v2\/users\/2"}],"replies":[{"embeddable":true,"href":"https:\/\/www.ffbs.at\/blog\/wp-json\/wp\/v2\/comments?post=10151"}],"version-history":[{"count":3,"href":"https:\/\/www.ffbs.at\/blog\/wp-json\/wp\/v2\/posts\/10151\/revisions"}],"predecessor-version":[{"id":10155,"href":"https:\/\/www.ffbs.at\/blog\/wp-json\/wp\/v2\/posts\/10151\/revisions\/10155"}],"wp:attachment":[{"href":"https:\/\/www.ffbs.at\/blog\/wp-json\/wp\/v2\/media?parent=10151"}],"wp:term":[{"taxonomy":"category","embeddable":true,"href":"https:\/\/www.ffbs.at\/blog\/wp-json\/wp\/v2\/categories?post=10151"},{"taxonomy":"post_tag","embeddable":true,"href":"https:\/\/www.ffbs.at\/blog\/wp-json\/wp\/v2\/tags?post=10151"}],"curies":[{"name":"wp","href":"https:\/\/api.w.org\/{rel}","templated":true}]}}