{"id":76,"date":"2012-11-07T22:00:50","date_gmt":"2012-11-07T20:00:50","guid":{"rendered":"http:\/\/www.ffbs.at\/blog\/?p=76"},"modified":"2013-05-11T17:34:56","modified_gmt":"2013-05-11T15:34:56","slug":"flugzeugabsturz-im-bereich-mitterberg","status":"publish","type":"post","link":"http:\/\/www.ffbs.at\/blog\/flugzeugabsturz-im-bereich-mitterberg\/76\/","title":{"rendered":"Flugzeugabsturz im Bereich Mitterberg&#8230;"},"content":{"rendered":"<p><strong>ngg_shortcode_0_placeholder&#8230; war die Einleitung zu einer gro\u00dfangelegten \u00dcbung des Feuerwehrabschnitts Baden Stadt.<\/strong><br \/>\nIm Bereich des Badener Mitterbergs wurde daher im Rahmen einer gro\u00dfangelegten Funk\u00fcbung, an der sich auch der 4. Zug der 2.KHD-Bereitschaft (KHD=Katastrophen Hilfs-Dienst) beteiligte, nach \u00fcberlebenden gesucht.<br \/>\nDa es sich um ein sehr gro\u00dfes Gebiet handelte, wurden kleinere Suchtrupps gebildet, die \u00fcber eine zentrale Einsatzleitstelle im Hause der Freiwilligen Feuerwehr Baden-Stadt angeleitet wurden um das Suchgebiet m\u00f6glichst effizient nutzen zu k\u00f6nnen. Erschwert wurde die \u00dcbung naturgem\u00e4\u00df durch die fr\u00fch einsetzende Dunkelheit und die frischen Temperaturen sowie den starken Wind.<\/p>\n<p>Im Rahmen der \u00dcbung wurde ein neues Digital-Funkkonzept f\u00fcr Gro\u00dfschadenslagen erprobt und die Orientierung im Gel\u00e4nde mittels Karten und GPS-Navigation be\u00fcbt.<\/p>\n<p>Aus der \u00dcbung konnten f\u00fcr zuk\u00fcnftige Gro\u00dfschadenslagen wichtige Erkenntnisse gewonnen werden, welche jetzt in die bestehenden F\u00fchrungsstrukturen eingearbeitet werden k\u00f6nnen.<\/p>\n<p>LFR Anton Kerschbaumer, BSB-Nachrichtendienst Ing. Werner Bodansky, KHD-Zugskommandant 4\/2 Ing. Christian Dolkowski und FT Ing. Matthias Koppensteiner lobten das Engagement der eingesetzten Kr\u00e4fte und gratulierten zu einer sehr gut ausgearbeiteten und hervorragend absolvierten \u00dcbung.<\/p>\nngg_shortcode_1_placeholder\n","protected":false},"excerpt":{"rendered":"<p>&#8230; war die Einleitung zu einer gro\u00dfangelegten \u00dcbung des Feuerwehrabschnitts Baden Stadt. Im Bereich des Badener Mitterbergs wurde daher im [&hellip;]<\/p>\n","protected":false},"author":1,"featured_media":0,"comment_status":"open","ping_status":"closed","sticky":false,"template":"","format":"standard","meta":{"_uag_custom_page_level_css":"","site-sidebar-layout":"default","site-content-layout":"","ast-site-content-layout":"default","site-content-style":"default","site-sidebar-style":"default","ast-global-header-display":"","ast-banner-title-visibility":"","ast-main-header-display":"","ast-hfb-above-header-display":"","ast-hfb-below-header-display":"","ast-hfb-mobile-header-display":"","site-post-title":"","ast-breadcrumbs-content":"","ast-featured-img":"","footer-sml-layout":"","ast-disable-related-posts":"","theme-transparent-header-meta":"","adv-header-id-meta":"","stick-header-meta":"","header-above-stick-meta":"","header-main-stick-meta":"","header-below-stick-meta":"","astra-migrate-meta-layouts":"default","ast-page-background-enabled":"default","ast-page-background-meta":{"desktop":{"background-color":"var(--ast-global-color-4)","background-image":"","background-repeat":"repeat","background-position":"center center","background-size":"auto","background-attachment":"scroll","background-type":"","background-media":"","overlay-type":"","overlay-color":"","overlay-opacity":"","overlay-gradient":""},"tablet":{"background-color":"","background-image":"","background-repeat":"repeat","background-position":"center center","background-size":"auto","background-attachment":"scroll","background-type":"","background-media":"","overlay-type":"","overlay-color":"","overlay-opacity":"","overlay-gradient":""},"mobile":{"background-color":"","background-image":"","background-repeat":"repeat","background-position":"center center","background-size":"auto","background-attachment":"scroll","background-type":"","background-media":"","overlay-type":"","overlay-color":"","overlay-opacity":"","overlay-gradient":""}},"ast-content-background-meta":{"desktop":{"background-color":"var(--ast-global-color-5)","background-image":"","background-repeat":"repeat","background-position":"center center","background-size":"auto","background-attachment":"scroll","background-type":"","background-media":"","overlay-type":"","overlay-color":"","overlay-opacity":"","overlay-gradient":""},"tablet":{"background-color":"var(--ast-global-color-5)","background-image":"","background-repeat":"repeat","background-position":"center center","background-size":"auto","background-attachment":"scroll","background-type":"","background-media":"","overlay-type":"","overlay-color":"","overlay-opacity":"","overlay-gradient":""},"mobile":{"background-color":"var(--ast-global-color-5)","background-image":"","background-repeat":"repeat","background-position":"center center","background-size":"auto","background-attachment":"scroll","background-type":"","background-media":"","overlay-type":"","overlay-color":"","overlay-opacity":"","overlay-gradient":""}},"ngg_post_thumbnail":0,"footnotes":""},"categories":[4],"tags":[],"class_list":["post-76","post","type-post","status-publish","format-standard","hentry","category-ausbildung"],"uagb_featured_image_src":{"full":false,"thumbnail":false,"medium":false,"medium_large":false,"large":false,"1536x1536":false,"2048x2048":false,"tp-image-grid":false},"uagb_author_info":{"display_name":"admin","author_link":"http:\/\/www.ffbs.at\/blog\/author\/admin\/"},"uagb_comment_info":0,"uagb_excerpt":"&#8230; war die Einleitung zu einer gro\u00dfangelegten \u00dcbung des Feuerwehrabschnitts Baden Stadt. Im Bereich des Badener Mitterbergs wurde daher im [&hellip;]","rttpg_featured_image_url":null,"rttpg_author":{"display_name":"admin","author_link":"http:\/\/www.ffbs.at\/blog\/author\/admin\/"},"rttpg_comment":0,"rttpg_category":"<a href=\"http:\/\/www.ffbs.at\/blog\/category\/ausbildung\/\" rel=\"category tag\">Ausbildung<\/a>","rttpg_excerpt":"&#8230; war die Einleitung zu einer gro\u00dfangelegten \u00dcbung des Feuerwehrabschnitts Baden Stadt. Im Bereich des Badener Mitterbergs wurde daher im [&hellip;]","_links":{"self":[{"href":"http:\/\/www.ffbs.at\/blog\/wp-json\/wp\/v2\/posts\/76","targetHints":{"allow":["GET"]}}],"collection":[{"href":"http:\/\/www.ffbs.at\/blog\/wp-json\/wp\/v2\/posts"}],"about":[{"href":"http:\/\/www.ffbs.at\/blog\/wp-json\/wp\/v2\/types\/post"}],"author":[{"embeddable":true,"href":"http:\/\/www.ffbs.at\/blog\/wp-json\/wp\/v2\/users\/1"}],"replies":[{"embeddable":true,"href":"http:\/\/www.ffbs.at\/blog\/wp-json\/wp\/v2\/comments?post=76"}],"version-history":[{"count":4,"href":"http:\/\/www.ffbs.at\/blog\/wp-json\/wp\/v2\/posts\/76\/revisions"}],"predecessor-version":[{"id":419,"href":"http:\/\/www.ffbs.at\/blog\/wp-json\/wp\/v2\/posts\/76\/revisions\/419"}],"wp:attachment":[{"href":"http:\/\/www.ffbs.at\/blog\/wp-json\/wp\/v2\/media?parent=76"}],"wp:term":[{"taxonomy":"category","embeddable":true,"href":"http:\/\/www.ffbs.at\/blog\/wp-json\/wp\/v2\/categories?post=76"},{"taxonomy":"post_tag","embeddable":true,"href":"http:\/\/www.ffbs.at\/blog\/wp-json\/wp\/v2\/tags?post=76"}],"curies":[{"name":"wp","href":"https:\/\/api.w.org\/{rel}","templated":true}]}}