{"id":748,"date":"2014-01-01T11:39:00","date_gmt":"2014-01-01T09:39:00","guid":{"rendered":"http:\/\/www.ffbs.at\/blog\/?p=748"},"modified":"2014-01-01T11:42:59","modified_gmt":"2014-01-01T09:42:59","slug":"pkw-prallt-in-der-neujahrsnacht-gegen-hauseingang","status":"publish","type":"post","link":"http:\/\/www.ffbs.at\/blog\/pkw-prallt-in-der-neujahrsnacht-gegen-hauseingang\/748\/","title":{"rendered":"PKW prallt in der Neujahrsnacht gegen Hauseingang"},"content":{"rendered":"<p>ngg_shortcode_0_placeholderVermutlich die Auswirkung von den Silvesterfeierlichkeiten wurde einem Fahrzeuglenker in den heutigen fr\u00fchen Morgenstunden des 01. J\u00e4nner 2014 in der Innenstadt von Baden zum Verh\u00e4ngnis.<br \/>\nGegen ca. 06:15h verlor der Lenker eines Pkws am Josefsplatz im Bereich eines Fu\u00dfg\u00e4nger\u00fcberganges die Herrschaft \u00fcber das Fahrzeug, kam von der Fahrbahn ab, durchbrach einen Gr\u00fcnstreifen und prallte in Folge im Eingangsbereich eines Wohnhauses gegen dessen Au\u00dfenfassade. Das besch\u00e4digte Unfallfahrzeug kam dann am Gehsteig nicht mehr fahrf\u00e4hig zum Stillstand.<\/p>\n<p>Nur wenige Meter weiter befindet sich auch eine gro\u00dfe Bushaltestelle. Zum Gl\u00fcck befanden sich gerade keine Passanten in diesem Bereich. Nicht auszudenken wenn der Unfall zu einem anderen Zeitpunkt stattgefunden h\u00e4tte. Denn vor allem tags\u00fcber stehen bzw. warten dort unz\u00e4hlige Passanten auf die Linienbusse oder befinden sich dort am Gehsteig.<\/p>\n<p>Nachdem die Silvesternacht f\u00fcr die Einsatzmannschaft der Freiwilligen Feuerwehr Baden-Stadt sehr ruhig verlief, musste dann die Florianis in den fr\u00fchen Morgenstunden zum ersten Einsatz im neuen Jahr ausr\u00fccken. Nach der Unfallaufnahme durch Beamte der Stadtpolizei Baden, konnte dann durch die ausger\u00fcckte Mannschaft\u00a0 der FF Baden-Stadt mittels Ladekran das verunfallte Fahrzeug geborgen und die Unfallstelle ger\u00e4umt werden.<\/p>\n<p>Fotocredit: EOBI Stefan Schneider<br \/>\nngg_shortcode_1_placeholder<\/p>\n","protected":false},"excerpt":{"rendered":"<p>Vermutlich die Auswirkung von den Silvesterfeierlichkeiten wurde einem Fahrzeuglenker in den heutigen fr\u00fchen Morgenstunden des 01. J\u00e4nner 2014 in der [&hellip;]<\/p>\n","protected":false},"author":2,"featured_media":0,"comment_status":"open","ping_status":"closed","sticky":false,"template":"","format":"standard","meta":{"_uag_custom_page_level_css":"","site-sidebar-layout":"default","site-content-layout":"","ast-site-content-layout":"default","site-content-style":"default","site-sidebar-style":"default","ast-global-header-display":"","ast-banner-title-visibility":"","ast-main-header-display":"","ast-hfb-above-header-display":"","ast-hfb-below-header-display":"","ast-hfb-mobile-header-display":"","site-post-title":"","ast-breadcrumbs-content":"","ast-featured-img":"","footer-sml-layout":"","ast-disable-related-posts":"","theme-transparent-header-meta":"","adv-header-id-meta":"","stick-header-meta":"","header-above-stick-meta":"","header-main-stick-meta":"","header-below-stick-meta":"","astra-migrate-meta-layouts":"default","ast-page-background-enabled":"default","ast-page-background-meta":{"desktop":{"background-color":"var(--ast-global-color-4)","background-image":"","background-repeat":"repeat","background-position":"center center","background-size":"auto","background-attachment":"scroll","background-type":"","background-media":"","overlay-type":"","overlay-color":"","overlay-opacity":"","overlay-gradient":""},"tablet":{"background-color":"","background-image":"","background-repeat":"repeat","background-position":"center center","background-size":"auto","background-attachment":"scroll","background-type":"","background-media":"","overlay-type":"","overlay-color":"","overlay-opacity":"","overlay-gradient":""},"mobile":{"background-color":"","background-image":"","background-repeat":"repeat","background-position":"center center","background-size":"auto","background-attachment":"scroll","background-type":"","background-media":"","overlay-type":"","overlay-color":"","overlay-opacity":"","overlay-gradient":""}},"ast-content-background-meta":{"desktop":{"background-color":"var(--ast-global-color-5)","background-image":"","background-repeat":"repeat","background-position":"center center","background-size":"auto","background-attachment":"scroll","background-type":"","background-media":"","overlay-type":"","overlay-color":"","overlay-opacity":"","overlay-gradient":""},"tablet":{"background-color":"var(--ast-global-color-5)","background-image":"","background-repeat":"repeat","background-position":"center center","background-size":"auto","background-attachment":"scroll","background-type":"","background-media":"","overlay-type":"","overlay-color":"","overlay-opacity":"","overlay-gradient":""},"mobile":{"background-color":"var(--ast-global-color-5)","background-image":"","background-repeat":"repeat","background-position":"center center","background-size":"auto","background-attachment":"scroll","background-type":"","background-media":"","overlay-type":"","overlay-color":"","overlay-opacity":"","overlay-gradient":""}},"ngg_post_thumbnail":0,"footnotes":""},"categories":[3,1],"tags":[],"class_list":["post-748","post","type-post","status-publish","format-standard","hentry","category-aktuelles","category-allgemein"],"uagb_featured_image_src":{"full":false,"thumbnail":false,"medium":false,"medium_large":false,"large":false,"1536x1536":false,"2048x2048":false,"tp-image-grid":false},"uagb_author_info":{"display_name":"Michael Rampl","author_link":"http:\/\/www.ffbs.at\/blog\/author\/rampl\/"},"uagb_comment_info":0,"uagb_excerpt":"Vermutlich die Auswirkung von den Silvesterfeierlichkeiten wurde einem Fahrzeuglenker in den heutigen fr\u00fchen Morgenstunden des 01. J\u00e4nner 2014 in der [&hellip;]","rttpg_featured_image_url":null,"rttpg_author":{"display_name":"Michael Rampl","author_link":"http:\/\/www.ffbs.at\/blog\/author\/rampl\/"},"rttpg_comment":0,"rttpg_category":"<a href=\"http:\/\/www.ffbs.at\/blog\/category\/aktuelles\/\" rel=\"category tag\">Aktuelles<\/a> <a href=\"http:\/\/www.ffbs.at\/blog\/category\/allgemein\/\" rel=\"category tag\">Allgemein<\/a>","rttpg_excerpt":"Vermutlich die Auswirkung von den Silvesterfeierlichkeiten wurde einem Fahrzeuglenker in den heutigen fr\u00fchen Morgenstunden des 01. J\u00e4nner 2014 in der [&hellip;]","_links":{"self":[{"href":"http:\/\/www.ffbs.at\/blog\/wp-json\/wp\/v2\/posts\/748","targetHints":{"allow":["GET"]}}],"collection":[{"href":"http:\/\/www.ffbs.at\/blog\/wp-json\/wp\/v2\/posts"}],"about":[{"href":"http:\/\/www.ffbs.at\/blog\/wp-json\/wp\/v2\/types\/post"}],"author":[{"embeddable":true,"href":"http:\/\/www.ffbs.at\/blog\/wp-json\/wp\/v2\/users\/2"}],"replies":[{"embeddable":true,"href":"http:\/\/www.ffbs.at\/blog\/wp-json\/wp\/v2\/comments?post=748"}],"version-history":[{"count":6,"href":"http:\/\/www.ffbs.at\/blog\/wp-json\/wp\/v2\/posts\/748\/revisions"}],"predecessor-version":[{"id":752,"href":"http:\/\/www.ffbs.at\/blog\/wp-json\/wp\/v2\/posts\/748\/revisions\/752"}],"wp:attachment":[{"href":"http:\/\/www.ffbs.at\/blog\/wp-json\/wp\/v2\/media?parent=748"}],"wp:term":[{"taxonomy":"category","embeddable":true,"href":"http:\/\/www.ffbs.at\/blog\/wp-json\/wp\/v2\/categories?post=748"},{"taxonomy":"post_tag","embeddable":true,"href":"http:\/\/www.ffbs.at\/blog\/wp-json\/wp\/v2\/tags?post=748"}],"curies":[{"name":"wp","href":"https:\/\/api.w.org\/{rel}","templated":true}]}}