{"id":70,"date":"2012-09-25T22:00:35","date_gmt":"2012-09-25T20:00:35","guid":{"rendered":"http:\/\/www.ffbs.at\/blog\/?p=70"},"modified":"2013-05-11T06:58:34","modified_gmt":"2013-05-11T04:58:34","slug":"kuchenbrand-am-beethovenplatz","status":"publish","type":"post","link":"http:\/\/www.ffbs.at\/blog\/kuchenbrand-am-beethovenplatz\/70\/","title":{"rendered":"K\u00fcchenbrand am Beethovenplatz"},"content":{"rendered":"<p><strong>ngg_shortcode_0_placeholder\u201eK\u00fcchenbrand am Beethovenplatz\u201c \u2013 lautete die Alarmmeldung am 25.09.2012 und riss die Einsatzmannschaften der Freiwilligen Feuerwehr Baden-Stadt und Baden-Leesdorf aus ihrem Alltag.<\/strong><br \/>\nEine Wohnungsbesitzerin meldete \u00fcber die Feuerwehralarmzentrale einen K\u00fcchenbrand in ihrer eigenen Wohnung. Nach wenigen Minuten trafen die alarmierten Feuerwehren am Einsatzort ein und begannen mit der Erkundung des alarmierten K\u00fcchenbrand.<br \/>\nBei\u00dfender Rauch in dichten Schwaden war im Stiegenhaus wahrnehmbar und drang aus der Wohnung im dritten Stock. W\u00e4hrend die L\u00f6schleitungen vorbereitet wurden, konnte der erste Atemschutztrupp aus dem vermeintlichen Brandraum rasch Entwarnung geben.<\/p>\n<p>Ein am Herd abgestelltes Gef\u00e4\u00df war auf einer hei\u00dfen Platte in Brand geraten und hatte die starke Verrauchung verursacht. Der Kleinbrand konnte mit einfachen Hilfsmitteln rasch abgel\u00f6scht werden.<\/p>\n<p>Die Wohnungseigent\u00fcmerin, welche durch Feuerwehrsanit\u00e4ter erstversorgt wurde, wurde zur Untersuchung durch das Rote Kreuz in das Landesthermenklinikum Baden gebracht. Die Wohnung der Dame wurde mittels Ventilationsger\u00e4ten durch die Feuerwehr vom Rauch befreit. Nach rund 60 Minuten konnten die Einsatzkr\u00e4fte wieder einr\u00fccken.<\/p>\n<p>Eingesetzte Kr\u00e4fte:<br \/>\nFreiwillige Feuerwehr Baden-Stadt, <a href=\"http:\/\/www.ff-baden-leesdorf.at\" target=\"_blank\">Baden-Leesdorf<\/a>, <a href=\"http:\/\/www.bundespolizei.gv.at\/organisation\/result.aspx?master=noe&amp;parent=642\" target=\"_blank\">Polizeinspektion Baden<\/a>, <a href=\"http:\/\/www.roteskreuz.at\/noe\/dienststellen\/baden\/organisieren\/startseite\/\" target=\"_blank\">Rotes Kreuz Baden<\/a><\/p>\n<p>Fotocredit: EOBI Schneider<br \/>\nngg_shortcode_1_placeholder<\/p>\n","protected":false},"excerpt":{"rendered":"<p>\u201eK\u00fcchenbrand am Beethovenplatz\u201c \u2013 lautete die Alarmmeldung am 25.09.2012 und riss die Einsatzmannschaften der Freiwilligen Feuerwehr Baden-Stadt und Baden-Leesdorf aus [&hellip;]<\/p>\n","protected":false},"author":1,"featured_media":0,"comment_status":"open","ping_status":"closed","sticky":false,"template":"","format":"standard","meta":{"_uag_custom_page_level_css":"","site-sidebar-layout":"default","site-content-layout":"","ast-site-content-layout":"default","site-content-style":"default","site-sidebar-style":"default","ast-global-header-display":"","ast-banner-title-visibility":"","ast-main-header-display":"","ast-hfb-above-header-display":"","ast-hfb-below-header-display":"","ast-hfb-mobile-header-display":"","site-post-title":"","ast-breadcrumbs-content":"","ast-featured-img":"","footer-sml-layout":"","ast-disable-related-posts":"","theme-transparent-header-meta":"","adv-header-id-meta":"","stick-header-meta":"","header-above-stick-meta":"","header-main-stick-meta":"","header-below-stick-meta":"","astra-migrate-meta-layouts":"default","ast-page-background-enabled":"default","ast-page-background-meta":{"desktop":{"background-color":"var(--ast-global-color-4)","background-image":"","background-repeat":"repeat","background-position":"center center","background-size":"auto","background-attachment":"scroll","background-type":"","background-media":"","overlay-type":"","overlay-color":"","overlay-opacity":"","overlay-gradient":""},"tablet":{"background-color":"","background-image":"","background-repeat":"repeat","background-position":"center center","background-size":"auto","background-attachment":"scroll","background-type":"","background-media":"","overlay-type":"","overlay-color":"","overlay-opacity":"","overlay-gradient":""},"mobile":{"background-color":"","background-image":"","background-repeat":"repeat","background-position":"center center","background-size":"auto","background-attachment":"scroll","background-type":"","background-media":"","overlay-type":"","overlay-color":"","overlay-opacity":"","overlay-gradient":""}},"ast-content-background-meta":{"desktop":{"background-color":"var(--ast-global-color-5)","background-image":"","background-repeat":"repeat","background-position":"center center","background-size":"auto","background-attachment":"scroll","background-type":"","background-media":"","overlay-type":"","overlay-color":"","overlay-opacity":"","overlay-gradient":""},"tablet":{"background-color":"var(--ast-global-color-5)","background-image":"","background-repeat":"repeat","background-position":"center center","background-size":"auto","background-attachment":"scroll","background-type":"","background-media":"","overlay-type":"","overlay-color":"","overlay-opacity":"","overlay-gradient":""},"mobile":{"background-color":"var(--ast-global-color-5)","background-image":"","background-repeat":"repeat","background-position":"center center","background-size":"auto","background-attachment":"scroll","background-type":"","background-media":"","overlay-type":"","overlay-color":"","overlay-opacity":"","overlay-gradient":""}},"ngg_post_thumbnail":0,"footnotes":""},"categories":[1],"tags":[],"class_list":["post-70","post","type-post","status-publish","format-standard","hentry","category-allgemein"],"uagb_featured_image_src":{"full":false,"thumbnail":false,"medium":false,"medium_large":false,"large":false,"1536x1536":false,"2048x2048":false,"tp-image-grid":false},"uagb_author_info":{"display_name":"admin","author_link":"http:\/\/www.ffbs.at\/blog\/author\/admin\/"},"uagb_comment_info":0,"uagb_excerpt":"\u201eK\u00fcchenbrand am Beethovenplatz\u201c \u2013 lautete die Alarmmeldung am 25.09.2012 und riss die Einsatzmannschaften der Freiwilligen Feuerwehr Baden-Stadt und Baden-Leesdorf aus [&hellip;]","rttpg_featured_image_url":null,"rttpg_author":{"display_name":"admin","author_link":"http:\/\/www.ffbs.at\/blog\/author\/admin\/"},"rttpg_comment":0,"rttpg_category":"<a href=\"http:\/\/www.ffbs.at\/blog\/category\/allgemein\/\" rel=\"category tag\">Allgemein<\/a>","rttpg_excerpt":"\u201eK\u00fcchenbrand am Beethovenplatz\u201c \u2013 lautete die Alarmmeldung am 25.09.2012 und riss die Einsatzmannschaften der Freiwilligen Feuerwehr Baden-Stadt und Baden-Leesdorf aus [&hellip;]","_links":{"self":[{"href":"http:\/\/www.ffbs.at\/blog\/wp-json\/wp\/v2\/posts\/70","targetHints":{"allow":["GET"]}}],"collection":[{"href":"http:\/\/www.ffbs.at\/blog\/wp-json\/wp\/v2\/posts"}],"about":[{"href":"http:\/\/www.ffbs.at\/blog\/wp-json\/wp\/v2\/types\/post"}],"author":[{"embeddable":true,"href":"http:\/\/www.ffbs.at\/blog\/wp-json\/wp\/v2\/users\/1"}],"replies":[{"embeddable":true,"href":"http:\/\/www.ffbs.at\/blog\/wp-json\/wp\/v2\/comments?post=70"}],"version-history":[{"count":5,"href":"http:\/\/www.ffbs.at\/blog\/wp-json\/wp\/v2\/posts\/70\/revisions"}],"predecessor-version":[{"id":93,"href":"http:\/\/www.ffbs.at\/blog\/wp-json\/wp\/v2\/posts\/70\/revisions\/93"}],"wp:attachment":[{"href":"http:\/\/www.ffbs.at\/blog\/wp-json\/wp\/v2\/media?parent=70"}],"wp:term":[{"taxonomy":"category","embeddable":true,"href":"http:\/\/www.ffbs.at\/blog\/wp-json\/wp\/v2\/categories?post=70"},{"taxonomy":"post_tag","embeddable":true,"href":"http:\/\/www.ffbs.at\/blog\/wp-json\/wp\/v2\/tags?post=70"}],"curies":[{"name":"wp","href":"https:\/\/api.w.org\/{rel}","templated":true}]}}