{"id":589,"date":"2013-09-15T20:26:58","date_gmt":"2013-09-15T18:26:58","guid":{"rendered":"http:\/\/www.ffbs.at\/blog\/?p=589"},"modified":"2013-09-22T08:00:16","modified_gmt":"2013-09-22T06:00:16","slug":"leichtsinniger-jugendlicher-sperrte-sich-in-schliesfach-ein-und-verursachte-damit-groseinsatz-der-einsatzkrafte","status":"publish","type":"post","link":"http:\/\/www.ffbs.at\/blog\/leichtsinniger-jugendlicher-sperrte-sich-in-schliesfach-ein-und-verursachte-damit-groseinsatz-der-einsatzkrafte\/589\/","title":{"rendered":"Leichtsinniger Jugendlicher sperrte sich in Schlie\u00dffach ein und verursachte damit Gro\u00dfeinsatz der Einsatzkr\u00e4fte"},"content":{"rendered":"<p>ngg_shortcode_0_placeholder<strong>Vermutlich war jugendlicher Leichtsinn das Motiv, des vierzehnj\u00e4hrigen sich in einem Gep\u00e4ckschlie\u00dffach am Badener Bahnhof einzusperren, dass sich pl\u00f6tzlich nicht mehr \u00f6ffnen lie\u00df.<\/strong><\/p>\n<p>Um dem Jugendlichen zu helfen, setzten Augenzeugen einen Notruf ab.<\/p>\n<p>Der Notruf wurde als Person in Notlage (Menschenrettung) eingestuft und f\u00fchrte damit zur Alarmierung der Freiwilligen Feuerwehr Baden-Stadt und Baden-Leesdorf (mit insgesamt 5 Fahrzeugen und 33 Freiwilligen!), sowie des Roten Kreuzes (ein Rettungswagen und ein Notarztwagen) sowie der Exekutive (zwei Fahrzeuge).<\/p>\n<p>Beim Eintreffen der Feuerwehr war der Jugendliche im Inneren des Schlie\u00dffaches ansprechbar. Unverz\u00fcglich wurde mit Brechwerkzeugen begonnen, die T\u00fcre des Schlie\u00dffaches zu \u00f6ffnen.<\/p>\n<p>Die Rettungsaktion sorgte am Bahnhof Baden f\u00fcr einen gro\u00dfen Andrang von Schaulustigen, weswegen die Einsatzstelle durch die Exekutive und Feuerwehr abgeschirmt werden musste.<\/p>\n<p>Innerhalb von wenigen Minuten konnte der Jugendliche befreit werden. Der gerettete war augenscheinlich bei guter Gesundheit und wurde dem Roten Kreuz zur Untersuchung \u00fcbergeben.<\/p>\n<p><em>&#8222;Unfassbar ist, dass dies bereits der dritte Jugendliche ist, der sich aus Leichtsinn in einem der Schlie\u00dff\u00e4cher eingesperrt hat und gerettet werden musste&#8220;<\/em>, berichtet der Einsatzleiter V Michael Rampl von der Freiwilligen Feuerwehr Baden-Stadt.<\/p>\n<p><span style=\"text-decoration: underline;\"><em>Bereits <a title=\"Jugendlicher in Bahnhofsschlie\u00dffach eingeschlossen\" href=\"http:\/\/www.ffbs.at\/blog\/?p=586\">2009<\/a> und <a title=\"Jugendlicher in Schlie\u00dffach eingesperrt\" href=\"http:\/\/www.ffbs.at\/blog\/?p=584\">2011<\/a> mussten Jugendliche durch die Feuerwehr aus Schlie\u00dff\u00e4chern gerettet werden.<\/em><\/span><\/p>\n<p>Fotocredit: EOBI Stefan Schneider \/ FF Baden-Stadt<br \/>\nngg_shortcode_1_placeholder<\/p>\n<p>Pressesplitter:<br \/>\n<a href=\"http:\/\/www.puls4.com\/video\/guten-abend-oesterreich\/play\/2206011http:\/\/\" target=\"_blank\">Puls4 &#8211; Video<\/a><br \/>\n<a href=\"http:\/\/atv.at\/contentset\/3178347-atv-aktuell\" target=\"_blank\">ATV &#8211; Video<\/a><br \/>\n<a href=\"http:\/\/tvthek.orf.at\/programs\/70017-Niederoesterreich-heute\/episodes\/6706825-Niederoesterreich-heute\/6709945-14-Jaehriger-in-Schliessfach-gefangen\" target=\"_blank\">ORF N\u00d6 19:00 &#8211; Video<\/a><br \/>\n<a href=\"http:\/\/tvthek.orf.at\/programs\/4660163-heute-oesterreich\/episodes\/6700243-heute-oesterreich\/6708915-Bub-aus-Schliessfach-befreit\" target=\"_blank\">ORF Heute \u00d6sterreich 17:00 &#8211; Video<\/a><br \/>\n<a href=\"http:\/\/www.servustv.com\/cs\/Satellite\/Article\/Servus-Journal-011259524802392\" target=\"_blank\">Servus TV 18:00 &#8211; Video<\/a><br \/>\n<a href=\"http:\/\/noe.orf.at\/news\/stories\/2603842\/\" target=\"_blank\">orf.at<\/a><br \/>\n<a href=\"http:\/\/www.\u00f6sterreich.at\/nachrichten\/Bub-14-in-Schliessfach-eingesperrt\/116177417\" target=\"_blank\">\u00f6sterreich.at<\/a><br \/>\n<a href=\"http:\/\/www.fireworld.at\/cms\/story.php?id=47220&amp;menu=4\" target=\"_blank\">fireworld.at<\/a><br \/>\n<a href=\"http:\/\/www.oe24.at\/oesterreich\/chronik\/Jugendlicher-sperrte-sich-in-Schliessfach-BILDER\/116095195\" target=\"_blank\">oe24.at<\/a><br \/>\n<a href=\"http:\/\/www.salzburg.com\/nachrichten\/oesterreich\/chronik\/sn\/artikel\/feuerwehr-musste-jugendlichen-aus-schliessfach-befreien-74510\/\" target=\"_blank\">Salzburger Nachrichten<\/a><br \/>\n<a href=\"http:\/\/kurier.at\/chronik\/niederoesterreich\/industrieviertel\/bub-sperrte-sich-in-schliessfach-ein\/26.922.186\" target=\"_blank\">kurier.at<\/a><br \/>\n<a href=\"http:\/\/derstandard.at\/1379290946196\/Feuerwehr-befreite-Jugendlichen-aus-Gepaeckschliessfach-in-Baden\" target=\"_blank\">derstandard.at<\/a><br \/>\n<a href=\"http:\/\/www.noen.at\/lokales\/noe-uebersicht\/baden\/aktuell\/In-Gepaeckschliessfach-eingesperrt;art2427,483861\" target=\"_blank\">noen.at<\/a><br \/>\n<a href=\"http:\/\/www.vorarlbergernachrichten.at\/welt\/2013\/09\/16\/jugendlicherim-schliesfach.vn\" target=\"_blank\">vorarlbergernachrichten.at<\/a><br \/>\n<a href=\"http:\/\/www.monatsrevue.at\/index.php?Artikel=1788&amp;besuch=2\" target=\"_blank\">monatsrevue.at<\/a><br \/>\n<a href=\"http:\/\/www.nachrichten.at\/nachrichten\/chronik\/14-Jaehriger-sperrte-sich-in-Schliessfach-ein;art58,1195826\" target=\"_blank\">nachrichten.at<\/a><br \/>\n<a href=\"http:\/\/www.shortnews.de\/id\/1050467\/oesterreich-feuerwehr-musste-14-jaehrigen-aus-gepaeckschliessfach-befreien\" target=\"_blank\">shortnews.de<\/a><br \/>\n<a href=\"http:\/\/www.noe122.at\/Content.Node\/Feuerwehr_rettet_Jugendlichen.html\" target=\"_blank\">noe122.at<\/a><\/p>\n","protected":false},"excerpt":{"rendered":"<p>Vermutlich war jugendlicher Leichtsinn das Motiv, des vierzehnj\u00e4hrigen sich in einem Gep\u00e4ckschlie\u00dffach am Badener Bahnhof einzusperren, dass sich pl\u00f6tzlich nicht [&hellip;]<\/p>\n","protected":false},"author":2,"featured_media":0,"comment_status":"open","ping_status":"closed","sticky":false,"template":"","format":"standard","meta":{"_uag_custom_page_level_css":"","site-sidebar-layout":"default","site-content-layout":"","ast-site-content-layout":"default","site-content-style":"default","site-sidebar-style":"default","ast-global-header-display":"","ast-banner-title-visibility":"","ast-main-header-display":"","ast-hfb-above-header-display":"","ast-hfb-below-header-display":"","ast-hfb-mobile-header-display":"","site-post-title":"","ast-breadcrumbs-content":"","ast-featured-img":"","footer-sml-layout":"","ast-disable-related-posts":"","theme-transparent-header-meta":"","adv-header-id-meta":"","stick-header-meta":"","header-above-stick-meta":"","header-main-stick-meta":"","header-below-stick-meta":"","astra-migrate-meta-layouts":"default","ast-page-background-enabled":"default","ast-page-background-meta":{"desktop":{"background-color":"var(--ast-global-color-4)","background-image":"","background-repeat":"repeat","background-position":"center center","background-size":"auto","background-attachment":"scroll","background-type":"","background-media":"","overlay-type":"","overlay-color":"","overlay-opacity":"","overlay-gradient":""},"tablet":{"background-color":"","background-image":"","background-repeat":"repeat","background-position":"center center","background-size":"auto","background-attachment":"scroll","background-type":"","background-media":"","overlay-type":"","overlay-color":"","overlay-opacity":"","overlay-gradient":""},"mobile":{"background-color":"","background-image":"","background-repeat":"repeat","background-position":"center center","background-size":"auto","background-attachment":"scroll","background-type":"","background-media":"","overlay-type":"","overlay-color":"","overlay-opacity":"","overlay-gradient":""}},"ast-content-background-meta":{"desktop":{"background-color":"var(--ast-global-color-5)","background-image":"","background-repeat":"repeat","background-position":"center center","background-size":"auto","background-attachment":"scroll","background-type":"","background-media":"","overlay-type":"","overlay-color":"","overlay-opacity":"","overlay-gradient":""},"tablet":{"background-color":"var(--ast-global-color-5)","background-image":"","background-repeat":"repeat","background-position":"center center","background-size":"auto","background-attachment":"scroll","background-type":"","background-media":"","overlay-type":"","overlay-color":"","overlay-opacity":"","overlay-gradient":""},"mobile":{"background-color":"var(--ast-global-color-5)","background-image":"","background-repeat":"repeat","background-position":"center center","background-size":"auto","background-attachment":"scroll","background-type":"","background-media":"","overlay-type":"","overlay-color":"","overlay-opacity":"","overlay-gradient":""}},"ngg_post_thumbnail":0,"footnotes":""},"categories":[3],"tags":[63,123,122,7,121],"class_list":["post-589","post","type-post","status-publish","format-standard","hentry","category-aktuelles","tag-bahnhof","tag-leichtsinn","tag-menschenrettung","tag-personenrettung","tag-schliesfach"],"uagb_featured_image_src":{"full":false,"thumbnail":false,"medium":false,"medium_large":false,"large":false,"1536x1536":false,"2048x2048":false,"tp-image-grid":false},"uagb_author_info":{"display_name":"Michael Rampl","author_link":"http:\/\/www.ffbs.at\/blog\/author\/rampl\/"},"uagb_comment_info":0,"uagb_excerpt":"Vermutlich war jugendlicher Leichtsinn das Motiv, des vierzehnj\u00e4hrigen sich in einem Gep\u00e4ckschlie\u00dffach am Badener Bahnhof einzusperren, dass sich pl\u00f6tzlich nicht [&hellip;]","rttpg_featured_image_url":null,"rttpg_author":{"display_name":"Michael Rampl","author_link":"http:\/\/www.ffbs.at\/blog\/author\/rampl\/"},"rttpg_comment":0,"rttpg_category":"<a href=\"http:\/\/www.ffbs.at\/blog\/category\/aktuelles\/\" rel=\"category tag\">Aktuelles<\/a>","rttpg_excerpt":"Vermutlich war jugendlicher Leichtsinn das Motiv, des vierzehnj\u00e4hrigen sich in einem Gep\u00e4ckschlie\u00dffach am Badener Bahnhof einzusperren, dass sich pl\u00f6tzlich nicht [&hellip;]","_links":{"self":[{"href":"http:\/\/www.ffbs.at\/blog\/wp-json\/wp\/v2\/posts\/589","targetHints":{"allow":["GET"]}}],"collection":[{"href":"http:\/\/www.ffbs.at\/blog\/wp-json\/wp\/v2\/posts"}],"about":[{"href":"http:\/\/www.ffbs.at\/blog\/wp-json\/wp\/v2\/types\/post"}],"author":[{"embeddable":true,"href":"http:\/\/www.ffbs.at\/blog\/wp-json\/wp\/v2\/users\/2"}],"replies":[{"embeddable":true,"href":"http:\/\/www.ffbs.at\/blog\/wp-json\/wp\/v2\/comments?post=589"}],"version-history":[{"count":8,"href":"http:\/\/www.ffbs.at\/blog\/wp-json\/wp\/v2\/posts\/589\/revisions"}],"predecessor-version":[{"id":598,"href":"http:\/\/www.ffbs.at\/blog\/wp-json\/wp\/v2\/posts\/589\/revisions\/598"}],"wp:attachment":[{"href":"http:\/\/www.ffbs.at\/blog\/wp-json\/wp\/v2\/media?parent=589"}],"wp:term":[{"taxonomy":"category","embeddable":true,"href":"http:\/\/www.ffbs.at\/blog\/wp-json\/wp\/v2\/categories?post=589"},{"taxonomy":"post_tag","embeddable":true,"href":"http:\/\/www.ffbs.at\/blog\/wp-json\/wp\/v2\/tags?post=589"}],"curies":[{"name":"wp","href":"https:\/\/api.w.org\/{rel}","templated":true}]}}