{"id":54710,"date":"2026-04-12T09:43:53","date_gmt":"2026-04-12T08:43:53","guid":{"rendered":"https:\/\/www.ffbs.at\/blog\/?p=54710"},"modified":"2026-04-12T09:44:00","modified_gmt":"2026-04-12T08:44:00","slug":"auszeichnungen-und-ernennungen-am-bezirksfeuerwehrtag-2026","status":"publish","type":"post","link":"http:\/\/www.ffbs.at\/blog\/auszeichnungen-und-ernennungen-am-bezirksfeuerwehrtag-2026\/54710\/","title":{"rendered":"Auszeichnungen und Ernennungen am Bezirksfeuerwehrtag 2026"},"content":{"rendered":"\n<p><strong>Am Freitag, dem 10. April 2026, fand in Oyenhausen der Bezirksfeuerwehrtag aller Feuerwehren des Bezirkes Baden statt.<\/strong><\/p>\n\n\n\n<p><strong>Wir gratulieren&#8230;<\/strong><\/p>\n\n\n\n<p>\u2026 unserem Kameraden Rudolf Wandl zur Ernennung zum Leiter des Verwaltungsdienstes des Bezirkes Baden sowie zum Bezirkssachbearbeiter f\u00fcr Feuerwehrgeschichte.<\/p>\n\n\n\n<div class=\"wp-block-uagb-image uagb-block-24ae2ad9 wp-block-uagb-image--layout-default wp-block-uagb-image--effect-static wp-block-uagb-image--align-none\"><figure class=\"wp-block-uagb-image__figure\"><img loading=\"lazy\" decoding=\"async\" srcset=\"http:\/\/www.ffbs.at\/blog\/wp-content\/uploads\/2026\/04\/WhatsApp-Image-2026-04-11-at-23.55.33-2.jpeg ,http:\/\/www.ffbs.at\/blog\/wp-content\/uploads\/2026\/04\/WhatsApp-Image-2026-04-11-at-23.55.33-2.jpeg 780w, http:\/\/www.ffbs.at\/blog\/wp-content\/uploads\/2026\/04\/WhatsApp-Image-2026-04-11-at-23.55.33-2.jpeg 360w\" sizes=\"auto, (max-width: 480px) 150px\" src=\"http:\/\/www.ffbs.at\/blog\/wp-content\/uploads\/2026\/04\/WhatsApp-Image-2026-04-11-at-23.55.33-2.jpeg\" alt=\"\" class=\"uag-image-54714\" width=\"1600\" height=\"1200\" title=\"WhatsApp Image 2026-04-11 at 23.55.33 (2)\" loading=\"lazy\" role=\"img\"\/><\/figure><\/div>\n\n\n\n<div style=\"height:16px\" aria-hidden=\"true\" class=\"wp-block-spacer\"><\/div>\n\n\n\n<p>&#8230; unserem Kameraden Martin Schellnast zur Verdienstmedaille 2. Klasse in Silber des N\u00d6 Landesfeuerwehrverbandes und zur Wiederernennung als Bezirkssachbearbeiter f\u00fcr FMD.<\/p>\n\n\n\n<div style=\"height:16px\" aria-hidden=\"true\" class=\"wp-block-spacer\"><\/div>\n\n\n\n<div class=\"wp-block-uagb-image uagb-block-ae3d4dbf wp-block-uagb-image--layout-default wp-block-uagb-image--effect-static wp-block-uagb-image--align-none\"><figure class=\"wp-block-uagb-image__figure\"><img loading=\"lazy\" decoding=\"async\" srcset=\"http:\/\/www.ffbs.at\/blog\/wp-content\/uploads\/2026\/04\/WhatsApp-Image-2026-04-11-at-23.55.31-3.jpeg ,http:\/\/www.ffbs.at\/blog\/wp-content\/uploads\/2026\/04\/WhatsApp-Image-2026-04-11-at-23.55.31-3.jpeg 780w, http:\/\/www.ffbs.at\/blog\/wp-content\/uploads\/2026\/04\/WhatsApp-Image-2026-04-11-at-23.55.31-3.jpeg 360w\" sizes=\"auto, (max-width: 480px) 150px\" src=\"http:\/\/www.ffbs.at\/blog\/wp-content\/uploads\/2026\/04\/WhatsApp-Image-2026-04-11-at-23.55.31-3.jpeg\" alt=\"\" class=\"uag-image-54711\" width=\"1600\" height=\"1200\" title=\"WhatsApp Image 2026-04-11 at 23.55.31 (3)\" loading=\"lazy\" role=\"img\"\/><\/figure><\/div>\n\n\n\n<div style=\"height:20px\" aria-hidden=\"true\" class=\"wp-block-spacer\"><\/div>\n\n\n\n<p>\u2026 unserem Kameraden Stefan Schneider zu seinem 60. Geburtstag, zu seiner Wiederernennung als Bezirkssachbearbeiter f\u00fcr \u00d6ffentlichkeitsarbeit sowie zu seinem erneut gelungenen Jahresr\u00fcckblick in Form eines Videos.<\/p>\n\n\n\n<div class=\"wp-block-uagb-image uagb-block-fe856e28 wp-block-uagb-image--layout-default wp-block-uagb-image--effect-static wp-block-uagb-image--align-none\"><figure class=\"wp-block-uagb-image__figure\"><img loading=\"lazy\" decoding=\"async\" srcset=\"http:\/\/www.ffbs.at\/blog\/wp-content\/uploads\/2026\/04\/WhatsApp-Image-2026-04-11-at-23.55.31-1.jpeg ,http:\/\/www.ffbs.at\/blog\/wp-content\/uploads\/2026\/04\/WhatsApp-Image-2026-04-11-at-23.55.31-1.jpeg 780w, http:\/\/www.ffbs.at\/blog\/wp-content\/uploads\/2026\/04\/WhatsApp-Image-2026-04-11-at-23.55.31-1.jpeg 360w\" sizes=\"auto, (max-width: 480px) 150px\" src=\"http:\/\/www.ffbs.at\/blog\/wp-content\/uploads\/2026\/04\/WhatsApp-Image-2026-04-11-at-23.55.31-1.jpeg\" alt=\"\" class=\"uag-image-54712\" width=\"1487\" height=\"1100\" title=\"WhatsApp Image 2026-04-11 at 23.55.31 (1)\" loading=\"lazy\" role=\"img\"\/><\/figure><\/div>\n\n\n\n<div style=\"height:13px\" aria-hidden=\"true\" class=\"wp-block-spacer\"><\/div>\n\n\n\n<p>&#8230; unserem Kameraden Markus Trobits zur Wiederernennung als Bezirkssachbearbeiter f\u00fcr Feuerwehrjugend.<\/p>\n\n\n\n<div style=\"height:13px\" aria-hidden=\"true\" class=\"wp-block-spacer\"><\/div>\n\n\n\n<div class=\"wp-block-uagb-image uagb-block-593cade5 wp-block-uagb-image--layout-default wp-block-uagb-image--effect-static wp-block-uagb-image--align-none\"><figure class=\"wp-block-uagb-image__figure\"><img loading=\"lazy\" decoding=\"async\" srcset=\"http:\/\/www.ffbs.at\/blog\/wp-content\/uploads\/2026\/04\/WhatsApp-Image-2026-04-11-at-23.55.33-1.jpeg ,http:\/\/www.ffbs.at\/blog\/wp-content\/uploads\/2026\/04\/WhatsApp-Image-2026-04-11-at-23.55.33-1.jpeg 780w, http:\/\/www.ffbs.at\/blog\/wp-content\/uploads\/2026\/04\/WhatsApp-Image-2026-04-11-at-23.55.33-1.jpeg 360w\" sizes=\"auto, (max-width: 480px) 150px\" src=\"http:\/\/www.ffbs.at\/blog\/wp-content\/uploads\/2026\/04\/WhatsApp-Image-2026-04-11-at-23.55.33-1.jpeg\" alt=\"\" class=\"uag-image-54713\" width=\"1600\" height=\"1200\" title=\"WhatsApp Image 2026-04-11 at 23.55.33 (1)\" loading=\"lazy\" role=\"img\"\/><\/figure><\/div>\n\n\n\n<div style=\"height:17px\" aria-hidden=\"true\" class=\"wp-block-spacer\"><\/div>\n\n\n\n<div style=\"height:23px\" aria-hidden=\"true\" class=\"wp-block-spacer\"><\/div>\n\n\n\n<p>Einige Mitglieder des AFKDO Baden Stadt nahmen ebenfalls am diesj\u00e4hrigen Bezirksfeuerwehrtag teil, der erstmals von Bezirksfeuerwehrkommandant wHR OBR Mag. Gerald Peter geleitet wurde.<\/p>\n\n\n\n<div style=\"height:10px\" aria-hidden=\"true\" class=\"wp-block-spacer\"><\/div>\n\n\n\n<div class=\"wp-block-uagb-image uagb-block-b6052303 wp-block-uagb-image--layout-default wp-block-uagb-image--effect-static wp-block-uagb-image--align-none\"><figure class=\"wp-block-uagb-image__figure\"><img loading=\"lazy\" decoding=\"async\" srcset=\"http:\/\/www.ffbs.at\/blog\/wp-content\/uploads\/2026\/04\/WhatsApp-Image-2026-04-11-at-23.55.34-1.jpeg ,http:\/\/www.ffbs.at\/blog\/wp-content\/uploads\/2026\/04\/WhatsApp-Image-2026-04-11-at-23.55.34-1.jpeg 780w, http:\/\/www.ffbs.at\/blog\/wp-content\/uploads\/2026\/04\/WhatsApp-Image-2026-04-11-at-23.55.34-1.jpeg 360w\" sizes=\"auto, (max-width: 480px) 150px\" src=\"http:\/\/www.ffbs.at\/blog\/wp-content\/uploads\/2026\/04\/WhatsApp-Image-2026-04-11-at-23.55.34-1.jpeg\" alt=\"\" class=\"uag-image-54715\" width=\"1600\" height=\"1107\" title=\"WhatsApp Image 2026-04-11 at 23.55.34 (1)\" loading=\"lazy\" role=\"img\"\/><\/figure><\/div>\n\n\n\n<div style=\"height:22px\" aria-hidden=\"true\" class=\"wp-block-spacer\"><\/div>\n\n\n\n<p class=\"has-small-font-size\">Fotos: BFKDO Baden \/ Stefan Schneider<\/p>\n\n\n\n<p><\/p>\n","protected":false},"excerpt":{"rendered":"<p>Am Freitag, dem 10. April 2026, fand in Oyenhausen der Bezirksfeuerwehrtag aller Feuerwehren des Bezirkes Baden statt. Wir gratulieren&#8230; \u2026 [&hellip;]<\/p>\n","protected":false},"author":8,"featured_media":54712,"comment_status":"closed","ping_status":"closed","sticky":false,"template":"","format":"standard","meta":{"_uag_custom_page_level_css":"","site-sidebar-layout":"default","site-content-layout":"","ast-site-content-layout":"default","site-content-style":"default","site-sidebar-style":"default","ast-global-header-display":"","ast-banner-title-visibility":"","ast-main-header-display":"","ast-hfb-above-header-display":"","ast-hfb-below-header-display":"","ast-hfb-mobile-header-display":"","site-post-title":"","ast-breadcrumbs-content":"","ast-featured-img":"","footer-sml-layout":"","ast-disable-related-posts":"","theme-transparent-header-meta":"","adv-header-id-meta":"","stick-header-meta":"","header-above-stick-meta":"","header-main-stick-meta":"","header-below-stick-meta":"","astra-migrate-meta-layouts":"default","ast-page-background-enabled":"default","ast-page-background-meta":{"desktop":{"background-color":"var(--ast-global-color-4)","background-image":"","background-repeat":"repeat","background-position":"center center","background-size":"auto","background-attachment":"scroll","background-type":"","background-media":"","overlay-type":"","overlay-color":"","overlay-opacity":"","overlay-gradient":""},"tablet":{"background-color":"","background-image":"","background-repeat":"repeat","background-position":"center center","background-size":"auto","background-attachment":"scroll","background-type":"","background-media":"","overlay-type":"","overlay-color":"","overlay-opacity":"","overlay-gradient":""},"mobile":{"background-color":"","background-image":"","background-repeat":"repeat","background-position":"center center","background-size":"auto","background-attachment":"scroll","background-type":"","background-media":"","overlay-type":"","overlay-color":"","overlay-opacity":"","overlay-gradient":""}},"ast-content-background-meta":{"desktop":{"background-color":"var(--ast-global-color-5)","background-image":"","background-repeat":"repeat","background-position":"center center","background-size":"auto","background-attachment":"scroll","background-type":"","background-media":"","overlay-type":"","overlay-color":"","overlay-opacity":"","overlay-gradient":""},"tablet":{"background-color":"var(--ast-global-color-5)","background-image":"","background-repeat":"repeat","background-position":"center center","background-size":"auto","background-attachment":"scroll","background-type":"","background-media":"","overlay-type":"","overlay-color":"","overlay-opacity":"","overlay-gradient":""},"mobile":{"background-color":"var(--ast-global-color-5)","background-image":"","background-repeat":"repeat","background-position":"center center","background-size":"auto","background-attachment":"scroll","background-type":"","background-media":"","overlay-type":"","overlay-color":"","overlay-opacity":"","overlay-gradient":""}},"ngg_post_thumbnail":0,"footnotes":""},"categories":[3,1,5],"tags":[],"class_list":["post-54710","post","type-post","status-publish","format-standard","has-post-thumbnail","hentry","category-aktuelles","category-allgemein","category-veranstaltungen"],"uagb_featured_image_src":{"full":["https:\/\/www.ffbs.at\/blog\/wp-content\/uploads\/2026\/04\/WhatsApp-Image-2026-04-11-at-23.55.31-1.jpeg",1487,1100,false],"thumbnail":["https:\/\/www.ffbs.at\/blog\/wp-content\/uploads\/2026\/04\/WhatsApp-Image-2026-04-11-at-23.55.31-1.jpeg",200,148,false],"medium":["https:\/\/www.ffbs.at\/blog\/wp-content\/uploads\/2026\/04\/WhatsApp-Image-2026-04-11-at-23.55.31-1.jpeg",350,259,false],"medium_large":["https:\/\/www.ffbs.at\/blog\/wp-content\/uploads\/2026\/04\/WhatsApp-Image-2026-04-11-at-23.55.31-1.jpeg",768,568,false],"large":["https:\/\/www.ffbs.at\/blog\/wp-content\/uploads\/2026\/04\/WhatsApp-Image-2026-04-11-at-23.55.31-1.jpeg",1024,757,false],"1536x1536":["https:\/\/www.ffbs.at\/blog\/wp-content\/uploads\/2026\/04\/WhatsApp-Image-2026-04-11-at-23.55.31-1.jpeg",1487,1100,false],"2048x2048":["https:\/\/www.ffbs.at\/blog\/wp-content\/uploads\/2026\/04\/WhatsApp-Image-2026-04-11-at-23.55.31-1.jpeg",1487,1100,false],"tp-image-grid":["https:\/\/www.ffbs.at\/blog\/wp-content\/uploads\/2026\/04\/WhatsApp-Image-2026-04-11-at-23.55.31-1.jpeg",700,518,false]},"uagb_author_info":{"display_name":"Viktor van de Castell","author_link":"http:\/\/www.ffbs.at\/blog\/author\/viktor\/"},"uagb_comment_info":0,"uagb_excerpt":"Am Freitag, dem 10. April 2026, fand in Oyenhausen der Bezirksfeuerwehrtag aller Feuerwehren des Bezirkes Baden statt. Wir gratulieren&#8230; \u2026 [&hellip;]","rttpg_featured_image_url":{"full":["https:\/\/www.ffbs.at\/blog\/wp-content\/uploads\/2026\/04\/WhatsApp-Image-2026-04-11-at-23.55.31-1.jpeg",1487,1100,false],"landscape":["https:\/\/www.ffbs.at\/blog\/wp-content\/uploads\/2026\/04\/WhatsApp-Image-2026-04-11-at-23.55.31-1.jpeg",1487,1100,false],"portraits":["https:\/\/www.ffbs.at\/blog\/wp-content\/uploads\/2026\/04\/WhatsApp-Image-2026-04-11-at-23.55.31-1.jpeg",1487,1100,false],"thumbnail":["https:\/\/www.ffbs.at\/blog\/wp-content\/uploads\/2026\/04\/WhatsApp-Image-2026-04-11-at-23.55.31-1.jpeg",200,148,false],"medium":["https:\/\/www.ffbs.at\/blog\/wp-content\/uploads\/2026\/04\/WhatsApp-Image-2026-04-11-at-23.55.31-1.jpeg",350,259,false],"large":["https:\/\/www.ffbs.at\/blog\/wp-content\/uploads\/2026\/04\/WhatsApp-Image-2026-04-11-at-23.55.31-1.jpeg",1024,757,false],"1536x1536":["https:\/\/www.ffbs.at\/blog\/wp-content\/uploads\/2026\/04\/WhatsApp-Image-2026-04-11-at-23.55.31-1.jpeg",1487,1100,false],"2048x2048":["https:\/\/www.ffbs.at\/blog\/wp-content\/uploads\/2026\/04\/WhatsApp-Image-2026-04-11-at-23.55.31-1.jpeg",1487,1100,false],"tp-image-grid":["https:\/\/www.ffbs.at\/blog\/wp-content\/uploads\/2026\/04\/WhatsApp-Image-2026-04-11-at-23.55.31-1.jpeg",700,518,false]},"rttpg_author":{"display_name":"Viktor van de Castell","author_link":"http:\/\/www.ffbs.at\/blog\/author\/viktor\/"},"rttpg_comment":0,"rttpg_category":"<a href=\"http:\/\/www.ffbs.at\/blog\/category\/aktuelles\/\" rel=\"category tag\">Aktuelles<\/a> <a href=\"http:\/\/www.ffbs.at\/blog\/category\/allgemein\/\" rel=\"category tag\">Allgemein<\/a> <a href=\"http:\/\/www.ffbs.at\/blog\/category\/veranstaltungen\/\" rel=\"category tag\">Veranstaltungen<\/a>","rttpg_excerpt":"Am Freitag, dem 10. April 2026, fand in Oyenhausen der Bezirksfeuerwehrtag aller Feuerwehren des Bezirkes Baden statt. Wir gratulieren&#8230; \u2026 [&hellip;]","_links":{"self":[{"href":"http:\/\/www.ffbs.at\/blog\/wp-json\/wp\/v2\/posts\/54710","targetHints":{"allow":["GET"]}}],"collection":[{"href":"http:\/\/www.ffbs.at\/blog\/wp-json\/wp\/v2\/posts"}],"about":[{"href":"http:\/\/www.ffbs.at\/blog\/wp-json\/wp\/v2\/types\/post"}],"author":[{"embeddable":true,"href":"http:\/\/www.ffbs.at\/blog\/wp-json\/wp\/v2\/users\/8"}],"replies":[{"embeddable":true,"href":"http:\/\/www.ffbs.at\/blog\/wp-json\/wp\/v2\/comments?post=54710"}],"version-history":[{"count":1,"href":"http:\/\/www.ffbs.at\/blog\/wp-json\/wp\/v2\/posts\/54710\/revisions"}],"predecessor-version":[{"id":54716,"href":"http:\/\/www.ffbs.at\/blog\/wp-json\/wp\/v2\/posts\/54710\/revisions\/54716"}],"wp:featuredmedia":[{"embeddable":true,"href":"http:\/\/www.ffbs.at\/blog\/wp-json\/wp\/v2\/media\/54712"}],"wp:attachment":[{"href":"http:\/\/www.ffbs.at\/blog\/wp-json\/wp\/v2\/media?parent=54710"}],"wp:term":[{"taxonomy":"category","embeddable":true,"href":"http:\/\/www.ffbs.at\/blog\/wp-json\/wp\/v2\/categories?post=54710"},{"taxonomy":"post_tag","embeddable":true,"href":"http:\/\/www.ffbs.at\/blog\/wp-json\/wp\/v2\/tags?post=54710"}],"curies":[{"name":"wp","href":"https:\/\/api.w.org\/{rel}","templated":true}]}}