{"id":5449,"date":"2014-10-04T07:54:05","date_gmt":"2014-10-04T06:54:05","guid":{"rendered":"http:\/\/www.ffbs.at\/blog\/?p=5449"},"modified":"2014-10-05T06:22:17","modified_gmt":"2014-10-05T05:22:17","slug":"zivilschutz-probealarm-am-04-oktober-2014","status":"publish","type":"post","link":"http:\/\/www.ffbs.at\/blog\/zivilschutz-probealarm-am-04-oktober-2014\/5449\/","title":{"rendered":"Zivilschutz-Probealarm am 04. Oktober 2014"},"content":{"rendered":"<p><strong>Am Samstag, 4. Oktober 2014, wird wieder der \u00f6sterreichweite Zivilschutz-Probealarm vom Bundesministerium f\u00fcr Inneres (BM.I) durchgef\u00fchrt. Der Probealarm soll Sie mit den Zivilschutz-Signalen vertraut machen und gleichzeitig die Funktion und Reichweite der \u00fcber 8.000 Sirenen testen.<\/strong><\/p>\n<p><a href=\"http:\/\/www.ffbs.at\/blog\/wp-content\/uploads\/2014\/10\/Zivilschutz_Probelarm_2014.jpg\"><img fetchpriority=\"high\" decoding=\"async\" class=\"alignleft  wp-image-5447\" src=\"http:\/\/www.ffbs.at\/blog\/wp-content\/uploads\/2014\/10\/Zivilschutz_Probelarm_2014-1024x940.jpg\" alt=\"Zivilschutz_Probelarm_2014\" width=\"580\" height=\"532\" srcset=\"https:\/\/www.ffbs.at\/blog\/wp-content\/uploads\/2014\/10\/Zivilschutz_Probelarm_2014-1024x940.jpg 1024w, https:\/\/www.ffbs.at\/blog\/wp-content\/uploads\/2014\/10\/Zivilschutz_Probelarm_2014-350x321.jpg 350w, https:\/\/www.ffbs.at\/blog\/wp-content\/uploads\/2014\/10\/Zivilschutz_Probelarm_2014.jpg 1307w\" sizes=\"(max-width: 580px) 100vw, 580px\" \/><\/a><\/p>\n<p>&nbsp;<\/p>\n<p>&nbsp;<\/p>\n<p>&nbsp;<\/p>\n<p>&nbsp;<\/p>\n<p>&nbsp;<\/p>\n<p>&nbsp;<\/p>\n<p>&nbsp;<\/p>\n<p>&nbsp;<\/p>\n<p>&nbsp;<\/p>\n<p>\u00d6sterreich verf\u00fcgt \u00fcber ein fl\u00e4chendeckendes Warn- und Alarmsystem. Mit mehr als 8.000 Sirenen \u00f6sterreichweit kann die Bev\u00f6lkerung im Katastrophenfall gewarnt und alarmiert werden.<\/p>\n<p>weiterf\u00fchrende Informationen:<br \/>\n<a href=\"http:\/\/oesterreich.orf.at\/stories\/2671684\/\" target=\"_blank\">orf.at<br \/>\n<\/a><a href=\"http:\/\/www.noe.gv.at\/Land-Zukunft\/Katastrophenschutz\/Notruf-Warnsignale\/Warn_und_Alarmsignale.html\" target=\"_blank\">N\u00d6 Landesregierung: Warn- und Alarmsignale<\/a><br \/>\n<a href=\"http:\/\/www.siz.cc\/bund\" target=\"_blank\">\u00d6sterreichischer Zivilschutzverband<\/a><br \/>\n<a href=\"http:\/\/www.siz.cc\/niederoesterreich\/termine\/723\" target=\"_blank\">Zivilschutz-Probealarm 2014 N\u00d6<\/a><br \/>\nupdate (04.10.2014 nach Res\u00fcmee des Probealarms): <a title=\"Nur drei Sirenen blieben stumm\" href=\"http:\/\/noe.orf.at\/news\/stories\/2672073\/\" target=\"_blank\">noe.orf.at<\/a><\/p>\n","protected":false},"excerpt":{"rendered":"<p>Am Samstag, 4. Oktober 2014, wird wieder der \u00f6sterreichweite Zivilschutz-Probealarm vom Bundesministerium f\u00fcr Inneres (BM.I) durchgef\u00fchrt. Der Probealarm soll Sie [&hellip;]<\/p>\n","protected":false},"author":2,"featured_media":0,"comment_status":"open","ping_status":"closed","sticky":false,"template":"","format":"standard","meta":{"_uag_custom_page_level_css":"","site-sidebar-layout":"default","site-content-layout":"","ast-site-content-layout":"default","site-content-style":"default","site-sidebar-style":"default","ast-global-header-display":"","ast-banner-title-visibility":"","ast-main-header-display":"","ast-hfb-above-header-display":"","ast-hfb-below-header-display":"","ast-hfb-mobile-header-display":"","site-post-title":"","ast-breadcrumbs-content":"","ast-featured-img":"","footer-sml-layout":"","ast-disable-related-posts":"","theme-transparent-header-meta":"","adv-header-id-meta":"","stick-header-meta":"","header-above-stick-meta":"","header-main-stick-meta":"","header-below-stick-meta":"","astra-migrate-meta-layouts":"default","ast-page-background-enabled":"default","ast-page-background-meta":{"desktop":{"background-color":"var(--ast-global-color-4)","background-image":"","background-repeat":"repeat","background-position":"center center","background-size":"auto","background-attachment":"scroll","background-type":"","background-media":"","overlay-type":"","overlay-color":"","overlay-opacity":"","overlay-gradient":""},"tablet":{"background-color":"","background-image":"","background-repeat":"repeat","background-position":"center center","background-size":"auto","background-attachment":"scroll","background-type":"","background-media":"","overlay-type":"","overlay-color":"","overlay-opacity":"","overlay-gradient":""},"mobile":{"background-color":"","background-image":"","background-repeat":"repeat","background-position":"center center","background-size":"auto","background-attachment":"scroll","background-type":"","background-media":"","overlay-type":"","overlay-color":"","overlay-opacity":"","overlay-gradient":""}},"ast-content-background-meta":{"desktop":{"background-color":"var(--ast-global-color-5)","background-image":"","background-repeat":"repeat","background-position":"center center","background-size":"auto","background-attachment":"scroll","background-type":"","background-media":"","overlay-type":"","overlay-color":"","overlay-opacity":"","overlay-gradient":""},"tablet":{"background-color":"var(--ast-global-color-5)","background-image":"","background-repeat":"repeat","background-position":"center center","background-size":"auto","background-attachment":"scroll","background-type":"","background-media":"","overlay-type":"","overlay-color":"","overlay-opacity":"","overlay-gradient":""},"mobile":{"background-color":"var(--ast-global-color-5)","background-image":"","background-repeat":"repeat","background-position":"center center","background-size":"auto","background-attachment":"scroll","background-type":"","background-media":"","overlay-type":"","overlay-color":"","overlay-opacity":"","overlay-gradient":""}},"ngg_post_thumbnail":0,"footnotes":""},"categories":[3,1,4,5],"tags":[],"class_list":["post-5449","post","type-post","status-publish","format-standard","hentry","category-aktuelles","category-allgemein","category-ausbildung","category-veranstaltungen"],"uagb_featured_image_src":{"full":false,"thumbnail":false,"medium":false,"medium_large":false,"large":false,"1536x1536":false,"2048x2048":false,"tp-image-grid":false},"uagb_author_info":{"display_name":"Michael Rampl","author_link":"http:\/\/www.ffbs.at\/blog\/author\/rampl\/"},"uagb_comment_info":0,"uagb_excerpt":"Am Samstag, 4. Oktober 2014, wird wieder der \u00f6sterreichweite Zivilschutz-Probealarm vom Bundesministerium f\u00fcr Inneres (BM.I) durchgef\u00fchrt. Der Probealarm soll Sie [&hellip;]","rttpg_featured_image_url":null,"rttpg_author":{"display_name":"Michael Rampl","author_link":"http:\/\/www.ffbs.at\/blog\/author\/rampl\/"},"rttpg_comment":0,"rttpg_category":"<a href=\"http:\/\/www.ffbs.at\/blog\/category\/aktuelles\/\" rel=\"category tag\">Aktuelles<\/a> <a href=\"http:\/\/www.ffbs.at\/blog\/category\/allgemein\/\" rel=\"category tag\">Allgemein<\/a> <a href=\"http:\/\/www.ffbs.at\/blog\/category\/ausbildung\/\" rel=\"category tag\">Ausbildung<\/a> <a href=\"http:\/\/www.ffbs.at\/blog\/category\/veranstaltungen\/\" rel=\"category tag\">Veranstaltungen<\/a>","rttpg_excerpt":"Am Samstag, 4. Oktober 2014, wird wieder der \u00f6sterreichweite Zivilschutz-Probealarm vom Bundesministerium f\u00fcr Inneres (BM.I) durchgef\u00fchrt. Der Probealarm soll Sie [&hellip;]","_links":{"self":[{"href":"http:\/\/www.ffbs.at\/blog\/wp-json\/wp\/v2\/posts\/5449","targetHints":{"allow":["GET"]}}],"collection":[{"href":"http:\/\/www.ffbs.at\/blog\/wp-json\/wp\/v2\/posts"}],"about":[{"href":"http:\/\/www.ffbs.at\/blog\/wp-json\/wp\/v2\/types\/post"}],"author":[{"embeddable":true,"href":"http:\/\/www.ffbs.at\/blog\/wp-json\/wp\/v2\/users\/2"}],"replies":[{"embeddable":true,"href":"http:\/\/www.ffbs.at\/blog\/wp-json\/wp\/v2\/comments?post=5449"}],"version-history":[{"count":3,"href":"http:\/\/www.ffbs.at\/blog\/wp-json\/wp\/v2\/posts\/5449\/revisions"}],"predecessor-version":[{"id":5454,"href":"http:\/\/www.ffbs.at\/blog\/wp-json\/wp\/v2\/posts\/5449\/revisions\/5454"}],"wp:attachment":[{"href":"http:\/\/www.ffbs.at\/blog\/wp-json\/wp\/v2\/media?parent=5449"}],"wp:term":[{"taxonomy":"category","embeddable":true,"href":"http:\/\/www.ffbs.at\/blog\/wp-json\/wp\/v2\/categories?post=5449"},{"taxonomy":"post_tag","embeddable":true,"href":"http:\/\/www.ffbs.at\/blog\/wp-json\/wp\/v2\/tags?post=5449"}],"curies":[{"name":"wp","href":"https:\/\/api.w.org\/{rel}","templated":true}]}}