{"id":5379,"date":"2014-09-28T17:40:04","date_gmt":"2014-09-28T16:40:04","guid":{"rendered":"http:\/\/www.ffbs.at\/blog\/?p=5379"},"modified":"2014-09-28T17:41:04","modified_gmt":"2014-09-28T16:41:04","slug":"kater-schnurro-aus-luftiger-hoehe-gerettet","status":"publish","type":"post","link":"http:\/\/www.ffbs.at\/blog\/kater-schnurro-aus-luftiger-hoehe-gerettet\/5379\/","title":{"rendered":"Kater &#8222;Schnurro&#8220; aus luftiger H\u00f6he gerettet"},"content":{"rendered":"ngg_shortcode_0_placeholder\n<p>In den Abendstunden des 27. September 2014 mussten neuerlich Mitglieder der Freiwilligen Feuerwehr Baden-Stadt zu einer Tierrettung ausr\u00fccken. Wieder einmal galt es einen entlaufenen Stubentieger aus luftiger H\u00f6he zu Retten.<\/p>\n<p>Der 17-j\u00e4hrige Kater \u201eSchnurro\u201c spazierte anscheinend gen\u00fcsslich am Dach im Innenhof eines Wohnhauses mitten im Stadtzentrum und lie\u00df seine Besitzer verzweifeln. Denn er dachte nicht daran, auch nach mehrmaligen Lockversuchen, dieses wieder zu verlassen.<\/p>\n<p>So baten die Besitzer des abendlichen Ausrei\u00dfers die Feuerwehr um Hilfe. Nach Erkundung des Feuerwehr-Einsatzleiters entschied dieser, mittels zweier Leitern, die Rettung \u00fcber ein Flachdach vorzunehmen. Aufmerksam und neugierig verfolgte dann Kater \u201eSchnurro\u201c das Vorgehen der Feuerwehrleute. Als es dann doch ernst f\u00fcr ihn wurde, war er von der geplanten Rettungsaktion nicht sehr begeistert und versuchte nochmals vor seinen \u201eRettern\u201c zu fliehen. Schlussendlich lie\u00df er aber dann doch von seinem Vorhaben abund\u00a0 konnte von den Florianis wieder am Boden zur\u00fcckgebracht und seinen Besitzern, einem \u00e4lteren Ehepaar, unversehrt \u00fcbergeben werden.<\/p>\n<p>Beim Versorgen der Ger\u00e4tschaften munkelte noch einer der Florianis zu seinem Kollegen: Es hat sich vermutlich auch schon in der Badener Tierwelt herumgesprochen, dass es anscheinend Cool ist auszub\u00fcxen und sich dann von Feuerwehrleuten retten zu lassen. Innerhalb weniger Wochen musste die FF Baden-Stadt 3 Mal zu einer Katzen-Tierrettung ausr\u00fccken und es wird mit Sicherheit nicht die letzte gewesen sein.<\/p>\n<p>Fotos: Sebastian Habres u. Stefan Schneider FFBS<br \/>\nngg_shortcode_1_placeholder<\/p>\n","protected":false},"excerpt":{"rendered":"<p>In den Abendstunden des 27. September 2014 mussten neuerlich Mitglieder der Freiwilligen Feuerwehr Baden-Stadt zu einer Tierrettung ausr\u00fccken. Wieder einmal [&hellip;]<\/p>\n","protected":false},"author":2,"featured_media":0,"comment_status":"open","ping_status":"closed","sticky":false,"template":"","format":"standard","meta":{"_uag_custom_page_level_css":"","site-sidebar-layout":"default","site-content-layout":"","ast-site-content-layout":"default","site-content-style":"default","site-sidebar-style":"default","ast-global-header-display":"","ast-banner-title-visibility":"","ast-main-header-display":"","ast-hfb-above-header-display":"","ast-hfb-below-header-display":"","ast-hfb-mobile-header-display":"","site-post-title":"","ast-breadcrumbs-content":"","ast-featured-img":"","footer-sml-layout":"","ast-disable-related-posts":"","theme-transparent-header-meta":"","adv-header-id-meta":"","stick-header-meta":"","header-above-stick-meta":"","header-main-stick-meta":"","header-below-stick-meta":"","astra-migrate-meta-layouts":"default","ast-page-background-enabled":"default","ast-page-background-meta":{"desktop":{"background-color":"var(--ast-global-color-4)","background-image":"","background-repeat":"repeat","background-position":"center center","background-size":"auto","background-attachment":"scroll","background-type":"","background-media":"","overlay-type":"","overlay-color":"","overlay-opacity":"","overlay-gradient":""},"tablet":{"background-color":"","background-image":"","background-repeat":"repeat","background-position":"center center","background-size":"auto","background-attachment":"scroll","background-type":"","background-media":"","overlay-type":"","overlay-color":"","overlay-opacity":"","overlay-gradient":""},"mobile":{"background-color":"","background-image":"","background-repeat":"repeat","background-position":"center center","background-size":"auto","background-attachment":"scroll","background-type":"","background-media":"","overlay-type":"","overlay-color":"","overlay-opacity":"","overlay-gradient":""}},"ast-content-background-meta":{"desktop":{"background-color":"var(--ast-global-color-5)","background-image":"","background-repeat":"repeat","background-position":"center center","background-size":"auto","background-attachment":"scroll","background-type":"","background-media":"","overlay-type":"","overlay-color":"","overlay-opacity":"","overlay-gradient":""},"tablet":{"background-color":"var(--ast-global-color-5)","background-image":"","background-repeat":"repeat","background-position":"center center","background-size":"auto","background-attachment":"scroll","background-type":"","background-media":"","overlay-type":"","overlay-color":"","overlay-opacity":"","overlay-gradient":""},"mobile":{"background-color":"var(--ast-global-color-5)","background-image":"","background-repeat":"repeat","background-position":"center center","background-size":"auto","background-attachment":"scroll","background-type":"","background-media":"","overlay-type":"","overlay-color":"","overlay-opacity":"","overlay-gradient":""}},"ngg_post_thumbnail":0,"footnotes":""},"categories":[3,1],"tags":[],"class_list":["post-5379","post","type-post","status-publish","format-standard","hentry","category-aktuelles","category-allgemein"],"uagb_featured_image_src":{"full":false,"thumbnail":false,"medium":false,"medium_large":false,"large":false,"1536x1536":false,"2048x2048":false,"tp-image-grid":false},"uagb_author_info":{"display_name":"Michael Rampl","author_link":"http:\/\/www.ffbs.at\/blog\/author\/rampl\/"},"uagb_comment_info":0,"uagb_excerpt":"In den Abendstunden des 27. September 2014 mussten neuerlich Mitglieder der Freiwilligen Feuerwehr Baden-Stadt zu einer Tierrettung ausr\u00fccken. Wieder einmal [&hellip;]","rttpg_featured_image_url":null,"rttpg_author":{"display_name":"Michael Rampl","author_link":"http:\/\/www.ffbs.at\/blog\/author\/rampl\/"},"rttpg_comment":0,"rttpg_category":"<a href=\"http:\/\/www.ffbs.at\/blog\/category\/aktuelles\/\" rel=\"category tag\">Aktuelles<\/a> <a href=\"http:\/\/www.ffbs.at\/blog\/category\/allgemein\/\" rel=\"category tag\">Allgemein<\/a>","rttpg_excerpt":"In den Abendstunden des 27. September 2014 mussten neuerlich Mitglieder der Freiwilligen Feuerwehr Baden-Stadt zu einer Tierrettung ausr\u00fccken. Wieder einmal [&hellip;]","_links":{"self":[{"href":"http:\/\/www.ffbs.at\/blog\/wp-json\/wp\/v2\/posts\/5379","targetHints":{"allow":["GET"]}}],"collection":[{"href":"http:\/\/www.ffbs.at\/blog\/wp-json\/wp\/v2\/posts"}],"about":[{"href":"http:\/\/www.ffbs.at\/blog\/wp-json\/wp\/v2\/types\/post"}],"author":[{"embeddable":true,"href":"http:\/\/www.ffbs.at\/blog\/wp-json\/wp\/v2\/users\/2"}],"replies":[{"embeddable":true,"href":"http:\/\/www.ffbs.at\/blog\/wp-json\/wp\/v2\/comments?post=5379"}],"version-history":[{"count":2,"href":"http:\/\/www.ffbs.at\/blog\/wp-json\/wp\/v2\/posts\/5379\/revisions"}],"predecessor-version":[{"id":5381,"href":"http:\/\/www.ffbs.at\/blog\/wp-json\/wp\/v2\/posts\/5379\/revisions\/5381"}],"wp:attachment":[{"href":"http:\/\/www.ffbs.at\/blog\/wp-json\/wp\/v2\/media?parent=5379"}],"wp:term":[{"taxonomy":"category","embeddable":true,"href":"http:\/\/www.ffbs.at\/blog\/wp-json\/wp\/v2\/categories?post=5379"},{"taxonomy":"post_tag","embeddable":true,"href":"http:\/\/www.ffbs.at\/blog\/wp-json\/wp\/v2\/tags?post=5379"}],"curies":[{"name":"wp","href":"https:\/\/api.w.org\/{rel}","templated":true}]}}