{"id":536,"date":"2013-08-09T08:34:02","date_gmt":"2013-08-09T06:34:02","guid":{"rendered":"http:\/\/www.ffbs.at\/blog\/?p=536"},"modified":"2013-08-11T19:39:11","modified_gmt":"2013-08-11T17:39:11","slug":"waldbrand-im-bezirk-wr-neustadt","status":"publish","type":"post","link":"http:\/\/www.ffbs.at\/blog\/waldbrand-im-bezirk-wr-neustadt\/536\/","title":{"rendered":"Waldbrand im Bezirk Wr. Neustadt"},"content":{"rendered":"<p>ngg_shortcode_0_placeholderSeit dem sp\u00e4ten Nachmittag des Donnerstag 08.08.2013 stehen auch verschiedene Feuerwehren aus dem Bezirk Baden mit Tankl\u00f6schfahrzeugen beim Waldbrand in Wr. Neustadt im Einsatz um die \u00f6rtlichen Einsatzkr\u00e4fte bei den L\u00f6scharbeiten zu unterst\u00fctzen.<\/p>\n<p>Auch die FFBS ist mit einer Tankl\u00f6schfahrzeugbesatzung (<a title=\"Tank 3 \u2013 TLFA 4000\" href=\"http:\/\/www.ffbs.at\/blog\/?page_id=275\">TLFA 4000 \/ Tank 3<\/a>) im Einsatz. Die Mannschaft wurde heute Morgen durch weitere Kr\u00e4fte der FFBS abgl\u00f6st und wird vorraussichtlich bis in die Abendstunden im Einsatz stehen.<\/p>\n<p><span style=\"text-decoration: underline;\">Weiterf\u00fchrende Information:<\/span><br \/>\n<a title=\"Waldbrand: Wind k\u00f6nnte Problem werden\" href=\"http:\/\/noe.orf.at\/news\/stories\/2597280\/\" target=\"_blank\">noe.orf.at<\/a><br \/>\n<a title=\"Waldbrand im Bezirk Wr. Neustadt\" href=\"https:\/\/www.facebook.com\/media\/set\/?set=a.424649107643412.1073741855.348596621915328&amp;type=1\" target=\"_blank\">noe122.at [fb]<\/a><br \/>\n<a title=\"Bezirksfeuerwehrkommando Wr. Neustadt\" href=\"http:\/\/http:\/\/www.bfkdo-wiener-neustadt.at\/content\/category\/4\/5\/79\/\" target=\"_blank\">BFKDO Wr. Neustadt<\/a><br \/>\n<a title=\"Immer noch Kampf gegen Waldbrand\" href=\"http:\/\/www.noen.at\/lokales\/noe-uebersicht\/wiener-neustadt\/aktuell\/Immer-noch-Kampf-gegen-Waldbrand;art2575,477461\" target=\"_blank\">noen.at<\/a><\/p>\n<p>ngg_shortcode_1_placeholder <a href=\"http:\/\/www.wntv.at\/hd\/?module=player&amp;id=8787\" target=\"_blank\">Videobericht von WN-TV<\/a><\/p>\nngg_shortcode_2_placeholder\n","protected":false},"excerpt":{"rendered":"<p>Seit dem sp\u00e4ten Nachmittag des Donnerstag 08.08.2013 stehen auch verschiedene Feuerwehren aus dem Bezirk Baden mit Tankl\u00f6schfahrzeugen beim Waldbrand in [&hellip;]<\/p>\n","protected":false},"author":2,"featured_media":0,"comment_status":"open","ping_status":"closed","sticky":false,"template":"","format":"standard","meta":{"_uag_custom_page_level_css":"","site-sidebar-layout":"default","site-content-layout":"","ast-site-content-layout":"default","site-content-style":"default","site-sidebar-style":"default","ast-global-header-display":"","ast-banner-title-visibility":"","ast-main-header-display":"","ast-hfb-above-header-display":"","ast-hfb-below-header-display":"","ast-hfb-mobile-header-display":"","site-post-title":"","ast-breadcrumbs-content":"","ast-featured-img":"","footer-sml-layout":"","ast-disable-related-posts":"","theme-transparent-header-meta":"","adv-header-id-meta":"","stick-header-meta":"","header-above-stick-meta":"","header-main-stick-meta":"","header-below-stick-meta":"","astra-migrate-meta-layouts":"default","ast-page-background-enabled":"default","ast-page-background-meta":{"desktop":{"background-color":"var(--ast-global-color-4)","background-image":"","background-repeat":"repeat","background-position":"center center","background-size":"auto","background-attachment":"scroll","background-type":"","background-media":"","overlay-type":"","overlay-color":"","overlay-opacity":"","overlay-gradient":""},"tablet":{"background-color":"","background-image":"","background-repeat":"repeat","background-position":"center center","background-size":"auto","background-attachment":"scroll","background-type":"","background-media":"","overlay-type":"","overlay-color":"","overlay-opacity":"","overlay-gradient":""},"mobile":{"background-color":"","background-image":"","background-repeat":"repeat","background-position":"center center","background-size":"auto","background-attachment":"scroll","background-type":"","background-media":"","overlay-type":"","overlay-color":"","overlay-opacity":"","overlay-gradient":""}},"ast-content-background-meta":{"desktop":{"background-color":"var(--ast-global-color-5)","background-image":"","background-repeat":"repeat","background-position":"center center","background-size":"auto","background-attachment":"scroll","background-type":"","background-media":"","overlay-type":"","overlay-color":"","overlay-opacity":"","overlay-gradient":""},"tablet":{"background-color":"var(--ast-global-color-5)","background-image":"","background-repeat":"repeat","background-position":"center center","background-size":"auto","background-attachment":"scroll","background-type":"","background-media":"","overlay-type":"","overlay-color":"","overlay-opacity":"","overlay-gradient":""},"mobile":{"background-color":"var(--ast-global-color-5)","background-image":"","background-repeat":"repeat","background-position":"center center","background-size":"auto","background-attachment":"scroll","background-type":"","background-media":"","overlay-type":"","overlay-color":"","overlay-opacity":"","overlay-gradient":""}},"ngg_post_thumbnail":0,"footnotes":""},"categories":[1],"tags":[51,266,58,108,109,107],"class_list":["post-536","post","type-post","status-publish","format-standard","hentry","category-allgemein","tag-brand","tag-brandeinsatz","tag-tankloschfahrzeug","tag-tlfa-4000","tag-unterstutzung","tag-waldbrand"],"uagb_featured_image_src":{"full":false,"thumbnail":false,"medium":false,"medium_large":false,"large":false,"1536x1536":false,"2048x2048":false,"tp-image-grid":false},"uagb_author_info":{"display_name":"Michael Rampl","author_link":"http:\/\/www.ffbs.at\/blog\/author\/rampl\/"},"uagb_comment_info":0,"uagb_excerpt":"Seit dem sp\u00e4ten Nachmittag des Donnerstag 08.08.2013 stehen auch verschiedene Feuerwehren aus dem Bezirk Baden mit Tankl\u00f6schfahrzeugen beim Waldbrand in [&hellip;]","rttpg_featured_image_url":null,"rttpg_author":{"display_name":"Michael Rampl","author_link":"http:\/\/www.ffbs.at\/blog\/author\/rampl\/"},"rttpg_comment":0,"rttpg_category":"<a href=\"http:\/\/www.ffbs.at\/blog\/category\/allgemein\/\" rel=\"category tag\">Allgemein<\/a>","rttpg_excerpt":"Seit dem sp\u00e4ten Nachmittag des Donnerstag 08.08.2013 stehen auch verschiedene Feuerwehren aus dem Bezirk Baden mit Tankl\u00f6schfahrzeugen beim Waldbrand in [&hellip;]","_links":{"self":[{"href":"http:\/\/www.ffbs.at\/blog\/wp-json\/wp\/v2\/posts\/536","targetHints":{"allow":["GET"]}}],"collection":[{"href":"http:\/\/www.ffbs.at\/blog\/wp-json\/wp\/v2\/posts"}],"about":[{"href":"http:\/\/www.ffbs.at\/blog\/wp-json\/wp\/v2\/types\/post"}],"author":[{"embeddable":true,"href":"http:\/\/www.ffbs.at\/blog\/wp-json\/wp\/v2\/users\/2"}],"replies":[{"embeddable":true,"href":"http:\/\/www.ffbs.at\/blog\/wp-json\/wp\/v2\/comments?post=536"}],"version-history":[{"count":10,"href":"http:\/\/www.ffbs.at\/blog\/wp-json\/wp\/v2\/posts\/536\/revisions"}],"predecessor-version":[{"id":538,"href":"http:\/\/www.ffbs.at\/blog\/wp-json\/wp\/v2\/posts\/536\/revisions\/538"}],"wp:attachment":[{"href":"http:\/\/www.ffbs.at\/blog\/wp-json\/wp\/v2\/media?parent=536"}],"wp:term":[{"taxonomy":"category","embeddable":true,"href":"http:\/\/www.ffbs.at\/blog\/wp-json\/wp\/v2\/categories?post=536"},{"taxonomy":"post_tag","embeddable":true,"href":"http:\/\/www.ffbs.at\/blog\/wp-json\/wp\/v2\/tags?post=536"}],"curies":[{"name":"wp","href":"https:\/\/api.w.org\/{rel}","templated":true}]}}