{"id":516,"date":"2013-06-11T06:10:03","date_gmt":"2013-06-11T04:10:03","guid":{"rendered":"http:\/\/www.ffbs.at\/blog\/?p=516"},"modified":"2013-06-11T06:10:03","modified_gmt":"2013-06-11T04:10:03","slug":"khd-einsatz-im-hochwassergebiet","status":"publish","type":"post","link":"http:\/\/www.ffbs.at\/blog\/khd-einsatz-im-hochwassergebiet\/516\/","title":{"rendered":"KHD Einsatz im Hochwassergebiet"},"content":{"rendered":"<p>ngg_shortcode_0_placeholderAm 07. Juni 2013, um 06:00 Uhr trafen sich die alarmierten Feuerwehren aus dem Bezirk Baden (Baden-Stadt, Baden-Weikersdorf, Berndorf, Enzesfeld, G\u00fcnselsdorf, Gro\u00dfau, Mitterndorf, Oberwaltersdorf, Trumau) und setzten sich als Katastrophenhilfsdienst-Zug der 2.KHD-Bereitschaft Baden um 07:20 Uhr Richtung Thei\u00df bei Krems an der Donau in Bewegung.<\/p>\n<p>Ein Vorauskommando (VRF Paffst\u00e4tten mit Bereitschafts-KDT und Stabsmitarbeitern) war bereits um 06:00 direkt nach Theis aufgebrochen, um den Einsatz des Zuges mit den lokalen Kr\u00e4ften planen zu k\u00f6nnen.<\/p>\n<p>Nach dem Eintreffen des Zuges mit 12 Fahrzeugen und 70 Mann wurde in der 1. Lagebesprechung klar, dass sich die Situation \u00fcber Nacht erheblich verbessert hatte.<br \/>\nWar gegen Mitternacht noch die Wasserlinie, 50cm unter der Dammkrone, sehr bedrohlich, so war gegen 08:00 der Wasserpegel bereits gesunken. Jedoch sickerte immer noch Wasser durch die Dammschichten und sorgte so daf\u00fcr, das der Grundwasserspiegel und Wasserstand in den \u00fcberfluteten Gebieten nicht zur\u00fcck ging.<\/p>\n<p>Im Anschluss der Besprechung wurden die bisher eingesetzten Mannschaften um ca. 08:30 abgel\u00f6st und an verschiedenen Positionen im Raum Thei\u00df Stellung bezogen:<\/p>\n<p>1. Dammbereich I: Kraftwerk Thei\u00df bis Saugbecken (ca. 300m L\u00e4nge): Dammwache<br \/>\n2. Dammbereich II: Saugbecken bis Fu\u00dfg\u00e4ngerbr\u00fccke (ca. 300m L\u00e4nge): Dammwache<br \/>\n3. Dammbereich III: Fu\u00dfg\u00e4ngerbr\u00fccke bis Hochstand (ca. 300m L\u00e4nge): Dammwache<br \/>\n4. Dammbereich IV: Hochstand bis n\u00e4chste Fu\u00dfg\u00e4ngerbr\u00fccke (ca. 300m L\u00e4nge): Dammwache<br \/>\n5. Saugbecken: Bedienen der 4 Stk. SPA200 Pumpen (3350l\/min) + 10 Stk. Tauchpumpen (1200l\/min) zum<br \/>\nEntw\u00e4ssern der Felder und des angrenzenden Siedlungsgebietes. (Summe: 25.400 l\/min = 1.500.000 l\/h =<br \/>\n1.500m\u00b3\/h)<br \/>\n6. Waidackergasse: Kontrolle des Sandsackdammes, Auspumparbeiten der \u00fcberfluteten Stra\u00dfe (2 Stk.<br \/>\nTauchpumpen 1200l\/min, 800l\/min)<br \/>\n7. Neubruchweg: Kontrolle des Sandsackdammes, Auspumparbeiten der \u00fcberfluteten Stra\u00dfe (1 Stk. Tauchpumpe<br \/>\n1200 l\/min)<br \/>\n8. St\u00fcndliche Messung des Grundwasserspiegels bei L\u00f6schwasserbrunnen.<br \/>\n9. Reinigen des mobilen Hochwasserschutzes in Wei\u00dfenkirchen<br \/>\n10. Kontrolle der S5 (teilweise gesperrt, da auch hier ein Hochwasserschutz mit Betonleitw\u00e4nden, Big Packs und<br \/>\nSands\u00e4cken errichtet wurde.<\/p>\n<p>Da sich die Lage im Laufe des Tages weiter entspannt hat, konnten einige Einsatzkr\u00e4fte vorzeitig den Einsatz beenden und nach Hause geschickt werden.<\/p>\n<p>Bis in die fr\u00fchen Abendstunden konnte im Bereich \u201eSaugbecken&#8220; der Wasserstand soweit gesenkt werden, dass die zuvor \u00fcberflutete Stra\u00dfe (ca. 50cm) bei der Waidackergasse, Neubruchweg trocken gepumpt wurde.<br \/>\nGegen Mitternacht, war das Oberfl\u00e4chenwasser soweit abgepumpt, dass der verbliebenen Kr\u00e4fte des Zuges ebenfalls abr\u00fccken konnten.<\/p>\n<p>Kurzstatistik:<br \/>\n10 Feuerwehren<br \/>\n13 Fahrzeuge<br \/>\n74 Einsatzkr\u00e4fte<br \/>\n35 Pumpen mit einer Leistung von 36.500 l\/min<br \/>\n13 Stromaggregate mit einer Leistung von ca. 185 kVA<\/p>\n<p>Im Bereich des Saugbeckens wurde durch die eingesetzten Pumpen \u00fcber 24.500m\u00b3 (\u00fcber 24 Millionen Liter)von den Betroffenen Siedlungsgebieten abgepumpt.<\/p>\n<p>Ein gro\u00dfes Dankesch\u00f6n geb\u00fchrt auch den unz\u00e4hligen Helfern, die uns mit Speis und Trank versorgt haben.<\/p>\n<p>Bericht: nach Vorlage <a href=\"http:\/\/www.bfkdo-baden.com\" target=\"_blank\">bfkdo.baden.com<\/a><br \/>\nFotos: \u00a9 Nositzka, FF Baden-Stadt<\/p>\nngg_shortcode_1_placeholder\n","protected":false},"excerpt":{"rendered":"<p>Am 07. Juni 2013, um 06:00 Uhr trafen sich die alarmierten Feuerwehren aus dem Bezirk Baden (Baden-Stadt, Baden-Weikersdorf, Berndorf, Enzesfeld, [&hellip;]<\/p>\n","protected":false},"author":2,"featured_media":0,"comment_status":"open","ping_status":"closed","sticky":false,"template":"","format":"standard","meta":{"_uag_custom_page_level_css":"","site-sidebar-layout":"default","site-content-layout":"","ast-site-content-layout":"default","site-content-style":"default","site-sidebar-style":"default","ast-global-header-display":"","ast-banner-title-visibility":"","ast-main-header-display":"","ast-hfb-above-header-display":"","ast-hfb-below-header-display":"","ast-hfb-mobile-header-display":"","site-post-title":"","ast-breadcrumbs-content":"","ast-featured-img":"","footer-sml-layout":"","ast-disable-related-posts":"","theme-transparent-header-meta":"","adv-header-id-meta":"","stick-header-meta":"","header-above-stick-meta":"","header-main-stick-meta":"","header-below-stick-meta":"","astra-migrate-meta-layouts":"default","ast-page-background-enabled":"default","ast-page-background-meta":{"desktop":{"background-color":"var(--ast-global-color-4)","background-image":"","background-repeat":"repeat","background-position":"center center","background-size":"auto","background-attachment":"scroll","background-type":"","background-media":"","overlay-type":"","overlay-color":"","overlay-opacity":"","overlay-gradient":""},"tablet":{"background-color":"","background-image":"","background-repeat":"repeat","background-position":"center center","background-size":"auto","background-attachment":"scroll","background-type":"","background-media":"","overlay-type":"","overlay-color":"","overlay-opacity":"","overlay-gradient":""},"mobile":{"background-color":"","background-image":"","background-repeat":"repeat","background-position":"center center","background-size":"auto","background-attachment":"scroll","background-type":"","background-media":"","overlay-type":"","overlay-color":"","overlay-opacity":"","overlay-gradient":""}},"ast-content-background-meta":{"desktop":{"background-color":"var(--ast-global-color-5)","background-image":"","background-repeat":"repeat","background-position":"center center","background-size":"auto","background-attachment":"scroll","background-type":"","background-media":"","overlay-type":"","overlay-color":"","overlay-opacity":"","overlay-gradient":""},"tablet":{"background-color":"var(--ast-global-color-5)","background-image":"","background-repeat":"repeat","background-position":"center center","background-size":"auto","background-attachment":"scroll","background-type":"","background-media":"","overlay-type":"","overlay-color":"","overlay-opacity":"","overlay-gradient":""},"mobile":{"background-color":"var(--ast-global-color-5)","background-image":"","background-repeat":"repeat","background-position":"center center","background-size":"auto","background-attachment":"scroll","background-type":"","background-media":"","overlay-type":"","overlay-color":"","overlay-opacity":"","overlay-gradient":""}},"ngg_post_thumbnail":0,"footnotes":""},"categories":[3,1],"tags":[95,100,96,97,93,94,99,101,98],"class_list":["post-516","post","type-post","status-publish","format-standard","hentry","category-aktuelles","category-allgemein","tag-fub","tag-hochwasser","tag-katastrophe","tag-katastrophenhilfsdienst","tag-khd","tag-khd-zug","tag-krems","tag-pumpen","tag-theis"],"uagb_featured_image_src":{"full":false,"thumbnail":false,"medium":false,"medium_large":false,"large":false,"1536x1536":false,"2048x2048":false,"tp-image-grid":false},"uagb_author_info":{"display_name":"Michael Rampl","author_link":"http:\/\/www.ffbs.at\/blog\/author\/rampl\/"},"uagb_comment_info":0,"uagb_excerpt":"Am 07. Juni 2013, um 06:00 Uhr trafen sich die alarmierten Feuerwehren aus dem Bezirk Baden (Baden-Stadt, Baden-Weikersdorf, Berndorf, Enzesfeld, [&hellip;]","rttpg_featured_image_url":null,"rttpg_author":{"display_name":"Michael Rampl","author_link":"http:\/\/www.ffbs.at\/blog\/author\/rampl\/"},"rttpg_comment":0,"rttpg_category":"<a href=\"http:\/\/www.ffbs.at\/blog\/category\/aktuelles\/\" rel=\"category tag\">Aktuelles<\/a> <a href=\"http:\/\/www.ffbs.at\/blog\/category\/allgemein\/\" rel=\"category tag\">Allgemein<\/a>","rttpg_excerpt":"Am 07. Juni 2013, um 06:00 Uhr trafen sich die alarmierten Feuerwehren aus dem Bezirk Baden (Baden-Stadt, Baden-Weikersdorf, Berndorf, Enzesfeld, [&hellip;]","_links":{"self":[{"href":"http:\/\/www.ffbs.at\/blog\/wp-json\/wp\/v2\/posts\/516","targetHints":{"allow":["GET"]}}],"collection":[{"href":"http:\/\/www.ffbs.at\/blog\/wp-json\/wp\/v2\/posts"}],"about":[{"href":"http:\/\/www.ffbs.at\/blog\/wp-json\/wp\/v2\/types\/post"}],"author":[{"embeddable":true,"href":"http:\/\/www.ffbs.at\/blog\/wp-json\/wp\/v2\/users\/2"}],"replies":[{"embeddable":true,"href":"http:\/\/www.ffbs.at\/blog\/wp-json\/wp\/v2\/comments?post=516"}],"version-history":[{"count":2,"href":"http:\/\/www.ffbs.at\/blog\/wp-json\/wp\/v2\/posts\/516\/revisions"}],"predecessor-version":[{"id":518,"href":"http:\/\/www.ffbs.at\/blog\/wp-json\/wp\/v2\/posts\/516\/revisions\/518"}],"wp:attachment":[{"href":"http:\/\/www.ffbs.at\/blog\/wp-json\/wp\/v2\/media?parent=516"}],"wp:term":[{"taxonomy":"category","embeddable":true,"href":"http:\/\/www.ffbs.at\/blog\/wp-json\/wp\/v2\/categories?post=516"},{"taxonomy":"post_tag","embeddable":true,"href":"http:\/\/www.ffbs.at\/blog\/wp-json\/wp\/v2\/tags?post=516"}],"curies":[{"name":"wp","href":"https:\/\/api.w.org\/{rel}","templated":true}]}}