{"id":40008,"date":"2021-11-30T23:59:00","date_gmt":"2021-11-30T22:59:00","guid":{"rendered":"http:\/\/www.ffbs.at\/blog\/?p=40008"},"modified":"2021-12-07T09:58:38","modified_gmt":"2021-12-07T08:58:38","slug":"weihnachtsbaum-vom-sturm-erfasst","status":"publish","type":"post","link":"http:\/\/www.ffbs.at\/blog\/weihnachtsbaum-vom-sturm-erfasst\/40008\/","title":{"rendered":"Weihnachtsbaum vom Sturm erfasst"},"content":{"rendered":"\n<p><strong>Mit Windspitzen bis \u00fcber 100 km\/h ist am Dienstag dem 30. November 2021 ein Sturm auch \u00fcber Teile vom Bezirk Baden gefegt. So auch in der Stadt Baden, wo alle vier Feuerwehren zu einigen Sturmeins\u00e4tzen ausr\u00fccken mussten. Gr\u00f6\u00dfere Sch\u00e4den gab es dabei zum Gl\u00fcck nicht.<\/strong><\/p>\n\n\n\n<p>Nachdem wir tags\u00fcber mit der Drehleiter bei einem Sicherungseinsatz im Ortsteil Leesdorf die \u00f6rtlich zust\u00e4ndige Feuerwehr unterst\u00fctzten, wurden wir gegen ca. 20:20 Uhr von der Stadtpolizei im eigenen Rayon angefordert.<\/p>\n\n\n\n<p>Der am Josefsplatz im Kreisverkehr \u00fcber 7m hohe aufgestellte Weihnachtsbaum wurde von den Sturmb\u00f6en erfasst und aus der Verankerung gehoben, wobei er in Schr\u00e4glage geriet. Es bestand die Gefahr, dass der Baum auf die Fahrbahn st\u00fcrzt und somit Fahrzeuglenker oder auch Fu\u00dfg\u00e4nger gef\u00e4hrdete. Bevor der Weihnachtsbaum mit dem Ladekran vom Wechselladefahrzeug geborgen werden konnte wurde \u00fcber die Drehleiter zwei Rundschlingen am Baum befestigt und durch einen Mitarbeiter der st\u00e4dtischen Beleuchtung die Lichterkette abgeklemmt. Anschlie\u00dfend konnte der unbesch\u00e4digte Weihnachtsbaum mit dem Wechselladefahrzeug auf den Platz bei den Punschh\u00fctten neben dem Arnulf-Rainer-Museum verbracht werden, wo er gesichert abgelegt wurde.<\/p>\n\n\n\n<p>Die Freiwillige Feuerwehr Baden-Stadt stand ca. 1,5 Stunden lang\nim Einsatz.<\/p>\n\n\n\n<p class=\"has-small-font-size\">Fotos: Freiwillige Feuerwehr Baden-Stadt \/ FM Alexandra Stosch \/ FM Luca Zoppoth<br>Beitrag erstellt von EOBI Stefan Schneider#<\/p>\n\n\n\nngg_shortcode_0_placeholder\n","protected":false},"excerpt":{"rendered":"<p>Mit Windspitzen bis \u00fcber 100 km\/h ist am Dienstag dem 30. November 2021 ein Sturm auch \u00fcber Teile vom Bezirk [&hellip;]<\/p>\n","protected":false},"author":7,"featured_media":0,"comment_status":"open","ping_status":"closed","sticky":false,"template":"","format":"standard","meta":{"_uag_custom_page_level_css":"","site-sidebar-layout":"default","site-content-layout":"","ast-site-content-layout":"default","site-content-style":"default","site-sidebar-style":"default","ast-global-header-display":"","ast-banner-title-visibility":"","ast-main-header-display":"","ast-hfb-above-header-display":"","ast-hfb-below-header-display":"","ast-hfb-mobile-header-display":"","site-post-title":"","ast-breadcrumbs-content":"","ast-featured-img":"","footer-sml-layout":"","ast-disable-related-posts":"","theme-transparent-header-meta":"","adv-header-id-meta":"","stick-header-meta":"","header-above-stick-meta":"","header-main-stick-meta":"","header-below-stick-meta":"","astra-migrate-meta-layouts":"default","ast-page-background-enabled":"default","ast-page-background-meta":{"desktop":{"background-color":"var(--ast-global-color-4)","background-image":"","background-repeat":"repeat","background-position":"center center","background-size":"auto","background-attachment":"scroll","background-type":"","background-media":"","overlay-type":"","overlay-color":"","overlay-opacity":"","overlay-gradient":""},"tablet":{"background-color":"","background-image":"","background-repeat":"repeat","background-position":"center center","background-size":"auto","background-attachment":"scroll","background-type":"","background-media":"","overlay-type":"","overlay-color":"","overlay-opacity":"","overlay-gradient":""},"mobile":{"background-color":"","background-image":"","background-repeat":"repeat","background-position":"center center","background-size":"auto","background-attachment":"scroll","background-type":"","background-media":"","overlay-type":"","overlay-color":"","overlay-opacity":"","overlay-gradient":""}},"ast-content-background-meta":{"desktop":{"background-color":"var(--ast-global-color-5)","background-image":"","background-repeat":"repeat","background-position":"center center","background-size":"auto","background-attachment":"scroll","background-type":"","background-media":"","overlay-type":"","overlay-color":"","overlay-opacity":"","overlay-gradient":""},"tablet":{"background-color":"var(--ast-global-color-5)","background-image":"","background-repeat":"repeat","background-position":"center center","background-size":"auto","background-attachment":"scroll","background-type":"","background-media":"","overlay-type":"","overlay-color":"","overlay-opacity":"","overlay-gradient":""},"mobile":{"background-color":"var(--ast-global-color-5)","background-image":"","background-repeat":"repeat","background-position":"center center","background-size":"auto","background-attachment":"scroll","background-type":"","background-media":"","overlay-type":"","overlay-color":"","overlay-opacity":"","overlay-gradient":""}},"ngg_post_thumbnail":0,"footnotes":""},"categories":[3,1,274],"tags":[],"class_list":["post-40008","post","type-post","status-publish","format-standard","hentry","category-aktuelles","category-allgemein","category-einsatzuebersicht"],"uagb_featured_image_src":{"full":false,"thumbnail":false,"medium":false,"medium_large":false,"large":false,"1536x1536":false,"2048x2048":false,"tp-image-grid":false},"uagb_author_info":{"display_name":"Stefan Schneider","author_link":"http:\/\/www.ffbs.at\/blog\/author\/stefan\/"},"uagb_comment_info":0,"uagb_excerpt":"Mit Windspitzen bis \u00fcber 100 km\/h ist am Dienstag dem 30. November 2021 ein Sturm auch \u00fcber Teile vom Bezirk [&hellip;]","rttpg_featured_image_url":null,"rttpg_author":{"display_name":"Stefan Schneider","author_link":"http:\/\/www.ffbs.at\/blog\/author\/stefan\/"},"rttpg_comment":0,"rttpg_category":"<a href=\"http:\/\/www.ffbs.at\/blog\/category\/aktuelles\/\" rel=\"category tag\">Aktuelles<\/a> <a href=\"http:\/\/www.ffbs.at\/blog\/category\/allgemein\/\" rel=\"category tag\">Allgemein<\/a> <a href=\"http:\/\/www.ffbs.at\/blog\/category\/einsatzuebersicht\/\" rel=\"category tag\">Einsatz\u00fcbersicht<\/a>","rttpg_excerpt":"Mit Windspitzen bis \u00fcber 100 km\/h ist am Dienstag dem 30. November 2021 ein Sturm auch \u00fcber Teile vom Bezirk [&hellip;]","_links":{"self":[{"href":"http:\/\/www.ffbs.at\/blog\/wp-json\/wp\/v2\/posts\/40008","targetHints":{"allow":["GET"]}}],"collection":[{"href":"http:\/\/www.ffbs.at\/blog\/wp-json\/wp\/v2\/posts"}],"about":[{"href":"http:\/\/www.ffbs.at\/blog\/wp-json\/wp\/v2\/types\/post"}],"author":[{"embeddable":true,"href":"http:\/\/www.ffbs.at\/blog\/wp-json\/wp\/v2\/users\/7"}],"replies":[{"embeddable":true,"href":"http:\/\/www.ffbs.at\/blog\/wp-json\/wp\/v2\/comments?post=40008"}],"version-history":[{"count":8,"href":"http:\/\/www.ffbs.at\/blog\/wp-json\/wp\/v2\/posts\/40008\/revisions"}],"predecessor-version":[{"id":40103,"href":"http:\/\/www.ffbs.at\/blog\/wp-json\/wp\/v2\/posts\/40008\/revisions\/40103"}],"wp:attachment":[{"href":"http:\/\/www.ffbs.at\/blog\/wp-json\/wp\/v2\/media?parent=40008"}],"wp:term":[{"taxonomy":"category","embeddable":true,"href":"http:\/\/www.ffbs.at\/blog\/wp-json\/wp\/v2\/categories?post=40008"},{"taxonomy":"post_tag","embeddable":true,"href":"http:\/\/www.ffbs.at\/blog\/wp-json\/wp\/v2\/tags?post=40008"}],"curies":[{"name":"wp","href":"https:\/\/api.w.org\/{rel}","templated":true}]}}