{"id":20149,"date":"2016-12-02T23:59:26","date_gmt":"2016-12-02T22:59:26","guid":{"rendered":"http:\/\/www.ffbs.at\/blog\/?p=20149"},"modified":"2016-12-10T15:59:20","modified_gmt":"2016-12-10T14:59:20","slug":"sturm-theresa-ueber-baden","status":"publish","type":"post","link":"http:\/\/www.ffbs.at\/blog\/sturm-theresa-ueber-baden\/20149\/","title":{"rendered":"Sturm Theresa \u00fcber Baden"},"content":{"rendered":"<p>Sturmtief Theresa forderte rund 80 Feuerwehreins\u00e4tze im Bezirk Baden<\/p>\n<p>Das angek\u00fcndigte Sturmtief Theresa sorgte bereits in den Donnerstag Abendstunden des 01. Dezember 2016 f\u00fcr die ersten wetterbedingten Feuerwehreins\u00e4tze auch im Bezirk Baden.<\/p>\nngg_shortcode_0_placeholder\n<p>Zun\u00e4chst r\u00fcckte mit dem Alarmierungszusatzvermerk \u201eStrommast droht umzust\u00fcrzen&#8220; gegen 20:30 Uhr die Freiwillige Feuerwehr Tribuswinkel aus. Bereits kurze Zeit sp\u00e4ter wird die Feuerwehr Baden-Stadt zum Bahnhof Baden angefordert. Hier hie\u00df es, dass die Eingangst\u00fcre beim Haupteingang durch eine heftige Windb\u00f6e ausgehoben wurde. Dieses stellte sich jedoch als Falschmeldung dar. Au\u00dfer einer besch\u00e4digten T\u00fcre im neuen Parkdeck, konnte kein diesbez\u00fcglich gemeldeter Schaden im Bahnhofsgeb\u00e4ude von der ausger\u00fcckten Feuerwehreinsatzkr\u00e4ften aufgefunden werden. Gegen 22:30 Uhr wird die FF Oberwaltersdorf zu einem Grundst\u00fcck am Schloss See 2 \u00fcber die Feuerwehr Bezirksalarmzentrale Baden alarmiert. Ein verwehtes gro\u00dfes Sprungtrampolin musste gesichert werden. Eine Stunde sp\u00e4ter r\u00fcckt die FF Hirtenberg zu einem umgest\u00fcrzten Baum aus, der im Ortsgebiet in eine \u00f6rtliche Stra\u00dfe ragt.<\/p>\n<p>Fotos: Freiwillige Feuerwehr Baden-Stadt<br \/>\nText: \u00dcbernommen von <a href=\"http:\/\/www.bfkdo-baden.com\" target=\"_blank\">www.bfkdo-baden.com<\/a> \/ EOBI Stefan Schneider &amp; FM Christiane Zw\u00f6lfer<br \/>\nngg_shortcode_1_placeholder<\/p>\n","protected":false},"excerpt":{"rendered":"<p>Sturmtief Theresa forderte rund 80 Feuerwehreins\u00e4tze im Bezirk Baden Das angek\u00fcndigte Sturmtief Theresa sorgte bereits in den Donnerstag Abendstunden des [&hellip;]<\/p>\n","protected":false},"author":2,"featured_media":0,"comment_status":"open","ping_status":"closed","sticky":false,"template":"","format":"standard","meta":{"_uag_custom_page_level_css":"","site-sidebar-layout":"default","site-content-layout":"","ast-site-content-layout":"default","site-content-style":"default","site-sidebar-style":"default","ast-global-header-display":"","ast-banner-title-visibility":"","ast-main-header-display":"","ast-hfb-above-header-display":"","ast-hfb-below-header-display":"","ast-hfb-mobile-header-display":"","site-post-title":"","ast-breadcrumbs-content":"","ast-featured-img":"","footer-sml-layout":"","ast-disable-related-posts":"","theme-transparent-header-meta":"","adv-header-id-meta":"","stick-header-meta":"","header-above-stick-meta":"","header-main-stick-meta":"","header-below-stick-meta":"","astra-migrate-meta-layouts":"default","ast-page-background-enabled":"default","ast-page-background-meta":{"desktop":{"background-color":"var(--ast-global-color-4)","background-image":"","background-repeat":"repeat","background-position":"center center","background-size":"auto","background-attachment":"scroll","background-type":"","background-media":"","overlay-type":"","overlay-color":"","overlay-opacity":"","overlay-gradient":""},"tablet":{"background-color":"","background-image":"","background-repeat":"repeat","background-position":"center center","background-size":"auto","background-attachment":"scroll","background-type":"","background-media":"","overlay-type":"","overlay-color":"","overlay-opacity":"","overlay-gradient":""},"mobile":{"background-color":"","background-image":"","background-repeat":"repeat","background-position":"center center","background-size":"auto","background-attachment":"scroll","background-type":"","background-media":"","overlay-type":"","overlay-color":"","overlay-opacity":"","overlay-gradient":""}},"ast-content-background-meta":{"desktop":{"background-color":"var(--ast-global-color-5)","background-image":"","background-repeat":"repeat","background-position":"center center","background-size":"auto","background-attachment":"scroll","background-type":"","background-media":"","overlay-type":"","overlay-color":"","overlay-opacity":"","overlay-gradient":""},"tablet":{"background-color":"var(--ast-global-color-5)","background-image":"","background-repeat":"repeat","background-position":"center center","background-size":"auto","background-attachment":"scroll","background-type":"","background-media":"","overlay-type":"","overlay-color":"","overlay-opacity":"","overlay-gradient":""},"mobile":{"background-color":"var(--ast-global-color-5)","background-image":"","background-repeat":"repeat","background-position":"center center","background-size":"auto","background-attachment":"scroll","background-type":"","background-media":"","overlay-type":"","overlay-color":"","overlay-opacity":"","overlay-gradient":""}},"ngg_post_thumbnail":0,"footnotes":""},"categories":[3,1],"tags":[],"class_list":["post-20149","post","type-post","status-publish","format-standard","hentry","category-aktuelles","category-allgemein"],"uagb_featured_image_src":{"full":false,"thumbnail":false,"medium":false,"medium_large":false,"large":false,"1536x1536":false,"2048x2048":false,"tp-image-grid":false},"uagb_author_info":{"display_name":"Michael Rampl","author_link":"http:\/\/www.ffbs.at\/blog\/author\/rampl\/"},"uagb_comment_info":0,"uagb_excerpt":"Sturmtief Theresa forderte rund 80 Feuerwehreins\u00e4tze im Bezirk Baden Das angek\u00fcndigte Sturmtief Theresa sorgte bereits in den Donnerstag Abendstunden des [&hellip;]","rttpg_featured_image_url":null,"rttpg_author":{"display_name":"Michael Rampl","author_link":"http:\/\/www.ffbs.at\/blog\/author\/rampl\/"},"rttpg_comment":0,"rttpg_category":"<a href=\"http:\/\/www.ffbs.at\/blog\/category\/aktuelles\/\" rel=\"category tag\">Aktuelles<\/a> <a href=\"http:\/\/www.ffbs.at\/blog\/category\/allgemein\/\" rel=\"category tag\">Allgemein<\/a>","rttpg_excerpt":"Sturmtief Theresa forderte rund 80 Feuerwehreins\u00e4tze im Bezirk Baden Das angek\u00fcndigte Sturmtief Theresa sorgte bereits in den Donnerstag Abendstunden des [&hellip;]","_links":{"self":[{"href":"http:\/\/www.ffbs.at\/blog\/wp-json\/wp\/v2\/posts\/20149","targetHints":{"allow":["GET"]}}],"collection":[{"href":"http:\/\/www.ffbs.at\/blog\/wp-json\/wp\/v2\/posts"}],"about":[{"href":"http:\/\/www.ffbs.at\/blog\/wp-json\/wp\/v2\/types\/post"}],"author":[{"embeddable":true,"href":"http:\/\/www.ffbs.at\/blog\/wp-json\/wp\/v2\/users\/2"}],"replies":[{"embeddable":true,"href":"http:\/\/www.ffbs.at\/blog\/wp-json\/wp\/v2\/comments?post=20149"}],"version-history":[{"count":4,"href":"http:\/\/www.ffbs.at\/blog\/wp-json\/wp\/v2\/posts\/20149\/revisions"}],"predecessor-version":[{"id":20397,"href":"http:\/\/www.ffbs.at\/blog\/wp-json\/wp\/v2\/posts\/20149\/revisions\/20397"}],"wp:attachment":[{"href":"http:\/\/www.ffbs.at\/blog\/wp-json\/wp\/v2\/media?parent=20149"}],"wp:term":[{"taxonomy":"category","embeddable":true,"href":"http:\/\/www.ffbs.at\/blog\/wp-json\/wp\/v2\/categories?post=20149"},{"taxonomy":"post_tag","embeddable":true,"href":"http:\/\/www.ffbs.at\/blog\/wp-json\/wp\/v2\/tags?post=20149"}],"curies":[{"name":"wp","href":"https:\/\/api.w.org\/{rel}","templated":true}]}}