{"id":20078,"date":"2016-11-21T23:59:07","date_gmt":"2016-11-21T22:59:07","guid":{"rendered":"http:\/\/www.ffbs.at\/blog\/?p=20078"},"modified":"2016-12-10T15:59:47","modified_gmt":"2016-12-10T14:59:47","slug":"fahrzeugbergung-aus-dem-waldgebiet-im-kurpark-baden","status":"publish","type":"post","link":"http:\/\/www.ffbs.at\/blog\/fahrzeugbergung-aus-dem-waldgebiet-im-kurpark-baden\/20078\/","title":{"rendered":"Fahrzeugbergung aus dem Waldgebiet im Kurpark Baden"},"content":{"rendered":"<p>Das Feuerwehren des \u00d6fteren auch im st\u00e4dtischen Bereich zu besonderen dubiosen Eins\u00e4tzen ausr\u00fccken, ist ja eigentlich nichts Neues! Auch die Florianis der Badener Stadtfeuerwehr k\u00f6nnen dar\u00fcber einiges aus den letzten Jahren vermehrt berichten.<\/p>\n<p>ngg_shortcode_0_placeholder<br \/>\nPkw Bergung aus dem Waldgebiet Kurpark Baden Bereich Anna H\u00f6he Foto: \u00a9 2016 Google-Map<\/p>\n<p>Am Montag kurz nach Mittag war es wieder einmal so weit. Als die Alarmpager der Einsatzmannschaft mit der Alarmmeldung \u201eFahrzeugbergung aus dem Badener Kurpark im Bereich Anna H\u00f6he&#8220; anschlugen, waren es vor allem den einsatzerfahrenen Kameraden der Freiwilligen Feuerwehr Baden-Stadt schnell klar, was auf sie vermutlich zukommen wird.<\/p>\n<p>Zuvor meldete sich \u00fcber Notruf 122 bei der Feuerwehr Bezirksalarmzentrale Baden eine 77-j\u00e4hrige Frau, die angab sie habe sich mit ihren Pkw aus dem Bezirk M\u00f6dling verfahren, steht mitten im Wald und ersucht um Hilfe. Zus\u00e4tzlich kam auch noch hinzu, dass nun auch die Kupplung des Fahrzeuges defekt sei und sie nicht genau wusste wo sie sich befand. Durch gezieltes laufendes Abfragen des diensthabenden Leitstellendisponenten der Bezirksalarmzentrale konnte dann nach einigen Minuten ein ungef\u00e4hrer Standort (im Bereich der Anna H\u00f6he) ermittelt werden. Die Rentnerin wurde durch weitere telefonische Hilfestellung bzw. Anweisungen des Leitstellendisponenten zu einem bestimmten Punkt im weitl\u00e4ufigen Kurpark gelotst, wo sie auf das Eintreffen der Feuerwehr abwarten soll.<\/p>\n<p>Nachdem den anr\u00fcckenden Feuerwehr-Einsatzkr\u00e4ften der vereinbarte Treffpunkt auf einem der Wanderwege N\u00e4he der Welzergasse \u00fcbermittelt wurde, konnte dann die Dame mitten im Kurpark auch aufgefunden werden. Zum Gl\u00fcck konnte sie dann den Feuerwehr-Einsatzleiter nach einem ca. 15min\u00fctigen weiteren Fu\u00dfmarsch \u00fcber Waldwege zu ihren abgestellten Pkw hin lotsten. Die Erkundung ergab jedoch, dass bis dorthin keine Zufahrt mit einem Einsatzfahrzeug m\u00f6glich war.<\/p>\n<p>\u00dcber Funk wurde die in der Zwischenzeit im Bereich Rudolfshof zuwartenden restlichen Feuerwehrleute informiert, wie weit ein Zufahren \u00fcber einen Hauptweg mit den kleineren Einsatzfahrzeugen im Waldgebiet m\u00f6glich ist. Von dort an hie\u00df es dann ebenfalls f\u00fcr alle Florianis den Fu\u00dfmarsch anzutreten.<\/p>\n<p>Mit Muskelkraft musste dann einmal der nur mehr rollf\u00e4hige Pkw Marke VW Golf auf einem schmalen Wanderweg bergauf r\u00fcckw\u00e4rts geschoben werden, wo er dann einmal gewendet werden konnte.<\/p>\n<p>Ab hier ging es zum Gl\u00fcck flacher weiter. Es mussten aber noch mehrere Engstellen entlang des Waldweges gemeistert werden, bis der Pkw auf einem breiteren Hauptweg im Wald zwischengeparkt werden konnte.<br \/>\nVon dort schleppte ein Einsatzfahrzeug das defekte Fahrzeug noch zum Parkplatz Rudolfshof, wo dieses gesichert abgestellt wurde.<\/p>\n<p>Die 12 ausger\u00fcckten freiwilligen Feuerwehrleute der FF Baden-Stadt konnten den k\u00f6rperlich sehr anstrengenden Einsatz nach ca. 1 \u00bd Stunden beenden, um anschlie\u00dfend wieder zu ihren Arbeitsst\u00e4tten zur\u00fcckzukehren.<br \/>\nBericht: Stefan Schneider \u00d6A Team FF Baden-Stadt<\/p>\n<p>Text &amp; Fotos: Freiwillige Feuerwehr Baden-Stadt<br \/>\nngg_shortcode_1_placeholder<\/p>\n","protected":false},"excerpt":{"rendered":"<p>Das Feuerwehren des \u00d6fteren auch im st\u00e4dtischen Bereich zu besonderen dubiosen Eins\u00e4tzen ausr\u00fccken, ist ja eigentlich nichts Neues! Auch die [&hellip;]<\/p>\n","protected":false},"author":2,"featured_media":0,"comment_status":"open","ping_status":"closed","sticky":false,"template":"","format":"standard","meta":{"_uag_custom_page_level_css":"","site-sidebar-layout":"default","site-content-layout":"","ast-site-content-layout":"default","site-content-style":"default","site-sidebar-style":"default","ast-global-header-display":"","ast-banner-title-visibility":"","ast-main-header-display":"","ast-hfb-above-header-display":"","ast-hfb-below-header-display":"","ast-hfb-mobile-header-display":"","site-post-title":"","ast-breadcrumbs-content":"","ast-featured-img":"","footer-sml-layout":"","ast-disable-related-posts":"","theme-transparent-header-meta":"","adv-header-id-meta":"","stick-header-meta":"","header-above-stick-meta":"","header-main-stick-meta":"","header-below-stick-meta":"","astra-migrate-meta-layouts":"default","ast-page-background-enabled":"default","ast-page-background-meta":{"desktop":{"background-color":"var(--ast-global-color-4)","background-image":"","background-repeat":"repeat","background-position":"center center","background-size":"auto","background-attachment":"scroll","background-type":"","background-media":"","overlay-type":"","overlay-color":"","overlay-opacity":"","overlay-gradient":""},"tablet":{"background-color":"","background-image":"","background-repeat":"repeat","background-position":"center center","background-size":"auto","background-attachment":"scroll","background-type":"","background-media":"","overlay-type":"","overlay-color":"","overlay-opacity":"","overlay-gradient":""},"mobile":{"background-color":"","background-image":"","background-repeat":"repeat","background-position":"center center","background-size":"auto","background-attachment":"scroll","background-type":"","background-media":"","overlay-type":"","overlay-color":"","overlay-opacity":"","overlay-gradient":""}},"ast-content-background-meta":{"desktop":{"background-color":"var(--ast-global-color-5)","background-image":"","background-repeat":"repeat","background-position":"center center","background-size":"auto","background-attachment":"scroll","background-type":"","background-media":"","overlay-type":"","overlay-color":"","overlay-opacity":"","overlay-gradient":""},"tablet":{"background-color":"var(--ast-global-color-5)","background-image":"","background-repeat":"repeat","background-position":"center center","background-size":"auto","background-attachment":"scroll","background-type":"","background-media":"","overlay-type":"","overlay-color":"","overlay-opacity":"","overlay-gradient":""},"mobile":{"background-color":"var(--ast-global-color-5)","background-image":"","background-repeat":"repeat","background-position":"center center","background-size":"auto","background-attachment":"scroll","background-type":"","background-media":"","overlay-type":"","overlay-color":"","overlay-opacity":"","overlay-gradient":""}},"ngg_post_thumbnail":0,"footnotes":""},"categories":[3,1],"tags":[],"class_list":["post-20078","post","type-post","status-publish","format-standard","hentry","category-aktuelles","category-allgemein"],"uagb_featured_image_src":{"full":false,"thumbnail":false,"medium":false,"medium_large":false,"large":false,"1536x1536":false,"2048x2048":false,"tp-image-grid":false},"uagb_author_info":{"display_name":"Michael Rampl","author_link":"http:\/\/www.ffbs.at\/blog\/author\/rampl\/"},"uagb_comment_info":0,"uagb_excerpt":"Das Feuerwehren des \u00d6fteren auch im st\u00e4dtischen Bereich zu besonderen dubiosen Eins\u00e4tzen ausr\u00fccken, ist ja eigentlich nichts Neues! Auch die [&hellip;]","rttpg_featured_image_url":null,"rttpg_author":{"display_name":"Michael Rampl","author_link":"http:\/\/www.ffbs.at\/blog\/author\/rampl\/"},"rttpg_comment":0,"rttpg_category":"<a href=\"http:\/\/www.ffbs.at\/blog\/category\/aktuelles\/\" rel=\"category tag\">Aktuelles<\/a> <a href=\"http:\/\/www.ffbs.at\/blog\/category\/allgemein\/\" rel=\"category tag\">Allgemein<\/a>","rttpg_excerpt":"Das Feuerwehren des \u00d6fteren auch im st\u00e4dtischen Bereich zu besonderen dubiosen Eins\u00e4tzen ausr\u00fccken, ist ja eigentlich nichts Neues! Auch die [&hellip;]","_links":{"self":[{"href":"http:\/\/www.ffbs.at\/blog\/wp-json\/wp\/v2\/posts\/20078","targetHints":{"allow":["GET"]}}],"collection":[{"href":"http:\/\/www.ffbs.at\/blog\/wp-json\/wp\/v2\/posts"}],"about":[{"href":"http:\/\/www.ffbs.at\/blog\/wp-json\/wp\/v2\/types\/post"}],"author":[{"embeddable":true,"href":"http:\/\/www.ffbs.at\/blog\/wp-json\/wp\/v2\/users\/2"}],"replies":[{"embeddable":true,"href":"http:\/\/www.ffbs.at\/blog\/wp-json\/wp\/v2\/comments?post=20078"}],"version-history":[{"count":2,"href":"http:\/\/www.ffbs.at\/blog\/wp-json\/wp\/v2\/posts\/20078\/revisions"}],"predecessor-version":[{"id":20398,"href":"http:\/\/www.ffbs.at\/blog\/wp-json\/wp\/v2\/posts\/20078\/revisions\/20398"}],"wp:attachment":[{"href":"http:\/\/www.ffbs.at\/blog\/wp-json\/wp\/v2\/media?parent=20078"}],"wp:term":[{"taxonomy":"category","embeddable":true,"href":"http:\/\/www.ffbs.at\/blog\/wp-json\/wp\/v2\/categories?post=20078"},{"taxonomy":"post_tag","embeddable":true,"href":"http:\/\/www.ffbs.at\/blog\/wp-json\/wp\/v2\/tags?post=20078"}],"curies":[{"name":"wp","href":"https:\/\/api.w.org\/{rel}","templated":true}]}}